{"id":196921,"date":"2026-01-10T00:28:16","date_gmt":"2026-01-10T00:28:16","guid":{"rendered":"https:\/\/www.europesays.com\/pl\/196921\/"},"modified":"2026-01-10T00:28:16","modified_gmt":"2026-01-10T00:28:16","slug":"zawrotna-cena-wycieczki-z-edyta-i-cezarym-pazurami-podana-w-dolarach-dlaczego","status":"publish","type":"post","link":"https:\/\/www.europesays.com\/pl\/196921\/","title":{"rendered":"Zawrotna cena wycieczki z Edyt\u0105 i Cezarym Pazurami podana w dolarach. Dlaczego?"},"content":{"rendered":"<p class=\"Paragraph_desktopParagraph__U31Gm\"><a href=\"https:\/\/plejada.pl\/temat\/cezary-pazura-aktor\/rrb7hf3\" id=\"58974d56-3812-42e1-aaf2-41ec2ef91e3f\" rel=\"nofollow noopener\" target=\"_blank\">Cezary i <\/a><a href=\"https:\/\/plejada.pl\/temat\/edyta-pazura\/g68smgv\" id=\"ba5e0dcb-cf62-4f35-ab52-ca8d684e4e2c\" rel=\"nofollow noopener\" target=\"_blank\">Edyta Pazurowie<\/a> nie ukrywaj\u0105, \u017ce kochaj\u0105 podr\u00f3\u017cowa\u0107. Ma\u0142\u017conkowie od lat zwiedzaj\u0105 najdalsze zak\u0105tki \u015bwiata. Niedawno para og\u0142osi\u0142a wsp\u00f3lny wakacyjny wyjazd, tym razem z udzia\u0142em uczestnik\u00f3w biura podr\u00f3\u017cy Sky Dreams. To nie pierwsza wsp\u00f3\u0142praca pary ze wspomnian\u0105 plac\u00f3wk\u0105. W listopadzie <a href=\"https:\/\/plejada.pl\/newsy\/wakacje-z-edyta-i-cezarym-pazurami-za-165-tys-zl-ich-udzial-bedzie-szczegolny\/c31htv7\" id=\"155112c1-2df8-4a3b-bf5e-be1b280dc9b7\" rel=\"nofollow noopener\" target=\"_blank\">odwiedzili z 15-osobow\u0105 grup\u0105 Bali<\/a>. Jak si\u0119 okazuje, za niespe\u0142na rok odb\u0119dzie si\u0119 kolejny trip.<\/p>\n<ul class=\"OchatFollowUps_wrapper__1ry7X\">\n<li class=\"OchatFollowUps_item__Dhyly OchatFollowUps_itemDesktop__R6aBv\">Ile kosztuje wycieczka z Pazurami?<\/li>\n<li class=\"OchatFollowUps_item__Dhyly OchatFollowUps_itemDesktop__R6aBv\">Kiedy odb\u0119dzie si\u0119 wycieczka na Sri Lank\u0119 i Malediwy?<\/li>\n<li class=\"OchatFollowUps_item__Dhyly OchatFollowUps_itemDesktop__R6aBv\">Ilu uczestnik\u00f3w mo\u017ce wzi\u0105\u0107 udzia\u0142 w wycieczce?<\/li>\n<li class=\"OchatFollowUps_item__Dhyly OchatFollowUps_itemDesktop__R6aBv\">Dlaczego cena wycieczki podana jest w dolarach?<\/li>\n<\/ul>\n<p>&#8222;Trzon grupy jest sta\u0142y&#8221;. W\u0142a\u015bcicielka biura o wakacjach z Edyt\u0105 i Cezarym Pazurami <\/p>\n<p class=\"Paragraph_desktopParagraph__U31Gm\">W programie 10-dniowego pobytu przewidziano szereg atrakcji, kt\u00f3re maj\u0105 zagwarantowa\u0107 uczestnikom maksymalny komfort i relaks. Uczestnicy wycieczki b\u0119d\u0105 zakwaterowani w pi\u0119ciogwiazdkowym hotelu, a ich pobyt umil\u0105 posi\u0142ki w wysokiej jako\u015bci restauracjach, masa\u017ce ayurwedyjskie, zwiedzanie lokalnych zabytk\u00f3w, a tak\u017ce opieka polskoj\u0119zycznego przewodnika. Nie zabraknie r\u00f3wnie\u017c transferu z i na lotnisko. Wszystko to w towarzystwie Cezarego i Edyty Pazur\u00f3w, co dla wielu fan\u00f3w aktora mo\u017ce by\u0107 dodatkowym wabikiem.<\/p>\n<p class=\"Paragraph_desktopParagraph__U31Gm\">Jednak luksusowe wakacje z celebrytami nie nale\u017c\u0105 do najta\u0144szych. Oferta jest dro\u017csza ni\u017c poprzednia \u2014 wakacje na Sri Lance i Malediwach wyceniono na 5,9 tys. dol., co w przeliczeniu daje ponad 21,5 tys. z\u0142. Nale\u017cy jednak pami\u0119ta\u0107, \u017ce w tej kwocie nie s\u0105 zawarte koszty przelotu na trasie Warszawa-Sri Lanka.<\/p>\n<p class=\"Paragraph_desktopParagraph__U31Gm\">Anna Nowotna-Nadziejko, w\u0142a\u015bcicielka biura podr\u00f3\u017cy organizuj\u0105cego wyjazd, w rozmowie z Plejad\u0105 zdradza, \u017ce cho\u0107 do wycieczki zosta\u0142 jeszcze prawie rok, to ju\u017c zamkn\u0119\u0142a list\u0119 uczestnik\u00f3w.<\/p>\n<p class=\"Paragraph_desktopParagraph__U31Gm\">\u2014 To ju\u017c nasz czwarty wsp\u00f3lny wyjazd. Zainteresowanie tym razem, je\u015bli chodzi o kierunek, by\u0142o naprawd\u0119 bardzo du\u017ce. Dodatkowym elementem, kt\u00f3ry teraz do\u0142\u0105czyli\u015bmy do promocji tego wydarzenia, by\u0142 live, kt\u00f3ry zorganizowali\u015bmy. Edyta z Czarkiem byli na Sri Lance, aktualnie s\u0105 na Malediwach, czyli w miejscach, do kt\u00f3rych b\u0119dziemy zabiera\u0107 w listopadzie uczestnik\u00f3w naszego wyjazdu \u2014 m\u00f3wi na wst\u0119pie.<\/p>\n<blockquote>\n<p class=\"Paragraph_desktopParagraph__U31Gm\">Trzon grupy zawsze jest sta\u0142y. Zawi\u0105za\u0142y si\u0119 mi\u0119dzy nami niesamowite przyja\u017anie. Natomiast dosz\u0142o kilka dodatkowych, nowych os\u00f3b, co te\u017c nas bardzo cieszy<\/p>\n<\/blockquote>\n<p class=\"Paragraph_desktopParagraph__U31Gm\">\u2014 dodaje Nowotna-Nadziejko.<\/p>\n<p class=\"Paragraph_desktopParagraph__U31Gm\">Dlaczego na wczasy z Edyt\u0105 i Pazurami mo\u017ce jecha\u0107 tylko 15 os\u00f3b? \u2014 Przede wszystkim chcemy utrzyma\u0107 kameralny charakter tych wyjazd\u00f3w. Du\u017ca grupa nie jest w stanie wej\u015b\u0107 wsz\u0119dzie. Nam zale\u017cy, \u017ceby to by\u0142y wyj\u0105tkowe miejsca. Poza tym atrakcje i program, kt\u00f3ry przygotowujemy \u2014 przy du\u017cej grupie nie byliby\u015bmy w stanie tego zrealizowa\u0107 \u2014 t\u0142umaczy w\u0142a\u015bcicielka biura.<\/p>\n<p class=\"Paragraph_desktopParagraph__U31Gm\">Ciekawo\u015b\u0107 wzbudzi\u0142a cena, kt\u00f3ra zosta\u0142a podana w dolarach. Anna Nowotna-Nadziejko wyja\u015bnia, \u017ce taka decyzja zosta\u0142a podj\u0119ta przez wzgl\u0105d na zmienny rynek walutowy.<\/p>\n<blockquote>\n<p class=\"Paragraph_desktopParagraph__U31Gm\">Cena podana jest w dolarach, dlatego \u017ce rynek walutowy bardzo dynamicznie si\u0119 zmienia. Poniewa\u017c wyjazd jest za par\u0119 miesi\u0119cy, nie wiemy, co si\u0119 wydarzy. Waluta, w kt\u00f3rej rozliczamy si\u0119 na miejscu, to dolary i st\u0105d te\u017c podj\u0119li\u015bmy tak\u0105 decyzj\u0119. Natomiast je\u015bli uczestnicy maj\u0105 takie \u017cyczenie, mog\u0105 rozlicza\u0107 si\u0119 z nami w z\u0142ot\u00f3wkach<\/p>\n<\/blockquote>\n<p class=\"Paragraph_desktopParagraph__U31Gm\">\u2014 podkre\u015bla.<\/p>\n<p class=\"Paragraph_desktopParagraph__U31Gm\">Cho\u0107 mog\u0142oby si\u0119 wydawa\u0107, \u017ce wsp\u00f3lne wakacje z Edyt\u0105 i Cezarym Pazurami to tylko chwyt marketingowy, to w\u0142a\u015bcicielka biura zapewnia, \u017ce relacje mi\u0119dzy gwiazdorsk\u0105 par\u0105 a uczestnikami s\u0105 bardzo otwarte.<\/p>\n<p class=\"Paragraph_desktopParagraph__U31Gm\">\u2014 To nie jest tak, \u017ce widzimy si\u0119 tylko na wyje\u017adzie. Umawiamy si\u0119 razem na sztuki w teatrze. Teraz ch\u0142opaki jad\u0105 razem na narty. Nie ma \u017cadnej bariery czy dystansu. Jedna z uczestniczek m\u00f3wi\u0142a o tym, \u017ce mia\u0142a na pocz\u0105tku obawy, czy tak nie b\u0119dzie, ale bardzo szybko je rozwijali\u015bmy \u2014 zdradza Anna Nowotna-Nadziejko.<\/p>\n<blockquote>\n<p class=\"Paragraph_desktopParagraph__U31Gm\">Wszyscy jeste\u015bmy jedn\u0105 grup\u0105, fajn\u0105 ekip\u0105. Mamy pewne sta\u0142e punkty programu, kt\u00f3re uwielbiamy \u2014 wsp\u00f3lna gra w kalambury czy karaoke, ale co roku zawsze jest co\u015b innego. W trakcie wyjazdu tworz\u0105 si\u0119 kolejne pomys\u0142y i projekty, tak \u017ce mam nadziej\u0119, \u017ce i tym razem tak b\u0119dzie<\/p>\n<\/blockquote>\n<p class=\"Paragraph_desktopParagraph__U31Gm\">\u2014 podsumowuje.<\/p>\n<p class=\"Paragraph_desktopParagraph__U31Gm\">Dzi\u0119kujemy, \u017ce przeczyta\u0142a\u015b\/e\u015b nasz artyku\u0142 do ko\u0144ca. W serwisie Plejada.pl ka\u017cdego dnia piszemy o najwa\u017cniejszych wydarzeniach show-biznesowych. B\u0105d\u017a na bie\u017c\u0105co! <a rel=\"nofollow noopener\" href=\"https:\/\/profile.google.com\/cp\/Cg0vZy8xMWJ6X19wdHBx\" id=\"222bd899-66cd-485e-8fa5-1a2399a629b3\" target=\"_blank\">Obserwuj<\/a> Plejad\u0119 w Google. Odwied\u017a nas tak\u017ce na <a rel=\"nofollow noopener\" href=\"https:\/\/www.facebook.com\/plejadapl\" id=\"40ee8d33-5862-4ac5-8427-8cf1d2d558b4\" target=\"_blank\">Facebooku<\/a>, <a rel=\"nofollow noopener\" href=\"https:\/\/www.instagram.com\/plejadapl\/\" id=\"c3ad60c1-e24e-4c27-b504-3a45c131fbe3\" target=\"_blank\">Instagramie<\/a>, <a rel=\"nofollow noopener\" href=\"https:\/\/www.youtube.com\/c\/plejada\" id=\"b549c980-f2ce-461e-908a-bbc937921778\" target=\"_blank\">YouTubie<\/a> oraz <a rel=\"nofollow noopener\" href=\"https:\/\/www.tiktok.com\/@plejada_pl\" id=\"e6549051-1857-4e19-b99e-3179a33bed40\" target=\"_blank\">TikToku<\/a>.<\/p>\n<p class=\"Paragraph_desktopParagraph__U31Gm\">Chcesz podzieli\u0107 si\u0119 ciekawym newsem lub zaproponowa\u0107 temat? Skontaktuj si\u0119 z nami, pisz\u0105c maila na adres: <a href=\"https:\/\/www.onet.pl\/styl-zycia\/plejada\/zawrotna-cena-wycieczki-z-edyta-i-cezarym-pazurami-podana-w-dolarach-dlaczego\/mailto:plejada@redakcjaonet.pl\" id=\"914f26b9-4e73-4443-b9ac-01c04c0fc02f\" rel=\"nofollow noopener\" target=\"_blank\">plejada@redakcjaon<\/a><a rel=\"nofollow noopener\" href=\"http:\/\/et.pl\" id=\"aab95eb8-52f3-42f4-9957-2ee5e1e9f890\" target=\"_blank\">et.pl<\/a>.<\/p>\n<p><script async src=\"\/\/www.instagram.com\/embed.js\"><\/script><script async src=\"\/\/www.tiktok.com\/embed.js\"><\/script><\/p>\n","protected":false},"excerpt":{"rendered":"Cezary i Edyta Pazurowie nie ukrywaj\u0105, \u017ce kochaj\u0105 podr\u00f3\u017cowa\u0107. Ma\u0142\u017conkowie od lat zwiedzaj\u0105 najdalsze zak\u0105tki \u015bwiata. Niedawno para&hellip;\n","protected":false},"author":2,"featured_media":196922,"comment_status":"","ping_status":"","sticky":false,"template":"","format":"standard","meta":{"footnotes":""},"categories":[22],"tags":[25142,244,22269,122,67,19892,53,52,68,51,55,42,28441,38,40,39,41,123,47,31355,196,341,338,65,50],"class_list":{"0":"post-196921","1":"post","2":"type-post","3":"status-publish","4":"format-standard","5":"has-post-thumbnail","7":"category-rozrywka","8":"tag-cezary_pazura_aktor","9":"tag-ctr_tst","10":"tag-edyta_pazura","11":"tag-entertainment","12":"tag-intextvideo_splayer","13":"tag-malediwy","14":"tag-new_header","15":"tag-onet3","16":"tag-onet3d","17":"tag-onet3d_2i","18":"tag-phx","19":"tag-pl","20":"tag-podrozowanie","21":"tag-poland","22":"tag-polish","23":"tag-polska","24":"tag-polski","25":"tag-rozrywka","26":"tag-screening_general","27":"tag-sri_lanka","28":"tag-styl_zycia","29":"tag-tylko_w_onecie","30":"tag-tylko_w_plejadzie","31":"tag-update_me","32":"tag-v2021"},"share_on_mastodon":{"url":"https:\/\/pubeurope.com\/@pl\/115867975859153227","error":""},"_links":{"self":[{"href":"https:\/\/www.europesays.com\/pl\/wp-json\/wp\/v2\/posts\/196921","targetHints":{"allow":["GET"]}}],"collection":[{"href":"https:\/\/www.europesays.com\/pl\/wp-json\/wp\/v2\/posts"}],"about":[{"href":"https:\/\/www.europesays.com\/pl\/wp-json\/wp\/v2\/types\/post"}],"author":[{"embeddable":true,"href":"https:\/\/www.europesays.com\/pl\/wp-json\/wp\/v2\/users\/2"}],"replies":[{"embeddable":true,"href":"https:\/\/www.europesays.com\/pl\/wp-json\/wp\/v2\/comments?post=196921"}],"version-history":[{"count":0,"href":"https:\/\/www.europesays.com\/pl\/wp-json\/wp\/v2\/posts\/196921\/revisions"}],"wp:featuredmedia":[{"embeddable":true,"href":"https:\/\/www.europesays.com\/pl\/wp-json\/wp\/v2\/media\/196922"}],"wp:attachment":[{"href":"https:\/\/www.europesays.com\/pl\/wp-json\/wp\/v2\/media?parent=196921"}],"wp:term":[{"taxonomy":"category","embeddable":true,"href":"https:\/\/www.europesays.com\/pl\/wp-json\/wp\/v2\/categories?post=196921"},{"taxonomy":"post_tag","embeddable":true,"href":"https:\/\/www.europesays.com\/pl\/wp-json\/wp\/v2\/tags?post=196921"}],"curies":[{"name":"wp","href":"https:\/\/api.w.org\/{rel}","templated":true}]}}