{"id":196954,"date":"2026-01-10T01:16:08","date_gmt":"2026-01-10T01:16:08","guid":{"rendered":"https:\/\/www.europesays.com\/pl\/196954\/"},"modified":"2026-01-10T01:16:08","modified_gmt":"2026-01-10T01:16:08","slug":"damian-zurek-mistrzem-europy-w-lyzwiarstwie-szybkim-na-1000-metrow-sport-tvp-pl","status":"publish","type":"post","link":"https:\/\/www.europesays.com\/pl\/196954\/","title":{"rendered":"Damian \u017burek mistrzem Europy w \u0142y\u017cwiarstwie szybkim na 1000 metr\u00f3w &#8211; sport.tvp.pl"},"content":{"rendered":"<ol>\n<li><a href=\"https:\/\/news.google.com\/rss\/articles\/CBMinAFBVV95cUxQZUxoRUxFOEJ1ZzZGY3owaXU3WUNLUjBTOWtId0c3aUp3T1p5SWlLNDBSNjJNRkREeUlxVjdfOG4wZkhERTFneXVZX05DYVVpWmpab0piVTl0dlJGMzlRSXprdXZFU09IaXlzV2NzaENvVVAwYmN2X1FIdEJHSE1NcHoxT2lucGNOQTNtTjNoODNUUFVLbzdld2l2Y1TSAaIBQVVfeXFMTldBdEFDUHNESS1YeDc0WWV6eUN5MDFkQWxEajU0RWVpR2VYSXNCMmM2TXdJVFJldDRvcGxuQ0FLMG5vSU9rNlhOaW1nMVVidlVFMWZ6OTZTNkV6LUJpU2JOTUFBblFveXdNQ0UxZl9PZ0xJYWxWX1ZZTDBHU3FqejFERkJMRG0xN2FJMm5zbFY1Z2thTXVkU0c2SmJDWEZYZmxn?oc=5\" target=\"_blank\" rel=\"nofollow noopener\">Damian \u017burek mistrzem Europy w \u0142y\u017cwiarstwie szybkim na 1000 metr\u00f3w<\/a>&nbsp;&nbsp;sport.tvp.pl<\/li>\n<li><a href=\"https:\/\/news.google.com\/rss\/articles\/CBMiwgFBVV95cUxPZWJMRHM4N2t1ckh0RVZoUDBGQ1dhWEppYWx4d1FKSU51N3JCUGxiWXVvaVVuQ1M2b0hJajUyMkhINXpDV0ZRQnlwdEVWMWhsWGViMEFfNURpWDlTRnExbDNMcTktSGQxam5TQmlnOTRlaHo4QmdTRjdrdzlONkctX2w1cjVrNzg3VnBlRHJPSHFSSW5xRkdPc1Byck5Td3gtZHpIMHU5LTdqTkFkNEJOVS1NYjhacWRQRmI3RElzeGdlUQ?oc=5\" target=\"_blank\" rel=\"nofollow noopener\">Z\u0142oto! Polak mistrzem Europy! Wielka forma przed igrzyskami<\/a>&nbsp;&nbsp;Przegl\u0105d Sportowy Onet<\/li>\n<li><a href=\"https:\/\/news.google.com\/rss\/articles\/CBMirwFBVV95cUxONlpTY0U0aEN5amRydmczS05ULUV1dWpRMk9ENFhveGxpSG5wLTVBZ3FfTFoxQkg0RlRReVdGMWhNbDdtS0tIT1lSdGxPRjZJcVJVWnNEZldjRnMteVEwNVo4TlFLZVZIbGx1NnJWRTFRRnhYRlAtOEtxMTd3ZHpiRnkydkxnMVJBWDVzQjVibEpEeW5lZDBUTVdNNkM3LURsbUVXc01DVHBuN3kzUnVj?oc=5\" target=\"_blank\" rel=\"nofollow noopener\">Fenomenalne otwarcie mistrzostw Europy. &#8222;Bia\u0142o-czerwone&#8221; ze z\u0142otym medalem<\/a>&nbsp;&nbsp;Sport w INTERIA.PL<\/li>\n<li><a href=\"https:\/\/news.google.com\/rss\/articles\/CBMitgFBVV95cUxNSlNJZWVNUUUzYXVZUUpfRjJqS2RQM1RVTUlDWmNHSHdqWGdRbGJfWlZhLUhGaENFN2lQTXVndDIyN0R6TklOcDRVLXBkNG9udnlpQWNZNW9IWHVzM3VNanZSTnpTY2ZxZUFtckpQRUpsNm95R3VwSE85XzF1VE9wUUhWR25ydXZjeGVWU2FmWlRNb2tNdHdoQmt2ZUxTR09rQS03c2pmbkNnUUZ5WldnRTBoSGJUZw?oc=5\" target=\"_blank\" rel=\"nofollow noopener\">Polak z kolejnym z\u0142otem! Zobacz klasyfikacj\u0119 medalow\u0105 ME<\/a>&nbsp;&nbsp;SportoweFakty<\/li>\n<li><a href=\"https:\/\/news.google.com\/rss\/articles\/CBMixAFBVV95cUxNaXgtNlN0Vk9kS29wS014SG41Ql9pSVVVTGRQTzNsS1dLc0lpWHlCcmJhVGdiVHRtUk16bDVWM0RjTWxZSDZOQVdCQldrMFQ2UDVKcmdrNEtna0VDRXZZT1RaV1FCV1dkeldyNE51S1RDLXphTk9LV0NjYVZsTnVvN3RpeFBraERKOXBDSVU2UldTSnZRaFAxOUh2ejdLZUtEc2ZodTRLQ0dJUVphSHJWQVRUdEtfSUlNbFlza3FJLWFZZGpq0gHKAUFVX3lxTE5PLV9MX0x2dTNTN1N6WU1JYlFtSTAxRjc3T091THAtQUk5MEZYelItYUtRZnVQNXRBU2doVWkxUlhmQjIzcTZKdTFQOWxwYnJ2WHZwenh5aDFQblJ0ZmVDV09pOFA5alFmUjBkVTVPb0ptMm15ako5YUFlMXRzVVlvdTRxVWoxeExhSVg2VEs1T1JrN25tMVM5ZzBwOWxheEktdk5QX2htSFhUQzZvNkN0ZElkWG5iMzRyZDktYXl1V2h5NG1CdU1JQ3c?oc=5\" target=\"_blank\" rel=\"nofollow noopener\">Martyna Baran, Kaja Ziomek-Nogal i Karolina Bosiek ze z\u0142otymi medalami na start mistrzostw Europy<\/a>&nbsp;&nbsp;sport.tvp.pl<\/li>\n<\/ol>\n","protected":false},"excerpt":{"rendered":"Damian \u017burek mistrzem Europy w \u0142y\u017cwiarstwie szybkim na 1000 metr\u00f3w&nbsp;&nbsp;sport.tvp.pl Z\u0142oto! Polak mistrzem Europy! Wielka forma przed igrzyskami&nbsp;&nbsp;Przegl\u0105d&hellip;\n","protected":false},"author":2,"featured_media":196955,"comment_status":"","ping_status":"","sticky":false,"template":"","format":"standard","meta":{"footnotes":""},"categories":[24],"tags":[23074,18256,30486,38014,30485,42,38,40,39,41,127,334,126],"class_list":{"0":"post-196954","1":"post","2":"type-post","3":"status-publish","4":"format-standard","5":"has-post-thumbnail","7":"category-sport","8":"tag-damian-zurek","9":"tag-lyzwiarstwo-szybkie","10":"tag-marek-kania","11":"tag-mistrzostwa-europy-w-lyzwiarstwie-szybkim","12":"tag-piotr-michalski","13":"tag-pl","14":"tag-poland","15":"tag-polish","16":"tag-polska","17":"tag-polski","18":"tag-sport","19":"tag-sport-tvp-pl","20":"tag-sports"},"share_on_mastodon":{"url":"https:\/\/pubeurope.com\/@pl\/115868164901312915","error":""},"_links":{"self":[{"href":"https:\/\/www.europesays.com\/pl\/wp-json\/wp\/v2\/posts\/196954","targetHints":{"allow":["GET"]}}],"collection":[{"href":"https:\/\/www.europesays.com\/pl\/wp-json\/wp\/v2\/posts"}],"about":[{"href":"https:\/\/www.europesays.com\/pl\/wp-json\/wp\/v2\/types\/post"}],"author":[{"embeddable":true,"href":"https:\/\/www.europesays.com\/pl\/wp-json\/wp\/v2\/users\/2"}],"replies":[{"embeddable":true,"href":"https:\/\/www.europesays.com\/pl\/wp-json\/wp\/v2\/comments?post=196954"}],"version-history":[{"count":0,"href":"https:\/\/www.europesays.com\/pl\/wp-json\/wp\/v2\/posts\/196954\/revisions"}],"wp:featuredmedia":[{"embeddable":true,"href":"https:\/\/www.europesays.com\/pl\/wp-json\/wp\/v2\/media\/196955"}],"wp:attachment":[{"href":"https:\/\/www.europesays.com\/pl\/wp-json\/wp\/v2\/media?parent=196954"}],"wp:term":[{"taxonomy":"category","embeddable":true,"href":"https:\/\/www.europesays.com\/pl\/wp-json\/wp\/v2\/categories?post=196954"},{"taxonomy":"post_tag","embeddable":true,"href":"https:\/\/www.europesays.com\/pl\/wp-json\/wp\/v2\/tags?post=196954"}],"curies":[{"name":"wp","href":"https:\/\/api.w.org\/{rel}","templated":true}]}}