{"id":197047,"date":"2026-01-10T03:48:07","date_gmt":"2026-01-10T03:48:07","guid":{"rendered":"https:\/\/www.europesays.com\/pl\/197047\/"},"modified":"2026-01-10T03:48:07","modified_gmt":"2026-01-10T03:48:07","slug":"potem-zaczelo-sie-pieklo-nauczycielka-opowiada-swoja-historie","status":"publish","type":"post","link":"https:\/\/www.europesays.com\/pl\/197047\/","title":{"rendered":"&#8222;Potem zacz\u0119\u0142o si\u0119 piek\u0142o&#8221;. Nauczycielka opowiada swoj\u0105 histori\u0119"},"content":{"rendered":"<p>\u2013 W czasie zaj\u0119\u0107, gdy si\u0119ga\u0142am do szafy po pomoce naukowe dla uczni\u00f3w, zauwa\u017cy\u0142am, \u017ce kto\u015b powiesi\u0142 krzy\u017c nad klatk\u0105 chomika, kt\u00f3ry jest naszym klasowym zwierz\u0105tkiem. W\u00a0tej klasie nigdy wcze\u015bniej nie by\u0142o \u017cadnego krzy\u017ca \u2013\u00a0odpowiada nauczyciela w\u00a0rozmowie z\u00a0TVN24.<\/p>\n<p>Protest rolnik\u00f3w w\u00a0Warszawie. Nagranie z\u00a0Placu Defilad <\/p>\n<p>Opowie\u015b\u0107 nauczycielki. Krzy\u017c by\u0142 plastikow\u0105 zabawk\u0105?  <\/p>\n<p>Nauczycielka podkre\u015bla, \u017ce nie by\u0142 to zwyk\u0142y krzy\u017c, wyprodukowany w\u00a0celach religijnych. \u2013\u00a0Od pocz\u0105tku by\u0142o jasne, \u017ce to nie jest przedmiot czci religijnej, tylko fragment halloweenowego przebrania. Zreszt\u0105, gdyby to by\u0142 taki przedmiot, to tym bardziej nie by\u0142o to dla niego w\u0142a\u015bciwie miejsce \u2013\u00a0twierdzi nauczycielka. Na zdj\u0119ciu przekazanym TVN24 przez policj\u0119 wida\u0107 krzy\u017c, kt\u00f3ry rzeczywi\u015bcie wydaje si\u0119 by\u0107 zrobiony z\u00a0plastiku.<\/p>\n<p>Nauczycielka nie zaprzecza historii o\u00a0wyrzuceniu krzy\u017ca do kosza. Podkre\u015bla jednak, \u017ce sytuacja zosta\u0142a \u017ale zinterpretowana. \u2013\u00a0Poprosi\u0142am, by t\u0119 zabawk\u0119 zdj\u0119li, a\u00a0gdy nie pos\u0142uchali, po prostu j\u0105 wyrzuci\u0142am \u2013 przyznaje. \u2013\u00a0Jestem nauczycielk\u0105, osob\u0105 tolerancyjn\u0105. Szanuj\u0119 innych ludzi, w\u00a0tym ich wiar\u0119. W \u017cyciu nie wyrzuci\u0142abym do kosza czego\u015b, co jest dla innej osoby przedmiotem czci. I\u00a0je\u015bli ostatecznie tak si\u0119 sta\u0142o, kto\u015b poczu\u0142 si\u0119 ura\u017cony, to jest mi naprawd\u0119 przykro \u2013\u00a0doda\u0142a.<\/p>\n<p>W czwartek rano przed budynkiem szko\u0142y podstawowej w\u00a0Kielnie zebrali si\u0119 mieszka\u0144cy miejscowo\u015bci, w\u00a0tym rodzice uczni\u00f3w, aby wyrazi\u0107 sprzeciw wobec zachowania nauczycielki. Protest zorganizowali przedstawiciele partii Grzegorza Brauna, Konfederacji Korony Polskiej. &#8222;Zgromadzeni trzymali w\u00a0r\u0119kach ma\u0142e drewniane krzy\u017ce&#8221; \u2013\u00a0opisa\u0142 &#8222;Go\u015b\u0107 Niedzielny&#8221;. Szko\u0142a otrzymuje telefony, w\u00a0wobec nauczycielki wszcz\u0119to post\u0119powanie dyscyplinarne. <\/p>\n<p>Spraw\u0119 nauczycielki z Kielna <a href=\"https:\/\/wiadomosci.wp.pl\/nauczycielka-wyrzucila-krzyz-do-kosza-jest-postepowanie-dyscyplinarne-7241160910432768a\" rel=\"noopener noreferrer nofollow\" target=\"_blank\">skomentowa\u0142a ministra edukacji<\/a> Barbara Nowacka. \u2013 Bez wzgl\u0119du na to, w\u00a0co kto wierzy, to ka\u017cdy ma prawo do poszanowania godno\u015bci swojej wiary. To wydaje mi si\u0119 fundamentalne i\u00a0nauczyciele o\u00a0tym doskonale wiedz\u0105. Maj\u0105 oni obowi\u0105zek pokazywania dzieciakom warto\u015bci i\u00a0dba\u0142o\u015bci o\u00a0warto\u015b\u0107 i\u00a0o\u00a0szacunek \u2013 o\u015bwiadczy\u0142a Nowacka.<\/p>\n<p>Wed\u0142ug ministry, post\u0119powanie nauczycielki by\u0142o &#8222;niedopuszczalne \u017cadn\u0105 norm\u0105 spo\u0142eczn\u0105&#8221;. \u2013\u00a0To b\u0142\u0105d, kt\u00f3ry nie powinien mie\u0107 miejsca w\u00a0szkole \u2013\u00a0stwierdzi\u0142a Nowacka. Zaznaczy\u0142a te\u017c, \u017ce &#8222;krzy\u017c jest wa\u017cnym symbolem i\u00a0trzeba szanowa\u0107 uczucia wi\u0119kszo\u015bci i\u00a0mniejszo\u015bci&#8221;. Wobec nauczycielki wszcz\u0119to post\u0119powanie dyscyplinarne. <\/p>\n","protected":false},"excerpt":{"rendered":"\u2013 W czasie zaj\u0119\u0107, gdy si\u0119ga\u0142am do szafy po pomoce naukowe dla uczni\u00f3w, zauwa\u017cy\u0142am, \u017ce kto\u015b powiesi\u0142 krzy\u017c&hellip;\n","protected":false},"author":2,"featured_media":197048,"comment_status":"","ping_status":"","sticky":false,"template":"","format":"standard","meta":{"footnotes":""},"categories":[12],"tags":[32,33,36,37,27,34,35,28,31,25,42,38,40,39,41,29,30,26],"class_list":{"0":"post-197047","1":"post","2":"type-post","3":"status-publish","4":"format-standard","5":"has-post-thumbnail","7":"category-polska","8":"tag-breaking-news","9":"tag-breakingnews","10":"tag-featured-news","11":"tag-featurednews","12":"tag-headlines","13":"tag-latest-news","14":"tag-latestnews","15":"tag-naglowki","16":"tag-najwazniejsze-artykuly","17":"tag-news","18":"tag-pl","19":"tag-poland","20":"tag-polish","21":"tag-polska","22":"tag-polski","23":"tag-top-stories","24":"tag-topstories","25":"tag-wiadomosci"},"share_on_mastodon":{"url":"https:\/\/pubeurope.com\/@pl\/115868762295928164","error":""},"_links":{"self":[{"href":"https:\/\/www.europesays.com\/pl\/wp-json\/wp\/v2\/posts\/197047","targetHints":{"allow":["GET"]}}],"collection":[{"href":"https:\/\/www.europesays.com\/pl\/wp-json\/wp\/v2\/posts"}],"about":[{"href":"https:\/\/www.europesays.com\/pl\/wp-json\/wp\/v2\/types\/post"}],"author":[{"embeddable":true,"href":"https:\/\/www.europesays.com\/pl\/wp-json\/wp\/v2\/users\/2"}],"replies":[{"embeddable":true,"href":"https:\/\/www.europesays.com\/pl\/wp-json\/wp\/v2\/comments?post=197047"}],"version-history":[{"count":0,"href":"https:\/\/www.europesays.com\/pl\/wp-json\/wp\/v2\/posts\/197047\/revisions"}],"wp:featuredmedia":[{"embeddable":true,"href":"https:\/\/www.europesays.com\/pl\/wp-json\/wp\/v2\/media\/197048"}],"wp:attachment":[{"href":"https:\/\/www.europesays.com\/pl\/wp-json\/wp\/v2\/media?parent=197047"}],"wp:term":[{"taxonomy":"category","embeddable":true,"href":"https:\/\/www.europesays.com\/pl\/wp-json\/wp\/v2\/categories?post=197047"},{"taxonomy":"post_tag","embeddable":true,"href":"https:\/\/www.europesays.com\/pl\/wp-json\/wp\/v2\/tags?post=197047"}],"curies":[{"name":"wp","href":"https:\/\/api.w.org\/{rel}","templated":true}]}}