{"id":197051,"date":"2026-01-10T03:55:22","date_gmt":"2026-01-10T03:55:22","guid":{"rendered":"https:\/\/www.europesays.com\/pl\/197051\/"},"modified":"2026-01-10T03:55:22","modified_gmt":"2026-01-10T03:55:22","slug":"karol-nawrocki-spotka-sie-z-radoslawem-sikorskim-amerykanie-naciskaja","status":"publish","type":"post","link":"https:\/\/www.europesays.com\/pl\/197051\/","title":{"rendered":"Karol Nawrocki spotka si\u0119 z Rados\u0142awem Sikorskim. &#8222;Amerykanie naciskaj\u0105&#8221;"},"content":{"rendered":"<p class=\"ods-c-paragraph \">Polska wci\u0105\u017c nie ma swojego ambasadora w Stanach Zjednoczonych. Plac\u00f3wk\u0105 dyplomatyczn\u0105 kieruje obecnie pe\u0142ni\u0105cy obowi\u0105zki charge d&#8217;affaires Bogdan Klich. Karol Nawrocki od pocz\u0105tku swojej prezydentury odmawia wydania mu list\u00f3w uwierzytelniaj\u0105cych. Jak twierdzi Mariusz Witczak z KO, sprawa ta zosta\u0142a dostrze\u017cona w Waszyngtonie.<\/p>\n<p>Dalszy ci\u0105g artyku\u0142u pod materia\u0142em wideo<\/p>\n<p> Kiedy Karol Nawrocki spotka si\u0119 z Rados\u0142awem Sikorskim? <\/p>\n<p> Co b\u0119dzie tematem rozmowy Nawrockiego i Sikorskiego? <\/p>\n<p> Dlaczego Amerykanie naciskaj\u0105 na Nawrockiego? <\/p>\n<p> Ile wniosk\u00f3w o powo\u0142anie ambasador\u00f3w otrzyma\u0142 Nawrocki? <\/p>\n<p class=\"ods-c-paragraph \">\u2014 Amerykanie naciskaj\u0105 na kancelari\u0119 prezydenta Nawrockiego i opinia mi\u0119dzynarodowa, bo s\u0105 r\u00f3\u017cne \u017ar\u00f3d\u0142a nacisk\u00f3w, \u017ceby jednak spraw\u0119 ambasadora uporz\u0105dkowa\u0107 \u2014 stwierdzi\u0142 pose\u0142 KO na antenie Polsat News.<\/p>\n<p>Nawrocki ma spotka\u0107 si\u0119 Sikorskim. Chodzi o nominacje ambasadorskie<\/p>\n<p class=\"ods-c-paragraph \">Z relacji Rados\u0142awa Sikorskiego wynika, \u017ce Karol Nawrocki mia\u0142 dosta\u0107 wnioski o kilkadziesi\u0105t odwo\u0142a\u0144 os\u00f3b, kt\u00f3re nie pracuj\u0105 ju\u017c w polskich plac\u00f3wkach dyplomatycznych. Szef MSZ w rozmowie z &#8222;Gazet\u0105 Wyborcz\u0105&#8221; przekaza\u0142 ponadto, \u017ce prezydent RP mia\u0142 otrzyma\u0107 ok. 40 wniosk\u00f3w o powo\u0142anie ambasador\u00f3w. W dalszym ci\u0105gu nie podpisa\u0142 jednak \u017cadnego z nich.<\/p>\n<p class=\"ods-c-paragraph \">Jak si\u0119 okazuje, Sikorski ma spotka\u0107 si\u0119 z prezydentem RP jeszcze w styczniu. \u2014 Amerykanie naciskaj\u0105 na kancelari\u0119 prezydenta Nawrockiego. Prezydent Nawrocki ma si\u0119 wkr\u00f3tce w tej sprawie spotka\u0107 z szefem MSZ Rados\u0142awem Sikorskim, ale w Waszyngtonie ro\u015bnie zniecierpliwienie \u2014 przekaza\u0142 Witczak. <a href=\"https:\/\/wiadomosci.onet.pl\/kraj\/spotkanie-karol-nawrocki-donald-tusk-jest-potwierdzenie-z-palacu-prezydenckiego\/dsqwkxg\" id=\"f2c38acc-ad50-4a45-b6ff-2313e9ee411c\" rel=\"nofollow noopener\" target=\"_blank\">Wcze\u015bniej, w pi\u0105tek 9 stycznia, Nawrocki ma zaplanowane spotkanie z premierem Donaldem Tuskiem<\/a>.<\/p>\n<p class=\"ods-c-paragraph \">Witczak stwierdzi\u0142 tak\u017ce, \u017ce administracja Trumpa kilkukrotnie wyra\u017ca\u0142a zniecierpliwienie dzia\u0142aniami Nawrockiego w sprawie nominacji ambasadorskich. Zdaniem pos\u0142a KO relacje prezydenta RP z ameryka\u0144skim przyw\u00f3dc\u0105 nie s\u0105 wcale tak dobre, na jakie pr\u00f3buje on je kreowa\u0107. \u2014 Relacja Donalda Trumpa i Karola Nawrockiego ma charakter kurtuazyjny \u2014 powiedzia\u0142 wprost.<\/p>\n","protected":false},"excerpt":{"rendered":"Polska wci\u0105\u017c nie ma swojego ambasadora w Stanach Zjednoczonych. Plac\u00f3wk\u0105 dyplomatyczn\u0105 kieruje obecnie pe\u0142ni\u0105cy obowi\u0105zki charge d&#8217;affaires Bogdan&hellip;\n","protected":false},"author":2,"featured_media":197052,"comment_status":"","ping_status":"","sticky":false,"template":"","format":"standard","meta":{"footnotes":""},"categories":[12],"tags":[32,33,36,37,27,43,49,34,35,38089,28,31,48,25,46,42,38,40,39,41,1118,47,29,30,71,26],"class_list":{"0":"post-197051","1":"post","2":"type-post","3":"status-publish","4":"format-standard","5":"has-post-thumbnail","7":"category-polska","8":"tag-breaking-news","9":"tag-breakingnews","10":"tag-featured-news","11":"tag-featurednews","12":"tag-headlines","13":"tag-karol_nawrocki","14":"tag-kraj","15":"tag-latest-news","16":"tag-latestnews","17":"tag-mariusz_witczak","18":"tag-naglowki","19":"tag-najwazniejsze-artykuly","20":"tag-nat_styl","21":"tag-news","22":"tag-omp","23":"tag-pl","24":"tag-poland","25":"tag-polish","26":"tag-polska","27":"tag-polski","28":"tag-radoslaw_sikorski","29":"tag-screening_general","30":"tag-top-stories","31":"tag-topstories","32":"tag-usa","33":"tag-wiadomosci"},"share_on_mastodon":{"url":"https:\/\/pubeurope.com\/@pl\/115868789816151019","error":""},"_links":{"self":[{"href":"https:\/\/www.europesays.com\/pl\/wp-json\/wp\/v2\/posts\/197051","targetHints":{"allow":["GET"]}}],"collection":[{"href":"https:\/\/www.europesays.com\/pl\/wp-json\/wp\/v2\/posts"}],"about":[{"href":"https:\/\/www.europesays.com\/pl\/wp-json\/wp\/v2\/types\/post"}],"author":[{"embeddable":true,"href":"https:\/\/www.europesays.com\/pl\/wp-json\/wp\/v2\/users\/2"}],"replies":[{"embeddable":true,"href":"https:\/\/www.europesays.com\/pl\/wp-json\/wp\/v2\/comments?post=197051"}],"version-history":[{"count":0,"href":"https:\/\/www.europesays.com\/pl\/wp-json\/wp\/v2\/posts\/197051\/revisions"}],"wp:featuredmedia":[{"embeddable":true,"href":"https:\/\/www.europesays.com\/pl\/wp-json\/wp\/v2\/media\/197052"}],"wp:attachment":[{"href":"https:\/\/www.europesays.com\/pl\/wp-json\/wp\/v2\/media?parent=197051"}],"wp:term":[{"taxonomy":"category","embeddable":true,"href":"https:\/\/www.europesays.com\/pl\/wp-json\/wp\/v2\/categories?post=197051"},{"taxonomy":"post_tag","embeddable":true,"href":"https:\/\/www.europesays.com\/pl\/wp-json\/wp\/v2\/tags?post=197051"}],"curies":[{"name":"wp","href":"https:\/\/api.w.org\/{rel}","templated":true}]}}