{"id":197055,"date":"2026-01-10T04:23:16","date_gmt":"2026-01-10T04:23:16","guid":{"rendered":"https:\/\/www.europesays.com\/pl\/197055\/"},"modified":"2026-01-10T04:23:16","modified_gmt":"2026-01-10T04:23:16","slug":"zwrot-w-sprawie-reformy-pip-tusk-i-czarzasty-oglaszaja-wznowienie-prac","status":"publish","type":"post","link":"https:\/\/www.europesays.com\/pl\/197055\/","title":{"rendered":"Zwrot w sprawie reformy PIP. Tusk i Czarzasty og\u0142aszaj\u0105 wznowienie prac"},"content":{"rendered":"<p>2026-01-09 19:15<\/p>\n<p>publikacja<br \/>2026-01-09 19:15<\/p>\n<p>Podziel si\u0119<\/p>\n<p>Jeszcze dzi\u015b ministra rodziny, pracy i polityki spo\u0142ecznej Agnieszka Dziemianowicz-B\u0105k dostanie rekomendacje, by wraz z ministrem sprawiedliwo\u015bci Waldemarem \u017burkiem podj\u0105\u0107 prac\u0119 ws. projektu ustawy o Pa\u0144stwowej Inspekcji Pracy &#8211; przekaza\u0142 w pi\u0105tek premier Donald Tusk po spotkaniu z marsza\u0142kiem Sejmu.<\/p>\n<p><img decoding=\"async\" class=\"o-graphics-multiobject__inner-blurry-picture-img\" src=\"https:\/\/www.europesays.com\/pl\/wp-content\/uploads\/2026\/01\/b5de93cc01cb97-948-568-860-80-1633-980.jpg\" width=\"948\" height=\"568\" alt=\"Zwrot w sprawie reformy PIP. Tusk i Czarzasty og\u0142aszaj\u0105 wznowienie prac\" loading=\"lazy\"\/><img decoding=\"async\" class=\"o-graphics-multiobject__item webfeedsFeaturedVisual\" src=\"https:\/\/www.europesays.com\/pl\/wp-content\/uploads\/2026\/01\/b5de93cc01cb97-948-568-860-80-1633-980.jpg\" width=\"948\" height=\"568\" alt=\"Zwrot w sprawie reformy PIP. Tusk i Czarzasty og\u0142aszaj\u0105 wznowienie prac\" loading=\"lazy\"\/>fot. Adam Chelstowski \/ \/\u00a0FORUM<\/p>\n<p>Szef rz\u0105du o\u015bwiadczy\u0142 w tym tygodniu, \u017ce prace nad opracowanym w MRPiPS projektem reformy Pa\u0144stwowej Inspekcji Pracy nie b\u0119d\u0105 kontynuowane. Jak wyja\u015bni\u0142, przesadna w\u0142adza dla urz\u0119dnik\u00f3w, wprowadzana reform\u0105, by\u0142aby destrukcyjna dla firm i oznacza\u0142aby utrat\u0119 pracy przez wielu ludzi. Projekt zak\u0142ada\u0142 bowiem m.in. umo\u017cliwienie okr\u0119gowym inspektorom zmiany umowy o dzie\u0142o, umowy-zlecenia czy B2B na umowy o prac\u0119. Nadanie PIP tych uprawnie\u0144 to jeden z tzw. kamieni milowych, od kt\u00f3rego realizacji zale\u017cy wyp\u0142ata \u015brodk\u00f3w z Krajowego Planu Odbudowy.<\/p>\n<p>Wprowadzenie nowych regulacji to istotna kwestia dla Lewicy, kt\u00f3rej polityczka Agnieszka Dziemianowicz-Bak kieruje resortem pracy i polityki spo\u0142ecznej. Ministra powiedzia\u0142a w \u015brod\u0119 w Sejmie, \u017ce b\u0119dzie rozmawia\u0107 z koalicjantami na temat skutecznego narz\u0119dzia do walki z \u201epatologi\u0105 um\u00f3w \u015bmieciowych\u201d.<\/p>\n<p>W pi\u0105tek Tusk spotka\u0142 si\u0119 z liderem Lewicy, marsza\u0142kiem Sejmu W\u0142odzimierzem Czarzastym. Po spotkaniu obaj politycy przekazali, \u017ce sprawa reformy PIP b\u0119dzie mia\u0142a ci\u0105g dalszy. &#8211; By\u0142o oczywiste, \u017ce znajdziemy taki spos\u00f3b post\u0119powania, \u017ceby powsta\u0142 dobry projekt, kt\u00f3ry nie b\u0119dzie dawa\u0142 pe\u0142nej, samowolnej w\u0142adzy urz\u0119dnikom, ale b\u0119dzie jednocze\u015bnie chroni\u0142 pracownik\u00f3w przed nadu\u017cywaniem i z\u0142ym wykorzystaniem elastycznych form zatrudnienia &#8211; powiedzia\u0142 Tusk.<\/p>\n<p>&#8211; Idziemy do pracy. Wznawiamy prace nad projektem, im szybciej, tym lepiej &#8211; doda\u0142 Czarzasty. Jak wskaza\u0142 z kolei Tusk, jeszcze w pi\u0105tek minister Dziemianowicz-B\u0105k \u201edostanie rekomendacje, \u017ceby podj\u0105\u0107 prace\u201d we wsp\u00f3\u0142pracy z ministrem sprawiedliwo\u015bci. Premier oceni\u0142 te\u017c, \u017ce najpro\u015bciej przeprowadzi\u0107 projekt \u015bcie\u017ck\u0105 rz\u0105dow\u0105; wskaza\u0142 w tym kontek\u015bcie na kompetencje szefowej MRPiPS. &#8211; Mieli\u015bmy r\u00f3\u017cnic\u0119 pogl\u0105d\u00f3w i znale\u017ali\u015bmy wyj\u015bcie z tej sytuacji &#8211; doda\u0142.<\/p>\n<p>&#8211; Jestem tu pewnym dobrego rozwoju zdarze\u0144 optymist\u0105 &#8211; stwierdzi\u0142 szef rz\u0105du.<\/p>\n<p>Czarzasty wskaza\u0142 na proponowane rozwi\u0105zania, kt\u00f3re maj\u0105 znale\u017a\u0107 si\u0119 w projekcie. Jak m\u00f3wi\u0142, \u201ena pewno\u201d ostateczn\u0105 instancj\u0105 ws. decyzji o przekszta\u0142caniu um\u00f3w cywilnoprawnych w umowy o prac\u0119 b\u0119dzie s\u0105d. &#8211; Idziemy w tym kierunku, \u017ce dop\u00f3ki s\u0105d nie wyda decyzji, to decyzja urz\u0119dnika nie b\u0119dzie w tej sprawie obowi\u0105zywa\u0142a (&#8230;) Jeste\u015bmy zainteresowani tym, \u017ceby sprawy zwi\u0105zane z nieuczciwym stosowaniem um\u00f3w \u015bmieciowych zako\u0144czy\u0107 &#8211; zadeklarowa\u0142 marsza\u0142ek Sejmu.<\/p>\n<p>Planowana w resorcie pracy reforma PIP, szczeg\u00f3lnie mo\u017cliwo\u015b\u0107 przekszta\u0142cania um\u00f3w cywilnoprawnych w umowy o prac\u0119, wzbudzi\u0142a do tej pory dyskusje. Przeciw tej zmianie byli przedsi\u0119biorcy, broni\u0142y jej zwi\u0105zki zawodowe.<\/p>\n<p>Negatywnie proponowane rozwi\u0105zanie oceni\u0142o m.in. Rz\u0105dowe Centrum Legislacji. W uwagach do projektu napisa\u0142o, \u017ce regulacja narusza konstytucyjne zasady swobody prowadzenia dzia\u0142alno\u015bci gospodarczej, wolno\u015bci wyboru i wykonywania zawodu oraz wyboru miejsca pracy.<\/p>\n<p>W odpowiedzi resort pracy podkre\u015bli\u0142, \u017ce projekt nie wprowadza arbitralnego naruszania swobody prowadzenia dzia\u0142alno\u015bci gospodarczej, lecz precyzuje procedur\u0119 wykrywania i korygowania nadu\u017cy\u0107 w zakresie stosowania um\u00f3w cywilnoprawnych w miejsce stosunku pracy. Wed\u0142ug ministerstwa za wprowadzeniem nowego uprawnienia dla inspektor\u00f3w przemawia m.in. skala zjawiska zawierania um\u00f3w cywilnoprawnych zamiast umowy o prac\u0119, czemu bezwzgl\u0119dnie nale\u017cy przeciwdzia\u0142a\u0107.<\/p>\n<p>Projekt ustawy o reformie PIP przewidywa\u0142 tak\u017ce: wymian\u0119 informacji i danych mi\u0119dzy ZUS, PIP i KAS na potrzeby kontroli i analizy ryzyka; usprawnienie kontroli PIP poprzez wprowadzenie kontroli zdalnych i wykorzystanie urz\u0105dze\u0144 technicznych umo\u017cliwiaj\u0105cych przeprowadzenie czynno\u015bci kontrolnych na odleg\u0142o\u015b\u0107, wprowadzenie postaci elektronicznej dokumentacji sporz\u0105dzanej podczas kontroli, w szczeg\u00f3lno\u015bci protoko\u0142\u00f3w kontroli. Regulacja wprowadza\u0142a ponadto m.in. rozwi\u0105zania w zakresie wysoko\u015bci kar grzywny za wykroczenia przeciwko prawom pracownika maj\u0105ce na celu zapewnienie skuteczniejszej ochrony pracownik\u00f3w i maj\u0105ce pe\u0142ni\u0107 funkcj\u0119 odstraszaj\u0105c\u0105 dla pracodawc\u00f3w nieprzestrzegaj\u0105cych przepis\u00f3w prawa pracy.(PAP)<\/p>\n<p>mml\/ mro\/<\/p>\n","protected":false},"excerpt":{"rendered":"2026-01-09 19:15 publikacja2026-01-09 19:15 Podziel si\u0119 Jeszcze dzi\u015b ministra rodziny, pracy i polityki spo\u0142ecznej Agnieszka Dziemianowicz-B\u0105k dostanie rekomendacje,&hellip;\n","protected":false},"author":2,"featured_media":197056,"comment_status":"","ping_status":"","sticky":false,"template":"","format":"standard","meta":{"footnotes":""},"categories":[12],"tags":[32,33,36,37,27,34,35,28,31,25,42,38,40,39,41,29,30,26],"class_list":{"0":"post-197055","1":"post","2":"type-post","3":"status-publish","4":"format-standard","5":"has-post-thumbnail","7":"category-polska","8":"tag-breaking-news","9":"tag-breakingnews","10":"tag-featured-news","11":"tag-featurednews","12":"tag-headlines","13":"tag-latest-news","14":"tag-latestnews","15":"tag-naglowki","16":"tag-najwazniejsze-artykuly","17":"tag-news","18":"tag-pl","19":"tag-poland","20":"tag-polish","21":"tag-polska","22":"tag-polski","23":"tag-top-stories","24":"tag-topstories","25":"tag-wiadomosci"},"share_on_mastodon":{"url":"https:\/\/pubeurope.com\/@pl\/115868899960095652","error":""},"_links":{"self":[{"href":"https:\/\/www.europesays.com\/pl\/wp-json\/wp\/v2\/posts\/197055","targetHints":{"allow":["GET"]}}],"collection":[{"href":"https:\/\/www.europesays.com\/pl\/wp-json\/wp\/v2\/posts"}],"about":[{"href":"https:\/\/www.europesays.com\/pl\/wp-json\/wp\/v2\/types\/post"}],"author":[{"embeddable":true,"href":"https:\/\/www.europesays.com\/pl\/wp-json\/wp\/v2\/users\/2"}],"replies":[{"embeddable":true,"href":"https:\/\/www.europesays.com\/pl\/wp-json\/wp\/v2\/comments?post=197055"}],"version-history":[{"count":0,"href":"https:\/\/www.europesays.com\/pl\/wp-json\/wp\/v2\/posts\/197055\/revisions"}],"wp:featuredmedia":[{"embeddable":true,"href":"https:\/\/www.europesays.com\/pl\/wp-json\/wp\/v2\/media\/197056"}],"wp:attachment":[{"href":"https:\/\/www.europesays.com\/pl\/wp-json\/wp\/v2\/media?parent=197055"}],"wp:term":[{"taxonomy":"category","embeddable":true,"href":"https:\/\/www.europesays.com\/pl\/wp-json\/wp\/v2\/categories?post=197055"},{"taxonomy":"post_tag","embeddable":true,"href":"https:\/\/www.europesays.com\/pl\/wp-json\/wp\/v2\/tags?post=197055"}],"curies":[{"name":"wp","href":"https:\/\/api.w.org\/{rel}","templated":true}]}}