{"id":197059,"date":"2026-01-10T04:30:23","date_gmt":"2026-01-10T04:30:23","guid":{"rendered":"https:\/\/www.europesays.com\/pl\/197059\/"},"modified":"2026-01-10T04:30:23","modified_gmt":"2026-01-10T04:30:23","slug":"alert-rcb-w-czesci-poludniowej-polski-unikaj-aktywnosci-na-zewnatrz-onet-wiadomosci","status":"publish","type":"post","link":"https:\/\/www.europesays.com\/pl\/197059\/","title":{"rendered":"Alert RCB w cz\u0119\u015bci po\u0142udniowej Polski. &quot;Unikaj aktywno\u015bci na zewn\u0105trz&quot; &#8211; Onet Wiadomo\u015bci"},"content":{"rendered":"<ol>\n<li><a href=\"https:\/\/news.google.com\/rss\/articles\/CBMirgFBVV95cUxOdkxaTnI0cFU0TlBTLWxuRVE0YnFfV09lemVELU50QlVZZzQ3ekoyMnQ1NmNOc1hpVUF2dkJDQTFyY2lvYmJmZ0lEWUo1U1gxODlJc2VPNWlkQVpDNnRGWHp0TGk1ZW9aQkprckY4ejZwRHB1TnFzTl9wWUJCVHVyLWY2QXUtdUgtd285U1JoWjRrUWdxRkpld3ZtMDlKNTVGNmlKc0xVbzNCNmZKZUE?oc=5\" target=\"_blank\" rel=\"nofollow noopener\">Alert RCB w cz\u0119\u015bci po\u0142udniowej Polski. &#8222;Unikaj aktywno\u015bci na zewn\u0105trz&#8221;<\/a>&nbsp;&nbsp;Onet Wiadomo\u015bci<\/li>\n<li><a href=\"https:\/\/news.google.com\/rss\/articles\/CBMisgFBVV95cUxNcm11SUFHVllGZGhWaVZwYzNVVTJ4dUl4dWdwOUFFMndILXJjVG1PcjZNeUhUaGtldmM2amRDNHk3SnA5V2lMeXpIa211WXBsZHFhX3M2Yk5tRFkyc29EMTBzWXhVeE9faldQZUVNWk9vdmMzMkpJODdMbnczLTQxMnlBcDVwc0R2QWloVFl2Wm0wR0dzdkdTNXBDeFhhTWwwSWwyTTBNMS1rdVBvbmhfN3ZR?oc=5\" target=\"_blank\" rel=\"nofollow noopener\">Takiej &#8222;mg\u0142y&#8221; trzeba si\u0119 bardzo wystrzega\u0107. Niebezpieczne zjawisko na po\u0142udniu Polski<\/a>&nbsp;&nbsp;Wydarzenia w INTERIA.PL<\/li>\n<li><a href=\"https:\/\/news.google.com\/rss\/articles\/CBMiqAFBVV95cUxPM3BibzAtZUJraG5GNGJLRmZLOGN1aVVBWXlnQWdMcEFvUU5XdDRPdDNtM0UzSFRkb1BrRHhOeF9BcUlOaFlnVzE0RFdhTDNDbnpmdzlZSnVpMHo5cTdoYUljQUtRMFhOOEM5Ym9iT3J0TFFQdkJFNVVNWlRWN3dULUlycFJQcmdudkx5dzhNeGl1STNvN2xXbzJyYlBaSm54V3hTZzZNQ1Y?oc=5\" target=\"_blank\" rel=\"nofollow noopener\">Detektory w Polsce zacz\u0119\u0142y szale\u0107. Jest pilne ostrze\u017cenie<\/a>&nbsp;&nbsp;TwojaPogoda.pl<\/li>\n<li><a href=\"https:\/\/news.google.com\/rss\/articles\/CBMi_wFBVV95cUxOYjlmM1I2Sy1uRnR6dXNBNi1wRF9MTUFjV2hnZWVFcHBwRWo4YjRQRFhUdTNPTmtxNGVqQWJFa2ttSm02REQzMmhVc2Q1TGR4MFRQeWhRT0dLU0lLWnRCSktQSzk5dzNtYllSNnpRNXV5N0k0QnozU2I3dnF1bDlYSW1RM1lUVUVXLXRvaDIwLUVjaEhwTGxaT0U1N28zVXJGSTFmbXZQa0RfbVpVQ001b0d1SEhFeDlCbi16VmZWa1ZqMVU4M1JjdGJFYUVMSmZvS3FraWFTQ0hVWkZsUExBdnljVzBqSWtlY0Q5TmdQWUU1NDVIemZtT1pPMHVXaWs?oc=5\" target=\"_blank\" rel=\"nofollow noopener\">9 stycznia 2026: Drugi poziom zagro\u017cenia dla Wroc\u0142awia ze wzgl\u0119du na ryzyko przekroczenia poziomu informowania py\u0142u zawieszonego PM10<\/a>&nbsp;&nbsp;wroclaw.pl<\/li>\n<li><a href=\"https:\/\/news.google.com\/rss\/articles\/CBMidEFVX3lxTE5qRWFRVlMzVjZ3OWt4cnVIMDlFSUdDaGl5MUw4TFk1dlMxNWkyMS1COGRsYkpabnJuU1VZdHZqekFNNEVyZUIzenU4dnU0b3JrT2FwZ2hWYXJReDZVRGJPd3lhOVdwb2RHdnhPdzFGYzdMOVFR?oc=5\" target=\"_blank\" rel=\"nofollow noopener\">Koncert Karnawa\u0142owy &#8211; 22.01.2026 r. &#8211; Pa\u0144stwowa Szko\u0142a Muzyczna I stopnia im. G. G. Gorczyckiego w Che\u0142mnie<\/a>&nbsp;&nbsp;Gov.pl<\/li>\n<\/ol>\n","protected":false},"excerpt":{"rendered":"Alert RCB w cz\u0119\u015bci po\u0142udniowej Polski. &#8222;Unikaj aktywno\u015bci na zewn\u0105trz&#8221;&nbsp;&nbsp;Onet Wiadomo\u015bci Takiej &#8222;mg\u0142y&#8221; trzeba si\u0119 bardzo wystrzega\u0107. Niebezpieczne&hellip;\n","protected":false},"author":2,"featured_media":197060,"comment_status":"","ping_status":"","sticky":false,"template":"","format":"standard","meta":{"footnotes":""},"categories":[12],"tags":[8252,32,33,36,37,27,34,35,28,31,48,25,46,42,78,38,40,39,41,47,21586,29,30,26],"class_list":{"0":"post-197059","1":"post","2":"type-post","3":"status-publish","4":"format-standard","5":"has-post-thumbnail","7":"category-polska","8":"tag-alert_rcb","9":"tag-breaking-news","10":"tag-breakingnews","11":"tag-featured-news","12":"tag-featurednews","13":"tag-headlines","14":"tag-latest-news","15":"tag-latestnews","16":"tag-naglowki","17":"tag-najwazniejsze-artykuly","18":"tag-nat_styl","19":"tag-news","20":"tag-omp","21":"tag-pl","22":"tag-pogoda","23":"tag-poland","24":"tag-polish","25":"tag-polska","26":"tag-polski","27":"tag-screening_general","28":"tag-smog","29":"tag-top-stories","30":"tag-topstories","31":"tag-wiadomosci"},"share_on_mastodon":{"url":"https:\/\/pubeurope.com\/@pl\/115868927405142481","error":""},"_links":{"self":[{"href":"https:\/\/www.europesays.com\/pl\/wp-json\/wp\/v2\/posts\/197059","targetHints":{"allow":["GET"]}}],"collection":[{"href":"https:\/\/www.europesays.com\/pl\/wp-json\/wp\/v2\/posts"}],"about":[{"href":"https:\/\/www.europesays.com\/pl\/wp-json\/wp\/v2\/types\/post"}],"author":[{"embeddable":true,"href":"https:\/\/www.europesays.com\/pl\/wp-json\/wp\/v2\/users\/2"}],"replies":[{"embeddable":true,"href":"https:\/\/www.europesays.com\/pl\/wp-json\/wp\/v2\/comments?post=197059"}],"version-history":[{"count":0,"href":"https:\/\/www.europesays.com\/pl\/wp-json\/wp\/v2\/posts\/197059\/revisions"}],"wp:featuredmedia":[{"embeddable":true,"href":"https:\/\/www.europesays.com\/pl\/wp-json\/wp\/v2\/media\/197060"}],"wp:attachment":[{"href":"https:\/\/www.europesays.com\/pl\/wp-json\/wp\/v2\/media?parent=197059"}],"wp:term":[{"taxonomy":"category","embeddable":true,"href":"https:\/\/www.europesays.com\/pl\/wp-json\/wp\/v2\/categories?post=197059"},{"taxonomy":"post_tag","embeddable":true,"href":"https:\/\/www.europesays.com\/pl\/wp-json\/wp\/v2\/tags?post=197059"}],"curies":[{"name":"wp","href":"https:\/\/api.w.org\/{rel}","templated":true}]}}