{"id":197063,"date":"2026-01-10T04:37:14","date_gmt":"2026-01-10T04:37:14","guid":{"rendered":"https:\/\/www.europesays.com\/pl\/197063\/"},"modified":"2026-01-10T04:37:14","modified_gmt":"2026-01-10T04:37:14","slug":"msz-reaguje-na-dzialania-budapesztu-ambasador-wegier-przybyl-do-resortu-onet-wiadomosci","status":"publish","type":"post","link":"https:\/\/www.europesays.com\/pl\/197063\/","title":{"rendered":"MSZ reaguje na dzia\u0142ania Budapesztu. Ambasador W\u0119gier przyby\u0142 do resortu &#8211; Onet Wiadomo\u015bci"},"content":{"rendered":"<ol>\n<li><a href=\"https:\/\/news.google.com\/rss\/articles\/CBMinAFBVV95cUxNT1pGM2lnUEIxWU1JaFloSXo1RUM2cHl2QXZqWU9PaUplNERaMk9IdFJMcmpFYUpTYkZVcWRNODNaelNubHJQb2UwOU05RmZXOU5qUkpXbTJrYUJVMTFlZXdyODQtR3ZlR0twNVFwRGY3NVFKZm1vWXlkdFFYY3pjWnFRWU5ZTjZ4NzA5WUZpcm5fVmZRMHpwRTlxVDI?oc=5\" target=\"_blank\" rel=\"nofollow noopener\">MSZ reaguje na dzia\u0142ania Budapesztu. Ambasador W\u0119gier przyby\u0142 do resortu<\/a>&nbsp;&nbsp;Onet Wiadomo\u015bci<\/li>\n<li><a href=\"https:\/\/news.google.com\/rss\/articles\/CBMitAFBVV95cUxNZllSRXNTaE9DdnNvNWszZTdFRWMwcDJVRkdFSXk2eW9TWlc3UUo3MWUyVEJhVzFZY3lCWFhtdUxLczUySGdCVm1VMWxUZXZkdlJycXBuZlR5QW5qdFppRHYxYXNTZHMtWEtlODFVd0tpbzY5elktanBWMEo1NGJfVGMzdFNIN2FvdFJGQXFUcXNNTEdrTHV0WmZsSG9ITjBad255cl9FSVBtc1NxTFVPRXliYko?oc=5\" target=\"_blank\" rel=\"nofollow noopener\">W\u0119gry udzieli\u0142y azylu dw\u00f3jce Polak\u00f3w. Cz\u0142owiek Orbana by\u0142 w MSZ, pytania pozostaj\u0105<\/a>&nbsp;&nbsp;TVN24<\/li>\n<li><a href=\"https:\/\/news.google.com\/rss\/articles\/CBMiugFBVV95cUxOQVBfdF9EdEpjSi1JYXB6c25yTWRsVEh0LS1TeXVtSWFRbzVPM0xhV1o3ZjFONXdQSmdBNzcwbEZRZTVyQkdfT1ZUZTR3VmNXcDFSUkZXTEFqSlFJZ1dacVFUdVdVVWhLM29ZUVpmUlhZTHl3NFlwMmVGTTdKWVFqaEEtT3J4ZXdRaGVYTE5RU1l2QVhMeGNQQ0xYeGcwNEs4MXp4cC05TTByd1E5eGtxSUVTd0V4R3MwWEE?oc=5\" target=\"_blank\" rel=\"nofollow noopener\">Nie tylko Romanowski. W\u0119gry przyzna\u0142y azyl kolejnym dw\u00f3m Polakom<\/a>&nbsp;&nbsp;Money.pl<\/li>\n<li><a href=\"https:\/\/news.google.com\/rss\/articles\/CBMirAFBVV95cUxNWXpxbW9abVhQM0pucjRqNEFiNTlKMHJZeW1PY202dUZmcndnWjlhQ0pzRy1VZVY3NjFjWVlHbi1lNkxFNzIxdy1xU2VNT3ZHUjNuSExTbmlOZS1ydkZnV2FSME1NbmhKMTZoZ2RSNjVFa093YTRlXzBDbE9TUENHUm8zLWdZV2Vsc05ubXlURWMzSG5vOEVEQ1NnZEVCcXJiQXc1RjJnM29obzNS?oc=5\" target=\"_blank\" rel=\"nofollow noopener\">To ju\u017c oficjalne. Dw\u00f3ch Polak\u00f3w z azylem na W\u0119grzech. Jest dokument<\/a>&nbsp;&nbsp;WP Wiadomo\u015bci<\/li>\n<li><a href=\"https:\/\/news.google.com\/rss\/articles\/CBMisgFBVV95cUxQUlZ3QnE5T2JzR2xoYU9VUEtxS2ZDS1ZBOUdsYkpIWDJ2aVdMZ2tHMmtIYTZEelZ2bm10amdGajhrWkxIMEM1d1U0TWJfazFmaXAxV0ZPZDUzR201S1JvV1pxR3kxdTc3dVpQeVoxcFJkVUVJQ2Vjem5xSWpNaF91Z3pSY0VkYTRBdXBYTmZsdjFmaFBZcGU5dl9vM1puSWNVWmVHVElWeEpKc0pvMHZGclNR?oc=5\" target=\"_blank\" rel=\"nofollow noopener\">Rzecznik MSZ: Do resortu przyjecha\u0142 ambasador W\u0119gier<\/a>&nbsp;&nbsp;Gazeta<\/li>\n<\/ol>\n","protected":false},"excerpt":{"rendered":"MSZ reaguje na dzia\u0142ania Budapesztu. Ambasador W\u0119gier przyby\u0142 do resortu&nbsp;&nbsp;Onet Wiadomo\u015bci W\u0119gry udzieli\u0142y azylu dw\u00f3jce Polak\u00f3w. Cz\u0142owiek Orbana&hellip;\n","protected":false},"author":2,"featured_media":197064,"comment_status":"","ping_status":"","sticky":false,"template":"","format":"standard","meta":{"footnotes":""},"categories":[12],"tags":[29798,32,33,36,37,27,34,35,1162,28,31,48,25,46,42,38,40,39,41,47,80,29,30,2670,26],"class_list":{"0":"post-197063","1":"post","2":"type-post","3":"status-publish","4":"format-standard","5":"has-post-thumbnail","7":"category-polska","8":"tag-azyl_polityczny","9":"tag-breaking-news","10":"tag-breakingnews","11":"tag-featured-news","12":"tag-featurednews","13":"tag-headlines","14":"tag-latest-news","15":"tag-latestnews","16":"tag-msz","17":"tag-naglowki","18":"tag-najwazniejsze-artykuly","19":"tag-nat_styl","20":"tag-news","21":"tag-omp","22":"tag-pl","23":"tag-poland","24":"tag-polish","25":"tag-polska","26":"tag-polski","27":"tag-screening_general","28":"tag-swiat","29":"tag-top-stories","30":"tag-topstories","31":"tag-wegry","32":"tag-wiadomosci"},"share_on_mastodon":{"url":"https:\/\/pubeurope.com\/@pl\/115868954945278402","error":""},"_links":{"self":[{"href":"https:\/\/www.europesays.com\/pl\/wp-json\/wp\/v2\/posts\/197063","targetHints":{"allow":["GET"]}}],"collection":[{"href":"https:\/\/www.europesays.com\/pl\/wp-json\/wp\/v2\/posts"}],"about":[{"href":"https:\/\/www.europesays.com\/pl\/wp-json\/wp\/v2\/types\/post"}],"author":[{"embeddable":true,"href":"https:\/\/www.europesays.com\/pl\/wp-json\/wp\/v2\/users\/2"}],"replies":[{"embeddable":true,"href":"https:\/\/www.europesays.com\/pl\/wp-json\/wp\/v2\/comments?post=197063"}],"version-history":[{"count":0,"href":"https:\/\/www.europesays.com\/pl\/wp-json\/wp\/v2\/posts\/197063\/revisions"}],"wp:featuredmedia":[{"embeddable":true,"href":"https:\/\/www.europesays.com\/pl\/wp-json\/wp\/v2\/media\/197064"}],"wp:attachment":[{"href":"https:\/\/www.europesays.com\/pl\/wp-json\/wp\/v2\/media?parent=197063"}],"wp:term":[{"taxonomy":"category","embeddable":true,"href":"https:\/\/www.europesays.com\/pl\/wp-json\/wp\/v2\/categories?post=197063"},{"taxonomy":"post_tag","embeddable":true,"href":"https:\/\/www.europesays.com\/pl\/wp-json\/wp\/v2\/tags?post=197063"}],"curies":[{"name":"wp","href":"https:\/\/api.w.org\/{rel}","templated":true}]}}