{"id":197071,"date":"2026-01-10T04:53:07","date_gmt":"2026-01-10T04:53:07","guid":{"rendered":"https:\/\/www.europesays.com\/pl\/197071\/"},"modified":"2026-01-10T04:53:07","modified_gmt":"2026-01-10T04:53:07","slug":"puchar-anglii-sensacja-w-trzeciej-rundzie-wrexham-wyeliminowal-nottingham-forest-sport-tvp-pl","status":"publish","type":"post","link":"https:\/\/www.europesays.com\/pl\/197071\/","title":{"rendered":"Puchar Anglii: sensacja w trzeciej rundzie. Wrexham wyeliminowa\u0142 Nottingham Forest &#8211; sport.tvp.pl"},"content":{"rendered":"<ol>\n<li><a href=\"https:\/\/news.google.com\/rss\/articles\/CBMirwFBVV95cUxQanhielhYdFpMaDVJSGZmbXJiZE8yZ0VKUTBZYmt2YXViYjNWMEVwSEpmVFg5NmRBeE1KX01XZFdaU1g0ZnRSdUNCU0w2QjlIckhVWW5LZlNMektjXy1jTXFtRzQ2RDU5UV9zVHJqQ1p2U3MzeVV1SDQtRVM0SWpsZ0xvbjRnOEpxa0phb2xxdFBub1gxWG13RG1HR3RwRUZGeHhEUDhTSjR4MlNoaFp30gG0AUFVX3lxTE9uZFJ5NGh3T1FndTFleFpQbzJGY3R6M1l0alpkWXpqb194S3V4cG1YLUl6d2xnZXh2TFFiN0RBV1Vvb1dGZjEza0t2NlViSHdVcXZFd0FWOUkyTjJvbjNkWFJ6LWNsbFJCaXIyc0M1eTVmVGlGVnlWandYbXJFOHZuVWlZbndvd0d6dmtWTDU4c3VfU2piamc3Y0w5c2V0Qng0cjVMSlV1ZzhHVEdELU9RY0lNWg?oc=5\" target=\"_blank\" rel=\"nofollow noopener\">Puchar Anglii: sensacja w trzeciej rundzie. Wrexham wyeliminowa\u0142 Nottingham Forest<\/a>&nbsp;&nbsp;sport.tvp.pl<\/li>\n<li><a href=\"https:\/\/news.google.com\/rss\/articles\/CBMi0gFBVV95cUxPVHJjT1VSaU1DQnlLTTl5ZkJ2UHhIemVZWkptM1dhMURVSDhzcmw0T3VFM2Qza2RQc0dpejFYYUhadUNpQU41YUFpWWx1aWM0amxxU0RKdzB6V0cwRzh2M00wcGRWVzY1RE83ZG1tdThLNGVnLXFTbVRkWWFnUWJWRm1fMXlzYzVmQVA0NmVkMG1WNUxVblN4N1YwSUNxTHdwcEFsb0hDLWxKZEZaM0w3ck5yMXYwOVNEVWtLT3h3dVB1RjNyaUpadTllOFkyOEFaamc?oc=5\" target=\"_blank\" rel=\"nofollow noopener\">Wrexham \u2013 Nottingham Forest [NA \u017bYWO]. Ogl\u0105daj mecz Pucharu Anglii!<\/a>&nbsp;&nbsp;sport.tvp.pl<\/li>\n<li><a href=\"https:\/\/news.google.com\/rss\/articles\/CBMitAFBVV95cUxOcFVLVURvenZlcXdwLUtKcER3TXYtakF0TElGQlJTVFRBY1ZhWkdPN04ta2ZwcXNKdUtpajI5b0NhNi14M0JTSnU2emhwNlJ4dlNvZTM3Nl9WQ1lvM0FLbF9rUllCb0d5VC0tbW5acTYxUFpSck5KdVBzYzZtYTJCbFktVGQ1UndhWjhRZ25QWEEwRF9lbTllUGJsdnlQNGhrMkZ0SmZ3ekZJZERMTXJmQmVTSnc?oc=5\" target=\"_blank\" rel=\"nofollow noopener\">Rzuty karne napisa\u0142y najpi\u0119kniejsz\u0105 histori\u0119! Gigantyczna sensacja w pucharze<\/a>&nbsp;&nbsp;Sport.pl<\/li>\n<li><a href=\"https:\/\/news.google.com\/rss\/articles\/CBMioAFBVV95cUxNc2ZicGtRd1l4UHE5RkZzV1JndUx0LUpfT2FvdUpLVW1nQXJybEVpVmxpYThZaGdaSmFrM2ZKQzVWR2RGTG10cm5OV3U4ZlVIb1duN0Mzd3BfWkRfb0lqY2duQk9XRVpYOEhmaUlkc3E0cE0wVFI1TUVrd2pBekp6T05abm0tYjQtVXMtajR4cVJLLWRwS3d1OWlvRmZYUGNY?oc=5\" target=\"_blank\" rel=\"nofollow noopener\">Puchar Anglii: ogromna sensacja na starcie III rundy!<\/a>&nbsp;&nbsp;SportoweFakty<\/li>\n<li><a href=\"https:\/\/news.google.com\/rss\/articles\/CBMi5AFBVV95cUxObVFhMmtGSVItU09NTlB0Y3hDTXo0eWl0ZUgwNXNXZ3NmSXkzZGZ0eVN3RmhmcTVhWEVuNXpqdlNfT0NQSFVqcEtYQzNEb2JSMHNyT3VnWFN6aEdXSXBuajIxVnozanRQelJHaUIzdmlpZGJSNUJBakgtU0V1aW9HRlZ2MlFCdnlRakEzdHBjdklQM1NVUDh5ZzNycDJoZTY4Yi1FSmhLdWp4VnBuWTVxNXNDQV9DR0hSTm1GYkh3NnhhMGl6c0EzcEZjTGNxRm5SVFh1ckRmQnItVTJLR3lYQ3l2anA?oc=5\" target=\"_blank\" rel=\"nofollow noopener\">Sensacja w FA Cup, Wrexham po rzutach karnych wyeliminowa\u0142 dru\u017cyn\u0119 z Premier League<\/a>&nbsp;&nbsp;Wyniki na \u017cywo<\/li>\n<\/ol>\n","protected":false},"excerpt":{"rendered":"Puchar Anglii: sensacja w trzeciej rundzie. Wrexham wyeliminowa\u0142 Nottingham Forest&nbsp;&nbsp;sport.tvp.pl Wrexham \u2013 Nottingham Forest [NA \u017bYWO]. Ogl\u0105daj mecz&hellip;\n","protected":false},"author":2,"featured_media":197072,"comment_status":"","ping_status":"","sticky":false,"template":"","format":"standard","meta":{"footnotes":""},"categories":[24],"tags":[38051,37969,38091,9486,19541,269,42,38,40,39,41,19540,31244,127,334,126,38090],"class_list":{"0":"post-197071","1":"post","2":"type-post","3":"status-publish","4":"format-standard","5":"has-post-thumbnail","7":"category-sport","8":"tag-fa-cup","9":"tag-michal-helik","10":"tag-milton-keynes-dons","11":"tag-nottingham-forest","12":"tag-oxford-united","13":"tag-pilka-nozna","14":"tag-pl","15":"tag-poland","16":"tag-polish","17":"tag-polska","18":"tag-polski","19":"tag-przemyslaw-placheta","20":"tag-puchar-anglii","21":"tag-sport","22":"tag-sport-tvp-pl","23":"tag-sports","24":"tag-wrexham-afc"},"share_on_mastodon":{"url":"https:\/\/pubeurope.com\/@pl\/115869018177843462","error":""},"_links":{"self":[{"href":"https:\/\/www.europesays.com\/pl\/wp-json\/wp\/v2\/posts\/197071","targetHints":{"allow":["GET"]}}],"collection":[{"href":"https:\/\/www.europesays.com\/pl\/wp-json\/wp\/v2\/posts"}],"about":[{"href":"https:\/\/www.europesays.com\/pl\/wp-json\/wp\/v2\/types\/post"}],"author":[{"embeddable":true,"href":"https:\/\/www.europesays.com\/pl\/wp-json\/wp\/v2\/users\/2"}],"replies":[{"embeddable":true,"href":"https:\/\/www.europesays.com\/pl\/wp-json\/wp\/v2\/comments?post=197071"}],"version-history":[{"count":0,"href":"https:\/\/www.europesays.com\/pl\/wp-json\/wp\/v2\/posts\/197071\/revisions"}],"wp:featuredmedia":[{"embeddable":true,"href":"https:\/\/www.europesays.com\/pl\/wp-json\/wp\/v2\/media\/197072"}],"wp:attachment":[{"href":"https:\/\/www.europesays.com\/pl\/wp-json\/wp\/v2\/media?parent=197071"}],"wp:term":[{"taxonomy":"category","embeddable":true,"href":"https:\/\/www.europesays.com\/pl\/wp-json\/wp\/v2\/categories?post=197071"},{"taxonomy":"post_tag","embeddable":true,"href":"https:\/\/www.europesays.com\/pl\/wp-json\/wp\/v2\/tags?post=197071"}],"curies":[{"name":"wp","href":"https:\/\/api.w.org\/{rel}","templated":true}]}}