{"id":197076,"date":"2026-01-10T05:07:11","date_gmt":"2026-01-10T05:07:11","guid":{"rendered":"https:\/\/www.europesays.com\/pl\/197076\/"},"modified":"2026-01-10T05:07:11","modified_gmt":"2026-01-10T05:07:11","slug":"wielki-boj-hurkacza-z-de-minaurem-mialem-w-glowie-kilka-mrocznych-mysli","status":"publish","type":"post","link":"https:\/\/www.europesays.com\/pl\/197076\/","title":{"rendered":"Wielki b\u00f3j Hurkacza z De Minaurem. &#8222;Mia\u0142em w g\u0142owie kilka mrocznych my\u015bli&#8221;"},"content":{"rendered":"\n<p class=\"contentpart contentpart--default contentpart--text\" data-position=\"0\">Pojedynek\u00a0<a href=\"https:\/\/sportowefakty.wp.pl\/tenis\/hubert-hurkacz\" rel=\"nofollow noopener\" target=\"_blank\">Hubert Hurkacz<\/a>\u00a0&#8211;\u00a0<a href=\"https:\/\/sportowefakty.wp.pl\/tenis\/alex-de-minaur\" rel=\"nofollow noopener\" target=\"_blank\">Alex de Minaur<\/a>\u00a0sprawi\u0142, \u017ce na Ken Rosewall Arena zrobi\u0142o si\u0119 gor\u0105co. Panowie stoczyli trzysetowy b\u00f3j, kt\u00f3ry ostatecznie zako\u0144czy\u0142 si\u0119 zwyci\u0119stwem Australijczyka 6:4, 4:6, 6:4.<\/p>\n<p class=\"contentpart contentpart--default contentpart--text\" data-position=\"1\">&#8211; Noce takie jak ta&#8230; to jest po prostu co\u015b najlepszego &#8211; stwierdzi\u0142 De Minaur w pomeczowym wywiadzie na korcie. &#8211; Uwielbiam tutaj gra\u0107. Atmosfera od pierwszej do ostatniej pi\u0142ki by\u0142a niesamowita. Dzi\u0119kuj\u0119 z ca\u0142ego serca &#8211; doda\u0142 urodzony w Sydney tenisista.<\/p>\n<p> <img role=\"presentation\" src=\"https:\/\/std.wpcdn.pl\/images\/adv\/placeholder_wp.svg\" loading=\"lazy\" alt=\"\" decoding=\"async\"\/>  <\/p>\n<p class=\"contentpart contentpart--default contentpart--text\" data-position=\"2\">ZOBACZ WIDEO: Ma 40 lat. By\u0142a miss Polski wci\u0105\u017c zachwyca<\/p>\n<p class=\"contentpart contentpart--default contentpart--text\" data-position=\"4\">&#8222;Demon&#8221; pochwali\u0142 Hurkacza za niesamowit\u0105 walk\u0119 na korcie. Stwierdzi\u0142, \u017ce bardzo szanuje Polaka, kt\u00f3ry powr\u00f3ci\u0142 do touru po kontuzji.<\/p>\n<p class=\"contentpart contentpart--default contentpart--text\" data-position=\"5\">&#8211; To by\u0142o niewiarygodne wyzwanie. Musia\u0142em walczy\u0107 z nim od pierwszej do ostatniej pi\u0142ki. To by\u0142 ogromny wysi\u0142ek mentalny, ale wci\u0105\u017c jeste\u015bmy w grze &#8211; stwierdzi\u0142 de Minaur.<\/p>\n<p class=\"contentpart contentpart--default contentpart--text\" data-position=\"6\">Po pora\u017cce w drugim secie Australijczyk mia\u0142 chwile zw\u0105tpienia. Zdo\u0142a\u0142 jednak z\u0142apa\u0107 sw\u00f3j rytm w decyduj\u0105cej ods\u0142onie.<\/p>\n<p> <img role=\"presentation\" src=\"https:\/\/std.wpcdn.pl\/images\/adv\/placeholder_wp.svg\" loading=\"lazy\" alt=\"\" decoding=\"async\"\/>  <\/p>\n<p class=\"contentpart contentpart--default contentpart--text\" data-position=\"7\">&#8211; Taki jest tenis. Ciesz\u0119 si\u0119, \u017ce potrafi\u0142em si\u0119 podnie\u015b\u0107 po przegranym drugim secie. Mia\u0142em w g\u0142owie kilka mrocznych my\u015bli &#8211; przekaza\u0142 faworyt gospodarzy.<\/p>\n<p class=\"contentpart contentpart--default contentpart--text\" data-position=\"8\">Po grach singlowych w meczu Polska &#8211; Australia jest remis 1:1. O zwyci\u0119stwie w ca\u0142ym spotkaniu i awansie do p\u00f3\u0142fina\u0142u United Cup 2026 rozstrzygnie mikst.<\/p>\n","protected":false},"excerpt":{"rendered":"Pojedynek\u00a0Hubert Hurkacz\u00a0&#8211;\u00a0Alex de Minaur\u00a0sprawi\u0142, \u017ce na Ken Rosewall Arena zrobi\u0142o si\u0119 gor\u0105co. Panowie stoczyli trzysetowy b\u00f3j, kt\u00f3ry ostatecznie&hellip;\n","protected":false},"author":2,"featured_media":197077,"comment_status":"","ping_status":"","sticky":false,"template":"","format":"standard","meta":{"footnotes":""},"categories":[24],"tags":[9548,2080,995,6164,42,38,40,39,41,755,127,126,30241,156,22461],"class_list":{"0":"post-197076","1":"post","2":"type-post","3":"status-publish","4":"format-standard","5":"has-post-thumbnail","7":"category-sport","8":"tag-alex-de-minaur","9":"tag-atp","10":"tag-australia","11":"tag-hubert-hurkacz","12":"tag-pl","13":"tag-poland","14":"tag-polish","15":"tag-polska","16":"tag-polski","17":"tag-polski-tenis","18":"tag-sport","19":"tag-sports","20":"tag-sydney","21":"tag-tenis","22":"tag-united-cup"},"share_on_mastodon":{"url":"https:\/\/pubeurope.com\/@pl\/115869072967624376","error":""},"_links":{"self":[{"href":"https:\/\/www.europesays.com\/pl\/wp-json\/wp\/v2\/posts\/197076","targetHints":{"allow":["GET"]}}],"collection":[{"href":"https:\/\/www.europesays.com\/pl\/wp-json\/wp\/v2\/posts"}],"about":[{"href":"https:\/\/www.europesays.com\/pl\/wp-json\/wp\/v2\/types\/post"}],"author":[{"embeddable":true,"href":"https:\/\/www.europesays.com\/pl\/wp-json\/wp\/v2\/users\/2"}],"replies":[{"embeddable":true,"href":"https:\/\/www.europesays.com\/pl\/wp-json\/wp\/v2\/comments?post=197076"}],"version-history":[{"count":0,"href":"https:\/\/www.europesays.com\/pl\/wp-json\/wp\/v2\/posts\/197076\/revisions"}],"wp:featuredmedia":[{"embeddable":true,"href":"https:\/\/www.europesays.com\/pl\/wp-json\/wp\/v2\/media\/197077"}],"wp:attachment":[{"href":"https:\/\/www.europesays.com\/pl\/wp-json\/wp\/v2\/media?parent=197076"}],"wp:term":[{"taxonomy":"category","embeddable":true,"href":"https:\/\/www.europesays.com\/pl\/wp-json\/wp\/v2\/categories?post=197076"},{"taxonomy":"post_tag","embeddable":true,"href":"https:\/\/www.europesays.com\/pl\/wp-json\/wp\/v2\/tags?post=197076"}],"curies":[{"name":"wp","href":"https:\/\/api.w.org\/{rel}","templated":true}]}}