{"id":197082,"date":"2026-01-10T05:33:07","date_gmt":"2026-01-10T05:33:07","guid":{"rendered":"https:\/\/www.europesays.com\/pl\/197082\/"},"modified":"2026-01-10T05:33:07","modified_gmt":"2026-01-10T05:33:07","slug":"nauczycielka-wyrzucila-krzyz-do-smieci-tak-sie-tlumaczy-to-byla-zabawka-2","status":"publish","type":"post","link":"https:\/\/www.europesays.com\/pl\/197082\/","title":{"rendered":"Nauczycielka wyrzuci\u0142a krzy\u017c do \u015bmieci. Tak si\u0119 t\u0142umaczy. &#8222;To by\u0142a zabawka&#8221;"},"content":{"rendered":"<p class=\"ods-c-paragraph \">TVN24 rozmawia\u0142o z nauczycielk\u0105, kt\u00f3ra mimo sprzeciwu uczni\u00f3w<a href=\"https:\/\/wiadomosci.onet.pl\/trojmiasto\/nauczycielka-miala-wyrzucic-krzyz-do-smieci-trwa-postepowanie-dyscyplinarne\/jb8xcy7\" id=\"8b46bcef-3194-4c6d-81cd-514c18ad2591\" rel=\"nofollow noopener\" target=\"_blank\"> mia\u0142a w czasie lekcji zdj\u0105\u0107 ze \u015bciany krzy\u017c i wyrzuci\u0107 go do kosza na \u015bmieci. <\/a>Sytuacja mia\u0142a miejsce w po\u0142owie grudnia ur. w jednej ze szk\u00f3\u0142 podstawowych w Kielnie w woj. pomorskim. Wobec kobiety zosta\u0142o wszcz\u0119te post\u0119powanie dyscyplinarne, a w czwartek przed szko\u0142\u0105, w kt\u00f3rej pracowa\u0142a, <a href=\"https:\/\/wiadomosci.onet.pl\/trojmiasto\/kielno-nauczycielka-wyrzucila-krzyz-do-kosza-protest-przed-szkola-zdjecia\/20k6mz5\" id=\"3470c21b-1291-4444-82da-3c4da4ce47fd\" rel=\"nofollow noopener\" target=\"_blank\">odby\u0142 si\u0119 protest. <\/a><\/p>\n<p>Dalszy ci\u0105g artyku\u0142u pod materia\u0142em wideo<\/p>\n<p> Dlaczego nauczycielka wyrzuci\u0142a krzy\u017c? <\/p>\n<p> Jak nauczycielka opisuje sytuacj\u0119? <\/p>\n<p> Co m\u00f3wi nauczycielka o szacunku dla wiary? <\/p>\n<p> Jakie dzia\u0142ania podj\u0119to wobec nauczycielki? <\/p>\n<p class=\"ods-c-paragraph \">Nauczycielka w rozmowie z serwisem powraca do dnia, kiedy dosz\u0142o do sytuacji, o kt\u00f3rej us\u0142ysza\u0142a ca\u0142a Polska. M\u00f3wi, \u017ce wszystko wydarzy\u0142o si\u0119 na ostatniej prowadzonej przez ni\u0105 w tym dniu lekcji. \u2014 Gdy si\u0119ga\u0142am do szafy po pomoce naukowe dla uczni\u00f3w, zauwa\u017cy\u0142am, \u017ce kto\u015b powiesi\u0142 krzy\u017c nad klatk\u0105 chomika, kt\u00f3ry jest naszym klasowym zwierz\u0105tkiem. W tej klasie nigdy wcze\u015bniej nie by\u0142o \u017cadnego krzy\u017ca \u2014 relacjonuje.<\/p>\n<p class=\"ods-c-paragraph \">Jak opisuje TVN24, w miejscu, gdzie pojawi\u0142 si\u0119 krzy\u017c, wcze\u015bniej widzia\u0142 zegar. Zosta\u0142 on jednak przewieszony w inne miejsce, a na \u015bcianie pozosta\u0142 gw\u00f3\u017ad\u017a, na kt\u00f3rym p\u00f3\u017aniej zawieszona zosta\u0142a, jak stwierdza nauczycielka, &#8222;ta zabawka&#8221; czy &#8222;gad\u017cet <a href=\"https:\/\/wiadomosci.onet.pl\/krakow\/cosplay-po-polsku-zdjecia\/7vlsc0s\" id=\"c3896355-0271-4bcb-8902-26a803c5eb69\" rel=\"nofollow noopener\" target=\"_blank\">cosplayowy&#8221;<\/a>.<\/p>\n<p>   Nauczycielka wyrzuci\u0142a krzy\u017c do \u015bmieci. Teraz zabra\u0142a g\u0142os. &#8222;Od pocz\u0105tku by\u0142o jasne&#8221;<\/p>\n<p class=\"ods-c-paragraph \">Kobieta podkre\u015bla w rozmowie z serwisem, \u017ce &#8222;od pocz\u0105tku by\u0142o jasne, \u017ce to nie jest przedmiot czci religijnej, tylko fragment halloweenowego przebrania&#8221;. \u2014 Poprosi\u0142am, by t\u0119 zabawk\u0119 zdj\u0119li, a gdy nie pos\u0142uchali, po prostu j\u0105 wyrzuci\u0142am \u2014 przyznaje dalej, zaznaczaj\u0105c, \u017ce jest osob\u0105 tolerancyjn\u0105 i &#8222;szanuje innych ludzi, w tym ich wiar\u0119&#8221;.<\/p>\n<p class=\"ods-c-paragraph \">\u2014 W \u017cyciu nie wyrzuci\u0142abym do kosza czego\u015b, co jest dla innej osoby przedmiotem czci. I je\u015bli ostatecznie tak si\u0119 sta\u0142o, kto\u015b poczu\u0142 si\u0119 ura\u017cony, to jest mi naprawd\u0119 przykro \u2014 podkre\u015bla nauczycielka w rozmowie z TVN24.<\/p>\n<p class=\"ods-c-paragraph \">Kobieta m\u00f3wi potem, \u017ce nie rozmawia\u0142a ju\u017c o sprawie z uczniami, p\u00f3\u017aniej powiedzia\u0142a jednak o &#8222;g\u0142upim \u017carcie&#8221; innej nauczycielce, kt\u00f3ra wyj\u0119\u0142a z kosza &#8222;zabawk\u0119&#8221; i zostawi\u0142a j\u0105 na parapecie. Rozm\u00f3wczyni serwisu my\u015bla\u0142a, \u017ce b\u0119dzie to koniec ca\u0142ej historii, ale jeszcze tego samego dnia kole\u017canka powiedzia\u0142a jej, \u017ce &#8222;us\u0142ysza\u0142a w ko\u015bciele plotk\u0119&#8221;, \u017ce ta wrzuci\u0142a &#8222;jaki\u015b krzy\u017c do kosza&#8221;. Nauczycielka podkre\u015bla, \u017ce nie wie, &#8222;jak to si\u0119 rozesz\u0142o&#8221;.<\/p>\n","protected":false},"excerpt":{"rendered":"TVN24 rozmawia\u0142o z nauczycielk\u0105, kt\u00f3ra mimo sprzeciwu uczni\u00f3w mia\u0142a w czasie lekcji zdj\u0105\u0107 ze \u015bciany krzy\u017c i wyrzuci\u0107&hellip;\n","protected":false},"author":2,"featured_media":197083,"comment_status":"","ping_status":"","sticky":false,"template":"","format":"standard","meta":{"footnotes":""},"categories":[12],"tags":[32,33,36,37,11289,27,34,35,28,31,48,25,46,42,38,40,39,41,1622,47,925,29,30,4000,26,2665,38087],"class_list":{"0":"post-197082","1":"post","2":"type-post","3":"status-publish","4":"format-standard","5":"has-post-thumbnail","7":"category-polska","8":"tag-breaking-news","9":"tag-breakingnews","10":"tag-featured-news","11":"tag-featurednews","12":"tag-halloween","13":"tag-headlines","14":"tag-latest-news","15":"tag-latestnews","16":"tag-naglowki","17":"tag-najwazniejsze-artykuly","18":"tag-nat_styl","19":"tag-news","20":"tag-omp","21":"tag-pl","22":"tag-poland","23":"tag-polish","24":"tag-polska","25":"tag-polski","26":"tag-protesty","27":"tag-screening_general","28":"tag-szkola_nauczyciele_uczniowie","29":"tag-top-stories","30":"tag-topstories","31":"tag-trojmiasto","32":"tag-wiadomosci","33":"tag-wiara","34":"tag-zarty"},"share_on_mastodon":{"url":"https:\/\/pubeurope.com\/@pl\/115869175191165900","error":""},"_links":{"self":[{"href":"https:\/\/www.europesays.com\/pl\/wp-json\/wp\/v2\/posts\/197082","targetHints":{"allow":["GET"]}}],"collection":[{"href":"https:\/\/www.europesays.com\/pl\/wp-json\/wp\/v2\/posts"}],"about":[{"href":"https:\/\/www.europesays.com\/pl\/wp-json\/wp\/v2\/types\/post"}],"author":[{"embeddable":true,"href":"https:\/\/www.europesays.com\/pl\/wp-json\/wp\/v2\/users\/2"}],"replies":[{"embeddable":true,"href":"https:\/\/www.europesays.com\/pl\/wp-json\/wp\/v2\/comments?post=197082"}],"version-history":[{"count":0,"href":"https:\/\/www.europesays.com\/pl\/wp-json\/wp\/v2\/posts\/197082\/revisions"}],"wp:featuredmedia":[{"embeddable":true,"href":"https:\/\/www.europesays.com\/pl\/wp-json\/wp\/v2\/media\/197083"}],"wp:attachment":[{"href":"https:\/\/www.europesays.com\/pl\/wp-json\/wp\/v2\/media?parent=197082"}],"wp:term":[{"taxonomy":"category","embeddable":true,"href":"https:\/\/www.europesays.com\/pl\/wp-json\/wp\/v2\/categories?post=197082"},{"taxonomy":"post_tag","embeddable":true,"href":"https:\/\/www.europesays.com\/pl\/wp-json\/wp\/v2\/tags?post=197082"}],"curies":[{"name":"wp","href":"https:\/\/api.w.org\/{rel}","templated":true}]}}