{"id":197084,"date":"2026-01-10T05:35:17","date_gmt":"2026-01-10T05:35:17","guid":{"rendered":"https:\/\/www.europesays.com\/pl\/197084\/"},"modified":"2026-01-10T05:35:17","modified_gmt":"2026-01-10T05:35:17","slug":"wypytalismy-o-nowego-trenera-bramkarzy-legii-to-bylo-szalone-dlatego-go-lubie","status":"publish","type":"post","link":"https:\/\/www.europesays.com\/pl\/197084\/","title":{"rendered":"Wypytali\u015bmy o nowego trenera bramkarzy Legii. &#8222;To by\u0142o szalone, dlatego go lubi\u0119&#8221;"},"content":{"rendered":"<p>Zgodnie z zapowiedziami przygotowania Legii Warszawa do nowej rundy rozpocz\u0119\u0142y si\u0119 ju\u017c 4 stycznia. Towarzysz\u0105 im du\u017ce zmiany. Klub opu\u015bcili Marco Burch (rozwi\u0105zanie kontraktu) i Noah Weisshaupt, kt\u00f3rego wypo\u017cyczenie z Freiburga zosta\u0142o skr\u00f3cone. Z jego otoczenia s\u0142yszymy, \u017ce w Legii nie dosta\u0142 prawdziwej szansy, aby pokaza\u0107 swoje umiej\u0119tno\u015bci. <\/p>\n<p class=\"Paragraph_desktopParagraph__Fd2e9\">24-latek tylko trzykrotnie rozpoczyna\u0142 mecz w pierwszym sk\u0142adzie. Zmian w kadrze z pewno\u015bci\u0105 b\u0119dzie znacznie wi\u0119cej. Wa\u017c\u0105 si\u0119 losy Kacpra Tobiasza. Dodatkowo latem ko\u0144czy si\u0119 kontrakt mi\u0119dzy innymi Bartosza Kapustki, Juergena Elitima, Rafa\u0142a Augustyniaka, Radovana Pankova i lecz\u0105cego uraz Jeana-Pierre\u2019a Nsame.<\/p>\n<p class=\"Paragraph_desktopParagraph__Fd2e9\">Do du\u017cych zmian dosz\u0142o tak\u017ce w sztabie szkoleniowym. Dzi\u015b liczy on 28 os\u00f3b, a wraz z Markiem Papszunem do\u0142\u0105czy\u0142o siedmiu trener\u00f3w. Asystentami szkoleniowca b\u0119d\u0105: Inaki Astiz, Artur W\u0119ska i Marek Wasiluk, kt\u00f3ry jeszcze jako zawodnik legijny trykot zak\u0142ada\u0142 20 lat temu. W 2006 r. przebywa\u0142 w zespole z Warszawy na testach, na kt\u00f3re przyby\u0142 wraz z Arturem J\u0119drzejczykiem. Jak s\u0142yszymy od jednej z os\u00f3b w\u00f3wczas pracuj\u0105cych w Legii, Bia\u0142ostoczanin nie podj\u0105\u0142 si\u0119 wtedy wyzwania i wybra\u0142 \u0142atwiejsz\u0105 drog\u0119, czyli do\u0142\u0105czenie do Cracovii. Wasiluk do pracy trenerskiej wraca po ponad roku. Do sztabu Papszuna do\u0142\u0105czyli tak\u017ce: trener przygotowania fizycznego Micha\u0142 Garnys, trener analityk \u0141ukasz Cebula, trener mentalny Pawe\u0142 Frelik oraz dw\u00f3ch trener\u00f3w bramkarzy.<\/p>\n<p><img decoding=\"async\" src=\"https:\/\/www.europesays.com\/pl\/wp-content\/uploads\/2026\/01\/maciej-kowal-z-kacprem-tobiaszem-i-gabrielem-kobylakiem.jpg\" alt=\"Maciej Kowal z Kacprem Tobiaszem i Gabrielem Kobylakiem\" width=\"944\" height=\"629\" loading=\"lazy\" class=\"\" \/>Maciej Kowal z Kacprem Tobiaszem i Gabrielem Kobylakiem (Foto: PIOTR KUCZA\/FOTOPYK\/NEWSPIX.PL \/ NEWSPIX.PL \/ newspix.pl)&#8221;Ba\u0142 si\u0119 nam podkr\u0119ci\u0107 \u015brubk\u0119&#8221;<\/p>\n<p class=\"Paragraph_desktopParagraph__Fd2e9\">Z Legi\u0105 po\u017cegnali si\u0119 natomiast Grzegorz Mokry i Arkadiusz Malarz, kt\u00f3ry z golkiperami Warszawian pracowa\u0142 od lata 2022 r. W jego miejsce przyszed\u0142 Maciej Kowal. Jego asystentem zosta\u0142 Pawe\u0142 Szajewski.<\/p>\n<p class=\"Paragraph_desktopParagraph__Fd2e9\">Kowal zna sto\u0142eczny klub jak w\u0142asn\u0105 kiesze\u0144, bo w latach 2015\u201321 pracowa\u0142 z drugim zespo\u0142em. To w\u0142a\u015bnie z Legii przeni\u00f3s\u0142 si\u0119 do Wis\u0142y Krak\u00f3w, a w 2022 r. do Rakowa Cz\u0119stochowa, gdzie dzia\u0142a\u0142 w sztabie Papszuna i Dawida Szwargi.<\/p>\n<p class=\"Paragraph_desktopParagraph__Fd2e9\">Zanim jednak Kowal do\u0142\u0105czy\u0142 do Legii, jako 26-letni trener bramkarzy rozpoczyna\u0142 karier\u0119 seniorsk\u0105 w GKS Tychy w sztabie Waldemara Fornalika. Po niespe\u0142na trzech miesi\u0105cach, gdy Tyszanie punktowali bardzo s\u0142abo, ca\u0142y sztab zosta\u0142 wymieniony.<\/p>\n<p class=\"VideoPlayerText_videoPlayerText__zrtJk\">Dalszy ci\u0105g materia\u0142u pod wideo<\/p>\n<p class=\"Paragraph_desktopParagraph__Fd2e9\">\u2014 Zapami\u0119ta\u0142em zarys tego, co p\u00f3\u017aniej trener bardzo lubi\u0142 w pracy z bramkarzami, czyli skracanie dystansu przy pojedynkach i bronienie blokiem. Dwana\u015bcie lat temu by\u0142a to nowo\u015b\u0107, dopiero si\u0119 tego uczyli\u015bmy \u2014 m\u00f3wi &#8222;PS&#8221; \u00f3wczesny bramkarz GKS Tychy, a dzi\u015b golkiper i trener bramkarzy Znicza Pruszk\u00f3w Piotr Misztal. \u2014 Natomiast ba\u0142 si\u0119 nam dokr\u0119ci\u0107 \u015brubk\u0119. Ja, Marek Igaz czy Maciek Budka potrzebowali\u015bmy ci\u0119\u017ckiego treningu. Trener Kowal by\u0142 wtedy spokojn\u0105, niewiele m\u00f3wi\u0105c\u0105 osob\u0105. W naszej zamkni\u0119tej grupie bramkarzy czu\u0142 si\u0119 jednak swobodnie. Pocz\u0105tki w karierze bywaj\u0105 trudne, wiem, \u017ce p\u00f3\u017aniej by\u0142o ju\u017c tylko lepiej.<\/p>\n<p>Spokojne usposobienie<\/p>\n<p class=\"Paragraph_desktopParagraph__Fd2e9\">Dwa lata p\u00f3\u017aniej w Legii Kowal by\u0142 ju\u017c inny. Przez sze\u015b\u0107 lat w Warszawie pracowa\u0142 m.in. z Gabrielem Kobylakiem, Mateuszem Kochalskim, Rados\u0142awem Majeckim, Czarkiem Miszt\u0105, Jakubem Szumskim, Kacprem Tobiaszem czy Jakubem Ojrzy\u0144skim. Tego ostatniego, obecnego golkipera szwedzkiego \u00d6rebro, pytamy, czy trener da\u0142 si\u0119 pozna\u0107 jako spokojny i ma\u0142om\u00f3wny.<\/p>\n<p class=\"Paragraph_desktopParagraph__Fd2e9\">\u2014 Absolutnie si\u0119 z tym nie zgadzam. (\u015bmiech) Trener Kowal wnosi\u0142 wiele pozytywnej energii do dru\u017cyny. Poza tym pami\u0119tam, \u017ce cz\u0119sto \u017cartowa\u0142 i potrafi\u0142 dobrze wbi\u0107 komu\u015b szpileczk\u0119 \u2014 komentuje Ojrzy\u0144ski.<\/p>\n<p><img decoding=\"async\" src=\"https:\/\/www.europesays.com\/pl\/wp-content\/uploads\/2026\/01\/trener-bramkarzy-maciej-kowal-w-polfinale-mistrzostw-polski-juniorow-starszych-w-2017-r.jpg\" alt=\"Trener bramkarzy Maciej Kowal w p\u00f3\u0142finale mistrzostw Polski junior\u00f3w starszych w 2017 r.\" width=\"944\" height=\"629\" loading=\"lazy\" class=\"\" \/>Trener bramkarzy Maciej Kowal w p\u00f3\u0142finale mistrzostw Polski junior\u00f3w starszych w 2017 r. (Foto: MARCIN SZYMCZYK\/FOTOPYK \/ NEWSPIX.PL \/ newspix.pl)<\/p>\n<p class=\"Paragraph_desktopParagraph__Fd2e9\">Podobnego zdania jest Vja\u010deslavs Kudrjavcevs, kt\u00f3ry w Legii przebywa\u0142 w latach 2018\u201319: \u2014 Jest spokojny, ale nie ma\u0142om\u00f3wny. Zawsze mo\u017cesz z nim o czym\u015b porozmawia\u0107. Ka\u017cde \u0107wiczenie t\u0142umaczy\u0142. Mog\u0142em go otwarcie o wszystko zapyta\u0107. Treningi by\u0142y nagrywane, zreszt\u0105 dalej mam te filmy. Nauczy\u0142 mnie rzeczy, kt\u00f3rych dzi\u015b u\u017cywam. Przede wszystkim pracy na nogach. Du\u017co pracowali\u015bmy nad ustawieniem, aby reakcja by\u0142a lepsza i szybsza. Dzi\u0119ki temu, \u017ce wszystko nagrywa\u0142, widzia\u0142em r\u00f3\u017cnice w swoim refleksie oraz reakcji.<\/p>\n<p>Wymaga, ale ufa<\/p>\n<p class=\"Paragraph_desktopParagraph__Fd2e9\">\u2014 Kiedy dru\u017cyna oddawa\u0142a strza\u0142y, trener Kowal sta\u0142 za bramk\u0105. Wiedzia\u0142e\u015b, \u017ce gdy zrobisz co\u015b dobrze, pochwali ci\u0119 przy wszystkich, a dodatkowo specjalnie wbije szpilk\u0119 w strzelaj\u0105cego. Napastnikom \u0142atwo nie by\u0142o. Jako bramkarze byli\u015bmy ma\u0142\u0105 rodzin\u0105, a on by\u0142 jej &#8222;tat\u0105&#8221;. Zawsze sta\u0142 za nami i nas wspiera\u0142. To po prostu dobry cz\u0142owiek. Trener Maciek wytwarza superatmosfer\u0119. Jest wymagaj\u0105cy i bardzo ufa swoim podopiecznym \u2014 komentuje Kudrjavcevs.<\/p>\n<p class=\"Paragraph_desktopParagraph__Fd2e9\">Dzi\u015b Kowal jest ju\u017c innym trenerem, zdecydowanie bardziej do\u015bwiadczonym. Co ciekawe, to w\u0142a\u015bnie jego wybra\u0142 Papszun, a nie Ma\u0107ka Sikorskiego, z kt\u00f3rym przecie\u017c do\u0142\u0105czy\u0142 do Rakowa, a wcze\u015bniej pracowa\u0142 tak\u017ce w Legionovii Legionowo i \u015awicie Nowy Dw\u00f3r Mazowiecki. Kowal od lata pozostawa\u0142 bez pracy, gdy w Cz\u0119stochowie zast\u0105pi\u0142 go w\u0142a\u015bnie Sikorski. Syn by\u0142ego pi\u0142karza Legii Andrzeja Sikorskiego w latach 2021\u201325 pracowa\u0142 w Wi\u015ble P\u0142ock i \u015al\u0105sku Wroc\u0142aw.<\/p>\n<p class=\"Paragraph_desktopParagraph__Fd2e9\">\u2014 Trener Kowal nauczy\u0142 mnie kilku technicznych rzeczy na linii bramkowej i kiedy spr\u00f3bowa\u0142em ich najpierw na treningu, a potem w meczach, zobaczy\u0142em du\u017c\u0105 r\u00f3\u017cnic\u0119 w mojej grze. Trener przyk\u0142ada spor\u0105 wag\u0119 do technicznych aspekt\u00f3w gry \u2014 w zale\u017cno\u015bci od tego, gdzie jest pi\u0142ka, czy przeciwnik jest gotowy do strza\u0142u, czy bramkarz musi szybko zamkn\u0105\u0107 przestrze\u0144 agresywnym krokiem. Stara si\u0119 dawa\u0107 wskaz\u00f3wki, by bramkarz by\u0142 gotowy na reakcj\u0119 i mia\u0142 wi\u0119cej mo\u017cliwo\u015bci obrony strza\u0142u lub wyja\u015bnienia sytuacji \u2014 m\u00f3wi Antonios Tsiftsis, kt\u00f3ry pod okiem Kowala trenowa\u0142 w Rakowie w rundzie jesiennej sezonu 2023\/24, a dzi\u015b reprezentuje PAOK Saloniki.<\/p>\n<p class=\"Paragraph_desktopParagraph__Fd2e9\">\u2014 Zapami\u0119ta\u0142em to, jak \u015bwi\u0119towa\u0142 moj\u0105 interwencj\u0119 na treningu. To by\u0142o szalone, dlatego go lubi\u0119. Omawiali\u015bmy dzie\u0144 wcze\u015bniej pewien element techniczny, a nast\u0119pnego dnia wykona\u0142em go dobrze i obroni\u0142em strza\u0142. Trener \u015bwi\u0119towa\u0142 jak szalony. To znaczy, \u017ce ta praca jest jego pasj\u0105 i lubi widzie\u0107 na boisku rzeczy, kt\u00f3re z nim omawiasz \u2014 wspomina Grek.<\/p>\n<p><img decoding=\"async\" src=\"https:\/\/www.europesays.com\/pl\/wp-content\/uploads\/2026\/01\/maciej-kowal.jpg\" alt=\"Maciej Kowal\" width=\"944\" height=\"629\" loading=\"lazy\" class=\"\" \/>Maciej Kowal (Foto: JAKUB ZIEMIANIN\/400mm.pl \/ NEWSPIX.PL \/ newspix.pl)&#8221;Wiele do zaoferowania za granic\u0105&#8221;<\/p>\n<p class=\"Paragraph_desktopParagraph__Fd2e9\">\u2014 Du\u017co si\u0119 od niego nauczy\u0142em, moim zdaniem spokojnie mo\u017ce pracowa\u0107 w najlepszym polskim klubie, jak Legia, a mia\u0142by wiele do zaoferowania tak\u017ce za granic\u0105. Kocha to, co robi, jest fajnym go\u015bciem i rozumie sytuacj\u0119 bramkarzy, wi\u0119c z pewno\u015bci\u0105 tam te\u017c by sobie poradzi\u0142 \u2014 m\u00f3wi Tsiftsis.<\/p>\n<p class=\"Paragraph_desktopParagraph__Fd2e9\">Ojrzy\u0144ski dodaje: \u2014 Zatrudnienie trenera Kowala to \u015bwietna decyzja. Przede wszystkim to bardzo dobry szkoleniowiec, a dodatkowo jest mocno zwi\u0105zany z Legi\u0105, bo przecie\u017c wiadomo, \u017ce sp\u0119dzi\u0142 w tym klubie wiele lat. By\u0142 wymagaj\u0105cy, dobrze motywowa\u0142 do ci\u0119\u017ckiej i efektywnej pracy na treningach, kt\u00f3re sta\u0142y na wysokim poziomie. To samo analizy, te by\u0142y bardzo kompleksowe. Dodatkowo to bardzo pozytywny cz\u0142owiek.<\/p>\n<p class=\"Paragraph_desktopParagraph__Fd2e9\">Przed Kowalem du\u017co pracy, bo rok 2025 by\u0142 dla bramkarzy Legii szalony i nieudany. W sumie w pierwszym sk\u0142adzie na muraw\u0119 wybiega\u0142o trzech golkiper\u00f3w i \u017caden nie ustrzeg\u0142 si\u0119 krytyki. Co wi\u0119cej, jest bardzo prawdopodobne, \u017ce Tobiasz \u2014 a wi\u0119c ten, kt\u00f3ry wyst\u0119powa\u0142 najcz\u0119\u015bciej \u2014 jeszcze zim\u0105 zmieni barwy klubowe. Legia rozgl\u0105da si\u0119 wi\u0119c za nowym bramkarzem, a nowy trener ma dodatkowy pow\u00f3d do przemy\u015ble\u0144.<\/p>\n","protected":false},"excerpt":{"rendered":"Zgodnie z zapowiedziami przygotowania Legii Warszawa do nowej rundy rozpocz\u0119\u0142y si\u0119 ju\u017c 4 stycznia. Towarzysz\u0105 im du\u017ce zmiany.&hellip;\n","protected":false},"author":2,"featured_media":197085,"comment_status":"","ping_status":"","sticky":false,"template":"","format":"standard","meta":{"footnotes":""},"categories":[24],"tags":[3106,274,67,38092,8839,2563,38093,42,38,40,39,41,136,128,47,127,135,126,130],"class_list":{"0":"post-197084","1":"post","2":"type-post","3":"status-publish","4":"format-standard","5":"has-post-thumbnail","7":"category-sport","8":"tag-dzis_pisza_dla_was","9":"tag-ekstraklasa","10":"tag-intextvideo_splayer","11":"tag-jakub_ojrzynski","12":"tag-kacper_tobiasz","13":"tag-legia_warszawa","14":"tag-maciej_kowal","15":"tag-pl","16":"tag-poland","17":"tag-polish","18":"tag-polska","19":"tag-polski","20":"tag-ps_detal_new","21":"tag-psv2","22":"tag-screening_general","23":"tag-sport","24":"tag-sport_sport","25":"tag-sports","26":"tag-wiadomosci_sportowe"},"share_on_mastodon":{"url":"https:\/\/pubeurope.com\/@pl\/115869183065572241","error":""},"_links":{"self":[{"href":"https:\/\/www.europesays.com\/pl\/wp-json\/wp\/v2\/posts\/197084","targetHints":{"allow":["GET"]}}],"collection":[{"href":"https:\/\/www.europesays.com\/pl\/wp-json\/wp\/v2\/posts"}],"about":[{"href":"https:\/\/www.europesays.com\/pl\/wp-json\/wp\/v2\/types\/post"}],"author":[{"embeddable":true,"href":"https:\/\/www.europesays.com\/pl\/wp-json\/wp\/v2\/users\/2"}],"replies":[{"embeddable":true,"href":"https:\/\/www.europesays.com\/pl\/wp-json\/wp\/v2\/comments?post=197084"}],"version-history":[{"count":0,"href":"https:\/\/www.europesays.com\/pl\/wp-json\/wp\/v2\/posts\/197084\/revisions"}],"wp:featuredmedia":[{"embeddable":true,"href":"https:\/\/www.europesays.com\/pl\/wp-json\/wp\/v2\/media\/197085"}],"wp:attachment":[{"href":"https:\/\/www.europesays.com\/pl\/wp-json\/wp\/v2\/media?parent=197084"}],"wp:term":[{"taxonomy":"category","embeddable":true,"href":"https:\/\/www.europesays.com\/pl\/wp-json\/wp\/v2\/categories?post=197084"},{"taxonomy":"post_tag","embeddable":true,"href":"https:\/\/www.europesays.com\/pl\/wp-json\/wp\/v2\/tags?post=197084"}],"curies":[{"name":"wp","href":"https:\/\/api.w.org\/{rel}","templated":true}]}}