{"id":197086,"date":"2026-01-10T05:40:15","date_gmt":"2026-01-10T05:40:15","guid":{"rendered":"https:\/\/www.europesays.com\/pl\/197086\/"},"modified":"2026-01-10T05:40:15","modified_gmt":"2026-01-10T05:40:15","slug":"osoby-bez-pracy-moga-otrzymac-dodatkowe-wsparcie-finansowe-i-nie-chodzi-o-zasilek-dla-bezrobotnych","status":"publish","type":"post","link":"https:\/\/www.europesays.com\/pl\/197086\/","title":{"rendered":"Osoby bez pracy mog\u0105 otrzyma\u0107 dodatkowe wsparcie finansowe. I nie chodzi o zasi\u0142ek dla bezrobotnych"},"content":{"rendered":"<p>Osoby bezrobotne, czy to z w\u0142asnej woli, czy w wyniku zwolnienia, mog\u0105 liczy\u0107 na wsparcie pa\u0144stwa. Rejestracja w powiatowym urz\u0119dzie pracy uprawnia do pobierania zasi\u0142ku dla bezrobotnych, a tak\u017ce innych \u015bwiadcze\u0144. Jakich? \u00a0Oto szczeg\u00f3\u0142y.\u00a0<\/p>\n<p>    Zasi\u0142ek dla bezrobotnych<\/p>\n<p>Po utracie zatrudnienia warto skorzysta\u0107 z podstawowego wsparcia finansowego, jakim jest <a class=\"seoMapping\" href=\"https:\/\/samorzad.infor.pl\/tematy\/zasilek\/\" title=\"zasi\u0142ek\" rel=\"nofollow noopener\" target=\"_blank\">zasi\u0142ek<\/a> dla bezrobotnych. \u015awiadczenie to ma na celu cz\u0119\u015bciow\u0105 kompensacj\u0119 utraconych dochod\u00f3w w okresie poszukiwania nowej pracy. Aby uzyska\u0107 zasi\u0142ek, nale\u017cy zarejestrowa\u0107 si\u0119 jako osoba bezrobotna w powiatowym urz\u0119dzie pracy i przedstawi\u0107 dokumenty potwierdzaj\u0105ce zatrudnienie w ci\u0105gu ostatnich 18 miesi\u0119cy. Nale\u017cy pami\u0119ta\u0107, \u017ce d\u0142u\u017csze ni\u017c 30-dniowe urlopy bezp\u0142atne nie s\u0105 wliczane do tego okresu.<\/p>\n<p>Aby uzyska\u0107 zasi\u0142ek dla bezrobotnych, konieczne jest wcze\u015bniejsze rozwi\u0105zanie stosunku pracy poprzez wypowiedzenie lub na podstawie porozumienia stron. Osoby wykonuj\u0105ce prac\u0119 na podstawie umowy zlecenia, umowy agencyjnej lub prowadz\u0105ce jednoosobow\u0105 dzia\u0142alno\u015b\u0107 gospodarcz\u0105 r\u00f3wnie\u017c mog\u0105 ubiega\u0107 si\u0119 o zasi\u0142ek dla bezrobotnych, pod warunkiem \u017ce w okresie poprzedzaj\u0105cym utrat\u0119 \u017ar\u00f3d\u0142a dochodu op\u0142aca\u0142y sk\u0142adki na ubezpieczenie spo\u0142eczne i Fundusz Pracy od podstawy wymiaru co najmniej r\u00f3wnej minimalnemu wynagrodzeniu.<\/p>\n<p>Wysoko\u015b\u0107 zasi\u0142ku dla bezrobotnych <\/p>\n<p>W 2025 roku wysoko\u015b\u0107 zasi\u0142ku dla bezrobotnych w Polsce zale\u017ca\u0142a od okresu pobierania \u015bwiadczenia, sta\u017cu pracy oraz zmian wprowadzonych od 1 czerwca 2025 roku. Przed t\u0105 dat\u0105 stawki ustalano na podstawie procentu kwoty bazowej: 80 proc. dla sta\u017cu poni\u017cej 5 lat, 100 proc. dla sta\u017cu od 5 do 20 lat oraz 120 proc. dla sta\u017cu powy\u017cej 20 lat. W pierwszych 90 dniach wynosi\u0142y odpowiednio 1377,60 z\u0142 brutto (1253,62 z\u0142 netto) przy 80 proc., 1722,00 z\u0142 brutto (1567,02 z\u0142 netto) przy 100 proc. i 2066,40 z\u0142 brutto (1880,42 z\u0142 netto) przy 120 proc., natomiast w kolejnych miesi\u0105cach: 1081,83 z\u0142 brutto (984,47 z\u0142 netto), 1352,29 z\u0142 brutto (1230,58 z\u0142 netto) i 1622,74 z\u0142 brutto (1476,69 z\u0142 netto).\u200b Od 1 czerwca 2025 roku zlikwidowano obni\u017con\u0105 stawk\u0119 80 proc., wprowadzaj\u0105c jednolit\u0105 kwot\u0119 bazow\u0105 1721,90 z\u0142 brutto w pierwszych 90 dniach oraz 1352,20 z\u0142 brutto w kolejnych miesi\u0105cach dla wszystkich uprawnionych, z podwy\u017cszeniem do 120 proc. (ok. 2066,28 z\u0142 brutto w pierwszych 90 dniach i ok. 1622,64 z\u0142 brutto p\u00f3\u017aniej) dla os\u00f3b ze sta\u017cem powy\u017cej 20 lat.\u200b \u015awiadczenie przyznaje powiatowy <a class=\"seoMapping\" href=\"https:\/\/kadry.infor.pl\/tematy\/urzad-pracy\/\" title=\"urz\u0105d pracy\" rel=\"nofollow noopener\" target=\"_blank\">urz\u0105d pracy<\/a> po zarejestrowaniu bezrobotnego i udokumentowaniu co najmniej 365 dni ubezpieczenia w ostatnich 18 miesi\u0105cach przed rejestracj\u0105. Kwoty podlegaj\u0105 corocznej waloryzacji, a wyp\u0142aty odbywaj\u0105 si\u0119 miesi\u0119cznie z do\u0142u.<\/p>\n<p>Dodatek aktywizacyjny<\/p>\n<p>Po zarejestrowaniu si\u0119 jako osoba bezrobotna i uzyskaniu prawa do zasi\u0142ku istnieje mo\u017cliwo\u015b\u0107 otrzymania dodatkowego wsparcia finansowego w postaci dodatku aktywizacyjnego. \u015awiadczenie to przys\u0142uguje osobom, kt\u00f3re podejm\u0105 <a class=\"seoMapping\" href=\"https:\/\/ksiegowosc.infor.pl\/tematy\/zatrudnienie\/\" title=\"zatrudnienie\" rel=\"nofollow noopener\" target=\"_blank\">zatrudnienie<\/a> lub inn\u0105 prac\u0119 zarobkow\u0105, zar\u00f3wno z w\u0142asnej inicjatywy, jak i w wyniku skierowania przez Powiatowy Urz\u0105d Pracy, pod warunkiem \u017ce wysoko\u015b\u0107 otrzymywanego <a class=\"seoMapping\" href=\"https:\/\/kadry.infor.pl\/tematy\/wynagrodzenia\/\" title=\"wynagrodzenia\" rel=\"nofollow noopener\" target=\"_blank\">wynagrodzenia<\/a> b\u0119dzie ni\u017csza od obowi\u0105zuj\u0105cego minimalnego wynagrodzenia. W 2025 roku dodatek aktywizacyjny w Polsce mo\u017ce wynie\u015b\u0107 do 50 proc. zasi\u0142ku dla bezrobotnych. Przy obecnych stawkach oznacza to maksymalnie oko\u0142o 831 z\u0142 brutto miesi\u0119cznie. \u015awiadczenie to jest wyp\u0142acane przez po\u0142ow\u0119 czasu, na jaki przyznany by\u0142by zasi\u0142ek, a jego dok\u0142adna kwota jest powi\u0105zana z bie\u017c\u0105c\u0105 wysoko\u015bci\u0105 zasi\u0142ku (kt\u00f3ra na przyk\u0142ad od czerwca 2025 wynosi 1662 z\u0142 brutto).<\/p>\n<p>\u015awiadczenie rodzicielskie<\/p>\n<p>\u015awiadczenie rodzicielskie jest przeznaczone dla os\u00f3b opiekuj\u0105cych si\u0119 dzie\u0107mi, kt\u00f3re nie maj\u0105 prawa do zasi\u0142ku macierzy\u0144skiego. Dotyczy to mi\u0119dzy innymi os\u00f3b bezrobotnych, opiekun\u00f3w prawnych, rodzin zast\u0119pczych oraz rodzic\u00f3w adopcyjnych. Wysoko\u015b\u0107 \u015bwiadczenia wynosi 1000 z\u0142otych miesi\u0119cznie i jest niezale\u017cna od dochodu. Okres pobierania \u015bwiadczenia wynosi co najmniej 53 tygodnie, a w przypadku urodzenia lub przysposobienia wi\u0119cej ni\u017c jednego dziecka mo\u017ce by\u0107 d\u0142u\u017cszy.<\/p>\n<p>Dalszy ci\u0105g materia\u0142u pod wideo<\/p>\n<p>Zasi\u0142ek przedemerytalny<\/p>\n<p>Zasi\u0142ek przedemerytalny to forma wsparcia finansowego skierowana do os\u00f3b, kt\u00f3re utraci\u0142y zatrudnienie przed osi\u0105gni\u0119ciem wieku emerytalnego. Dotyczy to kobiet powy\u017cej 56. roku \u017cycia i m\u0119\u017cczyzn powy\u017cej 61. roku \u017cycia. Warunkiem uzyskania zasi\u0142ku jest mi\u0119dzy innymi posiadanie odpowiedniego sta\u017cu pracy oraz wcze\u015bniejsze pobieranie zasi\u0142ku dla bezrobotnych. Jego wysoko\u015b\u0107, ustalona na poziomie 1893,41 z\u0142 brutto od 1 marca 2025 roku, jest przeznaczona na z\u0142agodzenie skutk\u00f3w utraty pracy z przyczyn niezale\u017cnych od osoby ubezpieczonej, takich jak likwidacja zak\u0142adu pracy czy <a class=\"seoMapping\" href=\"https:\/\/mojafirma.infor.pl\/tematy\/ogloszenie-upadlosci\/\" title=\"og\u0142oszenie upad\u0142o\u015bci\" rel=\"nofollow noopener\" target=\"_blank\">og\u0142oszenie upad\u0142o\u015bci<\/a> dzia\u0142alno\u015bci gospodarczej.<\/p>\n","protected":false},"excerpt":{"rendered":"Osoby bezrobotne, czy to z w\u0142asnej woli, czy w wyniku zwolnienia, mog\u0105 liczy\u0107 na wsparcie pa\u0144stwa. Rejestracja w&hellip;\n","protected":false},"author":2,"featured_media":197087,"comment_status":"","ping_status":"","sticky":false,"template":"","format":"standard","meta":{"footnotes":""},"categories":[12],"tags":[32,33,28449,36,37,27,34,35,28,31,25,42,38,40,39,41,28450,29,30,26,28448,28451],"class_list":{"0":"post-197086","1":"post","2":"type-post","3":"status-publish","4":"format-standard","5":"has-post-thumbnail","7":"category-polska","8":"tag-breaking-news","9":"tag-breakingnews","10":"tag-dodatek-aktywizacyjny","11":"tag-featured-news","12":"tag-featurednews","13":"tag-headlines","14":"tag-latest-news","15":"tag-latestnews","16":"tag-naglowki","17":"tag-najwazniejsze-artykuly","18":"tag-news","19":"tag-pl","20":"tag-poland","21":"tag-polish","22":"tag-polska","23":"tag-polski","24":"tag-swiadczenie-rodzicielskie","25":"tag-top-stories","26":"tag-topstories","27":"tag-wiadomosci","28":"tag-zasilek-dla-bezrobotnych","29":"tag-zasilek-przedemerytalny"},"share_on_mastodon":{"url":"https:\/\/pubeurope.com\/@pl\/115869202690315738","error":""},"_links":{"self":[{"href":"https:\/\/www.europesays.com\/pl\/wp-json\/wp\/v2\/posts\/197086","targetHints":{"allow":["GET"]}}],"collection":[{"href":"https:\/\/www.europesays.com\/pl\/wp-json\/wp\/v2\/posts"}],"about":[{"href":"https:\/\/www.europesays.com\/pl\/wp-json\/wp\/v2\/types\/post"}],"author":[{"embeddable":true,"href":"https:\/\/www.europesays.com\/pl\/wp-json\/wp\/v2\/users\/2"}],"replies":[{"embeddable":true,"href":"https:\/\/www.europesays.com\/pl\/wp-json\/wp\/v2\/comments?post=197086"}],"version-history":[{"count":0,"href":"https:\/\/www.europesays.com\/pl\/wp-json\/wp\/v2\/posts\/197086\/revisions"}],"wp:featuredmedia":[{"embeddable":true,"href":"https:\/\/www.europesays.com\/pl\/wp-json\/wp\/v2\/media\/197087"}],"wp:attachment":[{"href":"https:\/\/www.europesays.com\/pl\/wp-json\/wp\/v2\/media?parent=197086"}],"wp:term":[{"taxonomy":"category","embeddable":true,"href":"https:\/\/www.europesays.com\/pl\/wp-json\/wp\/v2\/categories?post=197086"},{"taxonomy":"post_tag","embeddable":true,"href":"https:\/\/www.europesays.com\/pl\/wp-json\/wp\/v2\/tags?post=197086"}],"curies":[{"name":"wp","href":"https:\/\/api.w.org\/{rel}","templated":true}]}}