{"id":197088,"date":"2026-01-10T05:42:15","date_gmt":"2026-01-10T05:42:15","guid":{"rendered":"https:\/\/www.europesays.com\/pl\/197088\/"},"modified":"2026-01-10T05:42:15","modified_gmt":"2026-01-10T05:42:15","slug":"meczarnie-szostej-rakiety-swiata-w-brisbane-rywalka-napsula-jej-krwi-przeglad-sportowy-onet","status":"publish","type":"post","link":"https:\/\/www.europesays.com\/pl\/197088\/","title":{"rendered":"M\u0119czarnie sz\u00f3stej rakiety \u015bwiata w Brisbane! Rywalka napsu\u0142a jej krwi &#8211; Przegl\u0105d Sportowy Onet"},"content":{"rendered":"<ol>\n<li><a href=\"https:\/\/news.google.com\/rss\/articles\/CBMitgFBVV95cUxPSWJoSnhHYm11RldQenRGZTE4UU1WS2ZIY1hNZTlTTUp4RW9TX1F4bDNnSWpVWjVWZ3NjOVNXU1g0dWxmUGJkd1lVaVNZMkdxaktyUTE5ZHN1SGU2SUR5Q0JaVDZ0YU5xRlpTRFN2SW1zQWVEVGJTZFg5akNDTmdpdFpwT2tyUVdVUzlSOG5iMExUOFZrT0V2alpuOEhwVXIwUzY2NWtVUmNjbmMxQ1JXRWdHZlpxUQ?oc=5\" target=\"_blank\" rel=\"nofollow noopener\">M\u0119czarnie sz\u00f3stej rakiety \u015bwiata w Brisbane! Rywalka napsu\u0142a jej krwi<\/a>&nbsp;&nbsp;Przegl\u0105d Sportowy Onet<\/li>\n<li><a href=\"https:\/\/news.google.com\/rss\/articles\/CBMirgFBVV95cUxPb2Z1NUdYQ1NnbXVDcGk5a3E0RDJFQWRfNFJwUlVGeWViQldsbVFoelN2bExMSmU4SXNSTDB3VjA2bFdxNExKdnRkNTM3UHBHS3hpUXdHdTA4bUNvTkRuUDNqWEN6ZGwwSkRSTGpYbllwU0lTTkN5cUt1eFdxU2ZYMjFsYUNCUHI3TnVCUlQ3Vzhzd010ZF93UTNBYXFYOUhJWEtMNVA3Q1ZIZDNXbVE?oc=5\" target=\"_blank\" rel=\"nofollow noopener\">WTA Brisbane: Jessica Pegula &#8211; Marta Kostjuk [RELACJA NA \u017bYWO]<\/a>&nbsp;&nbsp;Przegl\u0105d Sportowy Onet<\/li>\n<li><a href=\"https:\/\/news.google.com\/rss\/articles\/CBMirgFBVV95cUxNN285T3dRdGJtM3JQa0g1ZlhVRDJ6Tl9EQnVFMGxzLXBrYnA2UUZyV3BFb1BiLWpWenlod2JRc0VMNXQ4LXZTWjhrci1zWTNtTXo3R2s0c2xCNzlKNmVreHpBVDRTcFVPNUNabzBJZmRvdF9Ka2JTOXVWYWNVUlBXNzlWQjlBbm1YM29FaHFGRldHYTg4elJ1R2dEQXR2WGZua0cxRUEza0ZDQ3ZULVE?oc=5\" target=\"_blank\" rel=\"nofollow noopener\">Kl\u0119ska Rosjanki w boju o p\u00f3\u0142fina\u0142 w Brisbane. Niebywa\u0142e sceny na korcie<\/a>&nbsp;&nbsp;Sport w INTERIA.PL<\/li>\n<li><a href=\"https:\/\/news.google.com\/rss\/articles\/CBMiqwFBVV95cUxNcmxxSFpEMm9ScTVKZnlHa0tHeGZCdzVVRzhZN3RqYUtmbWp1ZUw3dkZqNXlPRTNTdnRZLXBxTExTUDVPX292VXhZS0ZKV0ZaM2FYLWx4eDFhbVdSVEgtV29nN1lzOVh4SUR0dGpwNWplTUtzcE12T3VTVk45b0VzVHpGX09WYWY1dm5EZ0w1QVBvTi1sWU5DVi12Y2NUYUxXSWd0WFVXN2NTMjg?oc=5\" target=\"_blank\" rel=\"nofollow noopener\">Szale\u0144stwo w meczu Peguli! By\u0142o ju\u017c 5:3 i nag\u0142y zwrot. Ponad 2 godziny gry Tenis<\/a>&nbsp;&nbsp;Sport.pl<\/li>\n<li><a href=\"https:\/\/news.google.com\/rss\/articles\/CBMi0wFBVV95cUxNTFFOaW11X3hIQ1Nrd2dNZDAzWW1WeHNtdkdROUkxcTdLVmlrTENuOUVia3NVbVhvQ24zaE50VTRMWG1iV0lJOE9sc0hnTjBNcnhlVW9KUFdQRWNFUVg5b3NSZ2NVaVhVLWRmRXNnd0hIV3NWaGlsNENkUkJucXBmTjI5NVprNmhFWlFxdmdwV2xmT3Y3aGNVeDFyMTdtTGRFOHRQUFNwOGVDeldzMEFpNWJxTW0zSER3Ti13dVlhRkRrbHJSZHQ2WkdyaDhLOERYaFYw?oc=5\" target=\"_blank\" rel=\"nofollow noopener\">Spektakularny powr\u00f3t gwiazdy, szalony b\u00f3j o p\u00f3\u0142fina\u0142 w Brisbane!<\/a>&nbsp;&nbsp;MSN<\/li>\n<\/ol>\n","protected":false},"excerpt":{"rendered":"M\u0119czarnie sz\u00f3stej rakiety \u015bwiata w Brisbane! Rywalka napsu\u0142a jej krwi&nbsp;&nbsp;Przegl\u0105d Sportowy Onet WTA Brisbane: Jessica Pegula &#8211; Marta&hellip;\n","protected":false},"author":2,"featured_media":197089,"comment_status":"","ping_status":"","sticky":false,"template":"","format":"standard","meta":{"footnotes":""},"categories":[24],"tags":[14187,67,7376,42,38,40,39,41,136,128,47,127,135,126,156,130,36070,36832],"class_list":{"0":"post-197088","1":"post","2":"type-post","3":"status-publish","4":"format-standard","5":"has-post-thumbnail","7":"category-sport","8":"tag-dajana_jastremska","9":"tag-intextvideo_splayer","10":"tag-jessica_pegula","11":"tag-pl","12":"tag-poland","13":"tag-polish","14":"tag-polska","15":"tag-polski","16":"tag-ps_detal_new","17":"tag-psv2","18":"tag-screening_general","19":"tag-sport","20":"tag-sport_sport","21":"tag-sports","22":"tag-tenis","23":"tag-wiadomosci_sportowe","24":"tag-wta_500_w_brisbane","25":"tag-wta_w_brisbane"},"share_on_mastodon":{"url":"https:\/\/pubeurope.com\/@pl\/115869210561293017","error":""},"_links":{"self":[{"href":"https:\/\/www.europesays.com\/pl\/wp-json\/wp\/v2\/posts\/197088","targetHints":{"allow":["GET"]}}],"collection":[{"href":"https:\/\/www.europesays.com\/pl\/wp-json\/wp\/v2\/posts"}],"about":[{"href":"https:\/\/www.europesays.com\/pl\/wp-json\/wp\/v2\/types\/post"}],"author":[{"embeddable":true,"href":"https:\/\/www.europesays.com\/pl\/wp-json\/wp\/v2\/users\/2"}],"replies":[{"embeddable":true,"href":"https:\/\/www.europesays.com\/pl\/wp-json\/wp\/v2\/comments?post=197088"}],"version-history":[{"count":0,"href":"https:\/\/www.europesays.com\/pl\/wp-json\/wp\/v2\/posts\/197088\/revisions"}],"wp:featuredmedia":[{"embeddable":true,"href":"https:\/\/www.europesays.com\/pl\/wp-json\/wp\/v2\/media\/197089"}],"wp:attachment":[{"href":"https:\/\/www.europesays.com\/pl\/wp-json\/wp\/v2\/media?parent=197088"}],"wp:term":[{"taxonomy":"category","embeddable":true,"href":"https:\/\/www.europesays.com\/pl\/wp-json\/wp\/v2\/categories?post=197088"},{"taxonomy":"post_tag","embeddable":true,"href":"https:\/\/www.europesays.com\/pl\/wp-json\/wp\/v2\/tags?post=197088"}],"curies":[{"name":"wp","href":"https:\/\/api.w.org\/{rel}","templated":true}]}}