{"id":197092,"date":"2026-01-10T05:49:08","date_gmt":"2026-01-10T05:49:08","guid":{"rendered":"https:\/\/www.europesays.com\/pl\/197092\/"},"modified":"2026-01-10T05:49:08","modified_gmt":"2026-01-10T05:49:08","slug":"nhl-powraca-do-telewizji-polskiej-mariusz-czerkawski-kibice-zalowali-ze-nie-mogli-ogladac-meczow-sport-tvp-pl","status":"publish","type":"post","link":"https:\/\/www.europesays.com\/pl\/197092\/","title":{"rendered":"NHL powraca do Telewizji Polskiej. Mariusz Czerkawski: kibice \u017ca\u0142owali, \u017ce nie mogli ogl\u0105da\u0107 mecz\u00f3w &#8211; sport.tvp.pl"},"content":{"rendered":"<ol>\n<li><a href=\"https:\/\/news.google.com\/rss\/articles\/CBMixAFBVV95cUxNbWVkeDd5OE1qYTM3aV9TNVYwSmtfRy1majZGdllfMXlJcExFajl2Qmt2anpFVDRRSm9maDNaR2NkOTQ5VGhUakstX3ZocDk5WWo5clczNk84NWl2eXhib0Y1ZE5WR3YxTTZHS2I2VVRDcUNXVk9iYmFBQXhlTFZGTEMyTUtkWTFHWUJTX1lmeG8yRk55NmRybzc0R3gzaG80cFpXWnc2RnV4NWRvQWdJZ1lBVHJrMU9wVWc1Wkt2S2V4ZnJL0gHKAUFVX3lxTE82NkxPa2FqWXNKWEJoZ2VKN2hVa0pwVmtxUDlhSWhXTjJCZzZrYkFxek1CVFhqZ0tXX1ppTFhwLXNKWGlVRkpSSVFXOHdtcGVWU2d5SHpfTmdGeUo2alVtQ1FIMTR3SlF5Uk5hNE01UWIwTldIQVFnRkJYb0NURzZjOTFKYzc2eGNEU1B6UlVGeHBhOTVDN25RcTQyUkZsVThmc1pfOGtDLVByUmxobWpQWEFKWThzLTBXbmozQmFoOEZWVmpFQlRENlE?oc=5\" target=\"_blank\" rel=\"nofollow noopener\">NHL powraca do Telewizji Polskiej. Mariusz Czerkawski: kibice \u017ca\u0142owali, \u017ce nie mogli ogl\u0105da\u0107 mecz\u00f3w<\/a>&nbsp;&nbsp;sport.tvp.pl<\/li>\n<li><a href=\"https:\/\/news.google.com\/rss\/articles\/CBMivgFBVV95cUxPa2J4TzNxUU1LcHA0dXpuS3NOdW1KYWY0VmJNdXFVbDRuWTl2cU1Sempha0J3bVMxQlB0emhKWnVuclQtQUJNMzNCQUwwLXVTQm1Gak8wSkxCdGdsanQ1TlBXQThqWmpBU19SbGhnNGUySmNFMldpUG5ZZkhFSEFtWElLejZGY2lOSjF1MzQ5Y0dVUTVtVWs3SUliM1VYLWpsbjVPSS1QWXptUFNwVzFVQzZhR3Zlalh1bHNaelFn?oc=5\" target=\"_blank\" rel=\"nofollow noopener\">TVP og\u0142asza powr\u00f3t po latach przerwy. Oto co zobacz\u0105 widzowie<\/a>&nbsp;&nbsp;Przegl\u0105d Sportowy Onet<\/li>\n<li><a href=\"https:\/\/news.google.com\/rss\/articles\/CBMilgFBVV95cUxObk41eTFSUlgzME9ZX2h5bUx3WWF4WFVDZnBteGRudXc0SmNFS21MUHVxWEJlaVB3LTI1dDJlSkNybmRwejVwWlhlSHlRejc0NXNjMG1jeHhaR3Zzamw4cnlsUURhenhEOHNYVEh5bWt1b3l1bk9obG41U1c2dFBiamN2cFBSbnAtQXlTTzJGVEdZOXJERlHSAZsBQVVfeXFMT29waWJydU95cTVIcUhZUmV3cndBRjFPNmtMazVkMFp5amxucUdHMFo4TGRINDVZNmNLaHpQcjJGcnFCTWJQbzNTQnBuRHZvSHdGYWowMjI4YmtzV2pIWkFiUDRaRE9qZE01bHFaN0ppTlBpQlN6LVF4MXU2dzBDc2xkTDNDY05hbVdPNDV4dDNDcGwzY0lmN1gzVkk?oc=5\" target=\"_blank\" rel=\"nofollow noopener\">NHL wraca do Telewizji Polskiej! Pierwszy mecz ju\u017c 11 stycznia<\/a>&nbsp;&nbsp;sport.tvp.pl<\/li>\n<li><a href=\"https:\/\/news.google.com\/rss\/articles\/CBMikgFBVV95cUxNOFp1MjJaamIxdm9RbjlvY2syOXFrRnRJSWhYS2xFVlJKUUxPS05Gc1dkU3h4M1QtWmFiZW9QdUNUMDduMVFNWGJ2UTZlVXNoWEtqX0Z5dHJwUVpxcFFIV3BTbkFjV0NlYlJQRlltNzZVZm0xaGNaaWpGNjhBS1A4aWF3b3NyU0ZEa1R0Zzl1TnV0Zw?oc=5\" target=\"_blank\" rel=\"nofollow noopener\">Oficjalnie. Legendarne rozgrywki wracaj\u0105 do TVP<\/a>&nbsp;&nbsp;SportoweFakty<\/li>\n<li><a href=\"https:\/\/news.google.com\/rss\/articles\/CBMiqwFBVV95cUxPY1B4OEZjRE9kUVhTNkdtdWZUQVBVbzlCUWMxQ0ZIVkp2cHNRYkVMTmlhcFJNVG9GMHJvUnZZQXRwMjhraWpram9hb2ZaT3VfNENtcUdZY3c0MkIyVWJFWTFKWnZ1ZlNFRGRMSUNIdjUtWnkwb000bXZtSW8tbnhFX0cwc0xNVnE3ZFJVOEVwSTU0RHVod3VEdWFUTWt5VUJJeHFpejd2RldzSHc?oc=5\" target=\"_blank\" rel=\"nofollow noopener\">Kolejne prawa sportowe wracaj\u0105 do TVP. Pierwsza transmisja 11 stycznia<\/a>&nbsp;&nbsp;wirtualnemedia.pl<\/li>\n<\/ol>\n","protected":false},"excerpt":{"rendered":"NHL powraca do Telewizji Polskiej. Mariusz Czerkawski: kibice \u017ca\u0142owali, \u017ce nie mogli ogl\u0105da\u0107 mecz\u00f3w&nbsp;&nbsp;sport.tvp.pl TVP og\u0142asza powr\u00f3t po&hellip;\n","protected":false},"author":2,"featured_media":197093,"comment_status":"","ping_status":"","sticky":false,"template":"","format":"standard","meta":{"footnotes":""},"categories":[24],"tags":[8028,30524,38094,37989,42,38,40,39,41,127,334,126],"class_list":{"0":"post-197092","1":"post","2":"type-post","3":"status-publish","4":"format-standard","5":"has-post-thumbnail","7":"category-sport","8":"tag-hokej","9":"tag-hokej-na-lodzie","10":"tag-mariusz-czerkawski","11":"tag-nhl","12":"tag-pl","13":"tag-poland","14":"tag-polish","15":"tag-polska","16":"tag-polski","17":"tag-sport","18":"tag-sport-tvp-pl","19":"tag-sports"},"share_on_mastodon":{"url":"https:\/\/pubeurope.com\/@pl\/115869238170489256","error":""},"_links":{"self":[{"href":"https:\/\/www.europesays.com\/pl\/wp-json\/wp\/v2\/posts\/197092","targetHints":{"allow":["GET"]}}],"collection":[{"href":"https:\/\/www.europesays.com\/pl\/wp-json\/wp\/v2\/posts"}],"about":[{"href":"https:\/\/www.europesays.com\/pl\/wp-json\/wp\/v2\/types\/post"}],"author":[{"embeddable":true,"href":"https:\/\/www.europesays.com\/pl\/wp-json\/wp\/v2\/users\/2"}],"replies":[{"embeddable":true,"href":"https:\/\/www.europesays.com\/pl\/wp-json\/wp\/v2\/comments?post=197092"}],"version-history":[{"count":0,"href":"https:\/\/www.europesays.com\/pl\/wp-json\/wp\/v2\/posts\/197092\/revisions"}],"wp:featuredmedia":[{"embeddable":true,"href":"https:\/\/www.europesays.com\/pl\/wp-json\/wp\/v2\/media\/197093"}],"wp:attachment":[{"href":"https:\/\/www.europesays.com\/pl\/wp-json\/wp\/v2\/media?parent=197092"}],"wp:term":[{"taxonomy":"category","embeddable":true,"href":"https:\/\/www.europesays.com\/pl\/wp-json\/wp\/v2\/categories?post=197092"},{"taxonomy":"post_tag","embeddable":true,"href":"https:\/\/www.europesays.com\/pl\/wp-json\/wp\/v2\/tags?post=197092"}],"curies":[{"name":"wp","href":"https:\/\/api.w.org\/{rel}","templated":true}]}}