{"id":197096,"date":"2026-01-10T05:55:10","date_gmt":"2026-01-10T05:55:10","guid":{"rendered":"https:\/\/www.europesays.com\/pl\/197096\/"},"modified":"2026-01-10T05:55:10","modified_gmt":"2026-01-10T05:55:10","slug":"spor-wokol-grenlandii-prezydent-usa-stawia-ultimatum","status":"publish","type":"post","link":"https:\/\/www.europesays.com\/pl\/197096\/","title":{"rendered":"Sp\u00f3r wok\u00f3\u0142 Grenlandii. Prezydent USA stawia ultimatum"},"content":{"rendered":"<p>W pi\u0105tek podczas spotkania z przedstawicielami koncern\u00f3w naftowych w sprawie eksploatacji z\u0142\u00f3\u017c w Wenezueli prezydent Trump ponownie zapowiedzia\u0142, \u017ce Stany Zjednoczone dokonaj\u0105 aneksji Grenlandii. Z perspektywy Bia\u0142ego Domu ma by\u0107 to konieczno\u015b\u0107 podyktowana kwestiami bezpiecze\u0144stwa.<\/p>\n<p>\u00a0<\/p>\n<p>ZOBACZ: <a href=\"https:\/\/www.polsatnews.pl\/wiadomosc\/2026-01-05\/koniec-z-fantazjami-mocna-odpowiedz-na-slowa-trumpa\/\" target=\"_blank\" rel=\"noopener noreferrer nofollow\">&#8222;Koniec z fantazjami&#8221;. Mocna odpowied\u017a na s\u0142owa Trumpa<\/a><\/p>\n<p>W rozmowie z dziennikarzami prezydent USA postawi\u0142 ultimatum. &#8211; Chcia\u0142bym zawrze\u0107 umow\u0119, wiecie, w prosty spos\u00f3b. Ale je\u015bli nie zrobimy tego w prosty spos\u00f3b, zrobimy to w trudny spos\u00f3b &#8211; powiedzia\u0142 prezydent USA.<\/p>\n<p>\u00a0<\/p>\n<p>Donald Trump odni\u00f3s\u0142 si\u0119 tak\u017ce do doniesie\u0144, wed\u0142ug kt\u00f3rych USA planuj\u0105 zach\u0119ci\u0107 mieszka\u0144c\u00f3w wyspy do projektu aneksji przez wyp\u0142acenie im od 10 do 100 tys. dol.\u00a0<\/p>\n<p>\u00a0<\/p>\n<p>ZOBACZ: <a href=\"https:\/\/www.polsatnews.pl\/wiadomosc\/2026-01-08\/dolary-za-przychylnosc-mieszkancow-media-o-planie-trumpa-ws-grenlandii\/\" target=\"_blank\" rel=\"noopener noreferrer nofollow\">Dolary za przychylno\u015b\u0107 mieszka\u0144c\u00f3w. Media o planie Trumpa ws. Grenlandii<\/a><\/p>\n<p>\u00a0<\/p>\n<p>&#8211; Nie m\u00f3wi\u0119 jeszcze o pieni\u0105dzach dla Grenlandii. Mog\u0119 o tym porozmawia\u0107, ale teraz zamierzamy co\u015b zrobi\u0107 w sprawie Grenlandii, niezale\u017cnie od tego, czy im si\u0119 to podoba, czy nie. Bo je\u015bli tego nie zrobimy, Rosja albo Chiny przejm\u0105 Grenlandi\u0119, a my b\u0119dziemy mieli Rosj\u0119 albo Chiny za s\u0105siada &#8211; powiedzia\u0142 prezydent USA w Gabinecie Owalnym.<\/p>\n<p>Ministerstwo Obrony Danii: W razie ataku si\u0142y podejm\u0105 walk\u0119 bez rozkazu<\/p>\n<p>Donald Trump w rozmowie z dziennikarzami zakwestionowa\u0142 zale\u017cno\u015b\u0107 Grenlandii od Danii. &#8211; Fakt, \u017ce wyl\u0105dowali tam \u0142odzi\u0105 500 lat temu, nie znaczy, \u017ce posiadaj\u0105 t\u0119 ziemi\u0119 &#8211; stwierdzi\u0142 prezydent USA.<\/p>\n<p>\u00a0<\/p>\n<p>W czwartek Dania zapowiedzia\u0142a, \u017ce w przypadku\u00a0ewentualnej inwazji obcych wojsk na terytorium Grenlandii stosowa\u0107 b\u0119d\u0105 ameryka\u0144sko-du\u0144skie ustalenia z 1952 r. Stanowi\u0105 one, \u017ce w razie ataku du\u0144skie wojska na Grenlandii b\u0119d\u0105 strzela\u0107 bez rozkazu.\u00a0<\/p>\n<p>\u00a0<\/p>\n<p>ZOBACZ: <a href=\"https:\/\/www.polsatnews.pl\/wiadomosc\/2026-01-08\/beda-strzelac-bez-rozkazu-tak-zamieraja-bronic-grenlandii\/\" target=\"_blank\" rel=\"noopener noreferrer nofollow\">B\u0119d\u0105 strzela\u0107 bez rozkazu. Tak zamierzaj\u0105 broni\u0107 Grenlandii<\/a><\/p>\n<p>\u00a0<\/p>\n<p>&#8222;Zaatakowane si\u0142y musz\u0105 natychmiast podj\u0105\u0107 walk\u0119 bez rozkazu, nawet je\u017celi ich dow\u00f3dcy nie zostali poinformowani, \u017ce kraj znalaz\u0142 si\u0119 w stanie wojny\u201d &#8211; przekaza\u0142o du\u0144skie Ministerstwo Obrony.<\/p>\n<p>&#8222;Grenlandia nale\u017cy do jej mieszka\u0144c\u00f3w&#8221;. Pa\u0144stwa UE wspar\u0142y Dani\u0119<\/p>\n<p>Wed\u0142ug sekretarza generalnego NATO Marka Rutte opcj\u0105, kt\u00f3r\u0105 nale\u017cy wzi\u0105\u0107 pod uwag\u0119 w poszukiwaniu kompromisu, jest zwi\u0119kszenie obecno\u015bci USA na wyspie. &#8211; Je\u015bli chodzi konkretnie o Grenlandi\u0119, to wiem, \u017ce dyskusje s\u0105 naprawd\u0119 otwarte, je\u015bli chodzi o rozmieszczenie dodatkowych wojsk ameryka\u0144skich &#8211; powiedzia\u0142 Rutte w rozmowie z CNN.\u00a0<\/p>\n<p>\u00a0<\/p>\n<p>ZOBACZ: <a href=\"https:\/\/www.polsatnews.pl\/wiadomosc\/2026-01-06\/europejscy-liderzy-stawiaja-sprawe-jasno-ws-grenlandii-jest-oswiadczenie\/\" target=\"_blank\" rel=\"noopener noreferrer nofollow\">Europejscy liderzy stawiaj\u0105 spraw\u0119 jasno ws. Grenlandii. Jest o\u015bwiadczenie<\/a><\/p>\n<p>\u00a0<\/p>\n<p>Nad rozwi\u0105zaniem sporu pracuj\u0105 tak\u017ce pa\u0144stwa Unii Europejskiej, w tym Polska. Podczas rozm\u00f3w w Pary\u017cu wypracowano stanowisko, w kt\u00f3rym podkre\u015blono strategiczne znaczenie Grenlandii dla bezpiecze\u0144stwa, wag\u0119 Stan\u00f3w Zjednoczonych w NATO, ale te\u017c prawo do samostanowienia mieszka\u0144c\u00f3w Grenlandii.<\/p>\n<p>\u00a0<\/p>\n<p>&#8222;Grenlandia nale\u017cy do jej mieszka\u0144c\u00f3w. Tylko Danii i Grenlandii przys\u0142uguje prawo do podejmowania decyzji w sprawach dotycz\u0105cych Danii i Grenlandii&#8221; &#8211; czytamy w o\u015bwiadczeniu podpisanym przez prezydenta Francji, kanclerz Niemiec, premier W\u0142och, Polski, Hiszpanii Wielkiej Brytanii i Danii.<\/p>\n<p>\u00a0<\/p>\n<p>Widzia\u0142e\u015b co\u015b wa\u017cnego? Przy\u015blij zdj\u0119cie, film lub napisz, co si\u0119 sta\u0142o. Skorzystaj z naszej <a href=\"https:\/\/www.polsatnews.pl\/platforma-widzow\/\" target=\"_blank\" rel=\"noopener noreferrer nofollow\">Wrzutni<\/a><\/p>\n<p>                <img decoding=\"async\" src=\"https:\/\/www.europesays.com\/pl\/wp-content\/uploads\/2026\/01\/5q48r16btcf1ykpn5tnry638hhd6zrtp.jpg\" alt=\"\" itemprop=\"contentUrl\" style=\"position:absolute; width: 100%; max-height: 100%;\"\/><video controls=\"\" controlslist=\"nodownload\" poster=\"https:\/\/www.europesays.com\/pl\/wp-content\/uploads\/2026\/01\/5q48r16btcf1ykpn5tnry638hhd6zrtp.jpg\" class=\"videoPlayer player6856641 news__video\" data-id=\"6856641\">Twoja przegl\u0105darka nie wspiera odtwarzacza wideo&#8230;<\/video><\/p>\n<p>                <a class=\"news__read-more-button\" href=\"https:\/\/www.polsatnews.pl\/\" rel=\"nofollow noopener\" target=\"_blank\">Czytaj wi\u0119cej<\/a><\/p>\n","protected":false},"excerpt":{"rendered":"W pi\u0105tek podczas spotkania z przedstawicielami koncern\u00f3w naftowych w sprawie eksploatacji z\u0142\u00f3\u017c w Wenezueli prezydent Trump ponownie zapowiedzia\u0142,&hellip;\n","protected":false},"author":2,"featured_media":197097,"comment_status":"","ping_status":"","sticky":false,"template":"","format":"standard","meta":{"footnotes":""},"categories":[5],"tags":[32,33,36,37,27,34,35,28,31,25,42,38,40,39,41,29,30,26],"class_list":{"0":"post-197096","1":"post","2":"type-post","3":"status-publish","4":"format-standard","5":"has-post-thumbnail","7":"category-naglowki","8":"tag-breaking-news","9":"tag-breakingnews","10":"tag-featured-news","11":"tag-featurednews","12":"tag-headlines","13":"tag-latest-news","14":"tag-latestnews","15":"tag-naglowki","16":"tag-najwazniejsze-artykuly","17":"tag-news","18":"tag-pl","19":"tag-poland","20":"tag-polish","21":"tag-polska","22":"tag-polski","23":"tag-top-stories","24":"tag-topstories","25":"tag-wiadomosci"},"share_on_mastodon":{"url":"https:\/\/pubeurope.com\/@pl\/115869261682414732","error":""},"_links":{"self":[{"href":"https:\/\/www.europesays.com\/pl\/wp-json\/wp\/v2\/posts\/197096","targetHints":{"allow":["GET"]}}],"collection":[{"href":"https:\/\/www.europesays.com\/pl\/wp-json\/wp\/v2\/posts"}],"about":[{"href":"https:\/\/www.europesays.com\/pl\/wp-json\/wp\/v2\/types\/post"}],"author":[{"embeddable":true,"href":"https:\/\/www.europesays.com\/pl\/wp-json\/wp\/v2\/users\/2"}],"replies":[{"embeddable":true,"href":"https:\/\/www.europesays.com\/pl\/wp-json\/wp\/v2\/comments?post=197096"}],"version-history":[{"count":0,"href":"https:\/\/www.europesays.com\/pl\/wp-json\/wp\/v2\/posts\/197096\/revisions"}],"wp:featuredmedia":[{"embeddable":true,"href":"https:\/\/www.europesays.com\/pl\/wp-json\/wp\/v2\/media\/197097"}],"wp:attachment":[{"href":"https:\/\/www.europesays.com\/pl\/wp-json\/wp\/v2\/media?parent=197096"}],"wp:term":[{"taxonomy":"category","embeddable":true,"href":"https:\/\/www.europesays.com\/pl\/wp-json\/wp\/v2\/categories?post=197096"},{"taxonomy":"post_tag","embeddable":true,"href":"https:\/\/www.europesays.com\/pl\/wp-json\/wp\/v2\/tags?post=197096"}],"curies":[{"name":"wp","href":"https:\/\/api.w.org\/{rel}","templated":true}]}}