{"id":197127,"date":"2026-01-10T06:15:14","date_gmt":"2026-01-10T06:15:14","guid":{"rendered":"https:\/\/www.europesays.com\/pl\/197127\/"},"modified":"2026-01-10T06:15:14","modified_gmt":"2026-01-10T06:15:14","slug":"sokotra-grupa-polakow-wroci-do-kraju-ambasada-podala-termin-lotu","status":"publish","type":"post","link":"https:\/\/www.europesays.com\/pl\/197127\/","title":{"rendered":"Sokotra. Grupa Polak\u00f3w wr\u00f3ci do kraju. Ambasada poda\u0142a termin lotu"},"content":{"rendered":"<ul class=\"typography ids-typeset-body ids-typeset-body--preset-large list ids-list ids-list--unordered ids-list--size-large \" datatype=\"disc\">\n<li class=\"ids-list-item\">\n<p>Ambasada RP w Arabii Saudyjskiej poinformowa\u0142a, \u017ce grupa 52 Polak\u00f3w opu\u015bci w sobot\u0119 jeme\u0144sk\u0105 wysp\u0119 Sokotra.<\/p>\n<\/li>\n<li class=\"ids-list-item\">\n<p>Polskie MSZ wci\u0105\u017c odradza podr\u00f3\u017ce do Jemenu z powodu trwaj\u0105cej od ponad dekady wojny domowej.<\/p>\n<\/li>\n<li class=\"ids-list-item\">\n<p>W\u0142adze podkre\u015blaj\u0105 ograniczone mo\u017cliwo\u015bci pomocy konsularnej dla Polak\u00f3w przebywaj\u0105cych na terenie ogarni\u0119tego konfliktem kraju.<\/p>\n<\/li>\n<li class=\"ids-list-item\">Wi\u0119cej wa\u017cnych informacji znajdziesz na <a class=\"ids-undecorated-link link ids-link link\" href=\"https:\/\/www.interia.pl\/#utm_source=wydarzenia&amp;utm_medium=bullet&amp;utm_campaign=powrot_z_wew&amp;iwa_source=bullet\" target=\"_blank\" rel=\"nofollow noopener\">stronie g\u0142\u00f3wnej Interii<\/a><\/li>\n<\/ul>\n<p class=\"typography ids-typeset-body ids-typeset-body--preset-large link paragraph ids-paragraph ids-paragraph--default\">W pi\u0105tek po po\u0142udniu ambasada RP w Arabii Saudyjskiej poinformowa\u0142a na platformie X, \u017ce &#8222;jutro kolejna grupa 52 Polak\u00f3w opu\u015bci wysp\u0119&#8221; Sokotra.<\/p>\n<p class=\"typography ids-typeset-body ids-typeset-body--preset-large link paragraph ids-paragraph ids-paragraph--default\">Jak wynika z do\u0142\u0105czonego do tego wpisu rozk\u0142adu komercyjnych po\u0142\u0105cze\u0144 lokalnej linii lotniczej Yemenia, na sobot\u0119 przewidziany jest jeden lot z Sokotry. Start samolotu Airbus A320 z wyspy jest zaplanowany na godz. 9.30 lokalnego czasu, a l\u0105dowanie w <a href=\"https:\/\/wydarzenia.interia.pl\/tematy-arabia-saudyjska,gsbi,4418\" rel=\"nofollow noopener\" target=\"_blank\">Arabii Saudyjskiej<\/a> trzy godziny p\u00f3\u017aniej.<\/p>\n<p>Jemen. Wysp\u0119 Sokotra opu\u015bci 52 Polak\u00f3w<\/p>\n<p class=\"typography ids-typeset-body ids-typeset-body--preset-large link paragraph ids-paragraph ids-paragraph--default\">&#8222;W koordynacji z lini\u0105 Yemenia loty b\u0119d\u0105 si\u0119 odbywa\u0107 tak d\u0142ugo, jak b\u0119dzie potrzeba, to znaczy do momentu kiedy wszyscy Polacy opuszcz\u0105 wysp\u0119&#8221; &#8211; zapewnia\u0142a w czwartek ambasada.<\/p>\n<p class=\"typography ids-typeset-body ids-typeset-body--preset-large link paragraph ids-paragraph ids-paragraph--default\">W ubieg\u0142y weekend informowano, \u017ce na jeme\u0144skiej wyspie Sokotra w zwi\u0105zku z og\u0142oszon\u0105 blokad\u0105 lot\u00f3w\u00a0utkn\u0119\u0142a kilkudziesi\u0119cioosobowa grupa polskich turyst\u00f3w, kt\u00f3rzy udali si\u0119 tam mimo oficjalnych ostrze\u017ce\u0144 MSZ.<\/p>\n<p class=\"typography ids-typeset-body ids-typeset-body--preset-large link paragraph ids-paragraph ids-paragraph--default\">Dodajmy, \u017ce resort spraw zagranicznych od dawna odradza\u0142 wszelkie podr\u00f3\u017ce do <a href=\"https:\/\/wydarzenia.interia.pl\/tematy-jemen,gsbi,4680\" rel=\"nofollow noopener\" target=\"_blank\">Jemenu<\/a>, w kt\u00f3rym od blisko 12 lat trwa wojna domowa.<\/p>\n<p class=\"typography ids-typeset-body ids-typeset-body--preset-large link paragraph ids-paragraph ids-paragraph--default\">Rzecznik MSZ podkre\u015bla\u0142 na pocz\u0105tku tygodnia, \u017ce &#8222;niestety, zdarzaj\u0105 si\u0119 przypadki nie tylko ignorowania komunikat\u00f3w MSZ dotycz\u0105cych bezpiecze\u0144stwa przez niekt\u00f3rych organizator\u00f3w wyjazd\u00f3w, ale r\u00f3wnie\u017c ich bagatelizowania w informacjach przekazywanych klientom&#8221;.<\/p>\n<p class=\"typography ids-typeset-body ids-typeset-body--preset-large link paragraph ids-paragraph ids-paragraph--default\">&#8222;Mimo trudnej sytuacji bezpiecze\u0144stwa cz\u0119\u015b\u0107 organizator\u00f3w wycieczek w dalszym ci\u0105gu &#8211; wbrew ostrze\u017ceniom MSZ &#8211; oferuje wyjazdy na wysp\u0119 Sokotra, kt\u00f3ra nale\u017cy do ogarni\u0119tej wojn\u0105 domow\u0105 Republiki Jeme\u0144skiej. Trwaj\u0105ca od ponad 11 lat wojna doprowadzi\u0142a tam do jednego z najpowa\u017cniejszych kryzys\u00f3w humanitarnych na \u015bwiecie&#8221; &#8211; zaznacza\u0142.<\/p>\n<p>Jemen. MSZ: Ambasada RP pozostaje w kontakcie z liniami lotniczymi<\/p>\n<p class=\"typography ids-typeset-body ids-typeset-body--preset-large link paragraph ids-paragraph ids-paragraph--default\">W poniedzia\u0142ek rzecznik MSZ Maciej Wewi\u00f3r zapewnia\u0142, \u017ce &#8222;Ambasada RP w Rijadzie pozostaje w\u00a0sta\u0142ym kontakcie z kierownictwem linii lotniczych, kt\u00f3re potencjalnie mog\u0142yby uruchomi\u0107 po\u0142\u0105czenia umo\u017cliwiaj\u0105ce naszym obywatelom bezpieczne opuszczenie Sokotry&#8221;.<\/p>\n<p class=\"typography ids-typeset-body ids-typeset-body--preset-large link paragraph ids-paragraph ids-paragraph--default\">&#8222;Przedstawiciele naszej plac\u00f3wki w Arabii Saudyjskiej koordynuj\u0105 wraz z Delegatur\u0105 Unii Europejskiej w Jemenie z siedzib\u0105 w Ammanie dzia\u0142ania zwi\u0105zane\u00a0z sytuacj\u0105 obywateli pa\u0144stw <a href=\"https:\/\/wydarzenia.interia.pl\/tematy-unia-europejska,gsbi,46\" rel=\"nofollow noopener\" target=\"_blank\">Unii Europejskiej<\/a>, kt\u00f3rzy utkn\u0119li na wyspie Sokotra&#8221; &#8211; zapewnia\u0142 Wewi\u00f3r.<\/p>\n<p class=\"typography ids-typeset-body ids-typeset-body--preset-large link paragraph ids-paragraph ids-paragraph--default\">Od \u015brody linia Yemenia &#8211; jak wynika\u0142o z rozk\u0142adu komercyjnych przelot\u00f3w &#8211; wznowi\u0142a po\u0142\u0105czenia z Sokotr\u0105. Na \u015brod\u0119 by\u0142 przewidziany jeden taki lot &#8211; do D\u017ceddy w Arabii Saudyjskiej.<\/p>\n<p class=\"typography ids-typeset-body ids-typeset-body--preset-large link paragraph ids-paragraph ids-paragraph--default\">Z kolei na czwartek przewidziane by\u0142y dwa loty &#8211; do Adenu i do D\u017ceddy. W pi\u0105tek do D\u017ceddy wyznaczono nast\u0119pny lot. <a href=\"https:\/\/wydarzenia.interia.pl\/tematy-polska,gsbi,2628\" rel=\"nofollow noopener\" target=\"_blank\">Polska<\/a> ambasada w Arabii Saudyjskiej informowa\u0142a, \u017ce dotychczas Sokotr\u0119 tymi lotami opu\u015bci\u0142o kilkudziesi\u0119ciu Polak\u00f3w.<\/p>\n<p>Sokotra. Polskie MSZ stale ostrzega przed wyjazdami do Jemenu<\/p>\n<p class=\"typography ids-typeset-body ids-typeset-body--preset-large link paragraph ids-paragraph ids-paragraph--default\">Wewi\u00f3r przypomnia\u0142, \u017ce w zwi\u0105zku z pogorszeniem si\u0119 sytuacji bezpiecze\u0144stwa w Republice Jeme\u0144skiej oraz zawieszeniem po\u0142\u0105cze\u0144 lotniczych na stronie polskiego MSZ na bie\u017c\u0105co aktualizowane s\u0105 ostrze\u017cenia przed wyjazdami do niebezpiecznych rejon\u00f3w.<\/p>\n<p class=\"typography ids-typeset-body ids-typeset-body--preset-large link paragraph ids-paragraph ids-paragraph--default\">&#8222;W zwi\u0105zku z sytuacj\u0105 kryzysow\u0105 na wyspie Sokotra Ambasada RP w Rijadzie przypomina, \u017ce dla Jemenu obowi\u0105zuje najwy\u017cszy poziom ostrze\u017cenia dla podr\u00f3\u017cnych &#8211; zalecenie unikania wszelkich podr\u00f3\u017cy do Jemenu, w tym na Sokotr\u0119. Rekomendacja MSZ obowi\u0105zuje od pocz\u0105tku wojny w Jemenie&#8221; &#8211; ostrzega\u0142o MSZ na pocz\u0105tku roku.<\/p>\n<p class=\"typography ids-typeset-body ids-typeset-body--preset-large link paragraph ids-paragraph ids-paragraph--default\">MSZ na swoich stronach podkre\u015bla, \u017ce &#8222;w zwi\u0105zku z zagro\u017ceniem bezpiecze\u0144stwa oraz brakiem polskiej plac\u00f3wki w tym kraju mo\u017cliwo\u015b\u0107 udzielenia bezpo\u015bredniej pomocy konsularnej obywatelom polskim jest bardzo ograniczona&#8221;.<\/p>\n<p class=\"typography ids-typeset-body ids-typeset-body--preset-large link paragraph ids-paragraph ids-paragraph--default\">&#8222;Obywatele polscy przebywaj\u0105cy na terytorium Jemenu pomimo powy\u017cszego ostrze\u017cenia powinni zg\u0142osi\u0107 sw\u00f3j pobyt w systemie rejestracji podr\u00f3\u017cy Odyseusz&#8221; &#8211; dodano.<\/p>\n<p>W Jemenie od ponad dekady trwa wojna domowa<\/p>\n<p class=\"typography ids-typeset-body ids-typeset-body--preset-large link paragraph ids-paragraph ids-paragraph--default\">Obecny wzrost napi\u0119\u0107 w tym rejonie zwi\u0105zany jest z konfliktem mi\u0119dzy Arabi\u0105 Saudyjsk\u0105 i Zjednoczonymi Emiratami Arabskimi.<\/p>\n<p class=\"typography ids-typeset-body ids-typeset-body--preset-large link paragraph ids-paragraph ids-paragraph--default\">W grudniu kontrol\u0119 nad prowincj\u0105 Hadramaut przej\u0119\u0142a wspierana przez rz\u0105d ZEA rebeliancka Rada Przej\u015bciowa Po\u0142udnia (STC). Arabia Saudyjska zareagowa\u0142a ostrzelaniem transportu broni, kt\u00f3ra &#8211; jak twierdzi\u0142a &#8211; by\u0142a wys\u0142ana przez Abu Zabi dla si\u0142 STC.<\/p>\n<p class=\"typography ids-typeset-body ids-typeset-body--preset-large link paragraph ids-paragraph ids-paragraph--default\">Przyw\u00f3dca wspieranej przez Arabi\u0119 Saudyjsk\u0105 jeme\u0144skiej Rady Prezydenckiej, Raszad al-Alimi, nazwa\u0142 dzia\u0142ania STC &#8222;nieakceptowaln\u0105 rebeli\u0105&#8221; i og\u0142osi\u0142 blokad\u0119 powietrzn\u0105, morsk\u0105 i l\u0105dow\u0105. W rezultacie w ostatnich dniach grudnia lotnisko na Sokotrze r\u00f3wnie\u017c przesta\u0142o dzia\u0142a\u0107 w spos\u00f3b niezak\u0142\u00f3cony.<\/p>\n<p>Motyka w &#8221;Go\u015bciu Wydarze\u0144&#8221; o decyzji premiera w sprawie ustawy o PIP: To nie jest z\u0142e potraktowanie, tylko ewidentna r\u00f3\u017cnica zda\u0144Polsat NewsPolsat News<\/p>\n<p><a class=\"ids-undecorated-link source ids-page-info--source__link\" href=\"https:\/\/p.iplsc.com\/-\/000L0SCEGA4O3ESS.pdf\" rel=\"nofollow noopener\" target=\"_blank\"><img decoding=\"async\" class=\"ids-image-holder__img\" loading=\"lazy\" alt=\"\" title=\"\" height=\"24px\" src=\"https:\/\/www.europesays.com\/pl\/wp-content\/uploads\/2026\/01\/1767424989_457_0009A6098CYXTC6T-C202-F4.webp.webp\"\/><\/a><\/p>\n<p>Masz sugestie, uwagi albo widzisz b\u0142\u0105d? Napisz do nas<\/p>\n","protected":false},"excerpt":{"rendered":"Ambasada RP w Arabii Saudyjskiej poinformowa\u0142a, \u017ce grupa 52 Polak\u00f3w opu\u015bci w sobot\u0119 jeme\u0144sk\u0105 wysp\u0119 Sokotra. Polskie MSZ&hellip;\n","protected":false},"author":2,"featured_media":197128,"comment_status":"","ping_status":"","sticky":false,"template":"","format":"standard","meta":{"footnotes":""},"categories":[12],"tags":[32,33,36,37,27,34,35,28,31,25,42,38,40,39,41,29,30,26],"class_list":{"0":"post-197127","1":"post","2":"type-post","3":"status-publish","4":"format-standard","5":"has-post-thumbnail","7":"category-polska","8":"tag-breaking-news","9":"tag-breakingnews","10":"tag-featured-news","11":"tag-featurednews","12":"tag-headlines","13":"tag-latest-news","14":"tag-latestnews","15":"tag-naglowki","16":"tag-najwazniejsze-artykuly","17":"tag-news","18":"tag-pl","19":"tag-poland","20":"tag-polish","21":"tag-polska","22":"tag-polski","23":"tag-top-stories","24":"tag-topstories","25":"tag-wiadomosci"},"share_on_mastodon":{"url":"https:\/\/pubeurope.com\/@pl\/115869340440504280","error":""},"_links":{"self":[{"href":"https:\/\/www.europesays.com\/pl\/wp-json\/wp\/v2\/posts\/197127","targetHints":{"allow":["GET"]}}],"collection":[{"href":"https:\/\/www.europesays.com\/pl\/wp-json\/wp\/v2\/posts"}],"about":[{"href":"https:\/\/www.europesays.com\/pl\/wp-json\/wp\/v2\/types\/post"}],"author":[{"embeddable":true,"href":"https:\/\/www.europesays.com\/pl\/wp-json\/wp\/v2\/users\/2"}],"replies":[{"embeddable":true,"href":"https:\/\/www.europesays.com\/pl\/wp-json\/wp\/v2\/comments?post=197127"}],"version-history":[{"count":0,"href":"https:\/\/www.europesays.com\/pl\/wp-json\/wp\/v2\/posts\/197127\/revisions"}],"wp:featuredmedia":[{"embeddable":true,"href":"https:\/\/www.europesays.com\/pl\/wp-json\/wp\/v2\/media\/197128"}],"wp:attachment":[{"href":"https:\/\/www.europesays.com\/pl\/wp-json\/wp\/v2\/media?parent=197127"}],"wp:term":[{"taxonomy":"category","embeddable":true,"href":"https:\/\/www.europesays.com\/pl\/wp-json\/wp\/v2\/categories?post=197127"},{"taxonomy":"post_tag","embeddable":true,"href":"https:\/\/www.europesays.com\/pl\/wp-json\/wp\/v2\/tags?post=197127"}],"curies":[{"name":"wp","href":"https:\/\/api.w.org\/{rel}","templated":true}]}}