{"id":197177,"date":"2026-01-10T06:44:07","date_gmt":"2026-01-10T06:44:07","guid":{"rendered":"https:\/\/www.europesays.com\/pl\/197177\/"},"modified":"2026-01-10T06:44:07","modified_gmt":"2026-01-10T06:44:07","slug":"zrobimy-cos-czy-im-sie-to-podoba-czy-nie","status":"publish","type":"post","link":"https:\/\/www.europesays.com\/pl\/197177\/","title":{"rendered":"Zrobimy co\u015b, czy im si\u0119 to podoba, czy nie"},"content":{"rendered":"<p data-section=\"detail-body\">\u2014 Chcemy osi\u0105gn\u0105\u0107 porozumienie w sprawie Grenlandii, ale je\u015bli nie uda si\u0119 tego zrobi\u0107 polubownie, zrobimy to w trudniejszy spos\u00f3b \u2014 powiedzia\u0142 Trump, podkre\u015blaj\u0105c, \u017ce Stany Zjednoczone nie mog\u0105 pozwoli\u0107, by strategicznie po\u0142o\u017cona wyspa znalaz\u0142a si\u0119 pod kontrol\u0105 innych \u015bwiatowych mocarstw.<\/p>\n<p class=\"article_p\" data-section=\"detail-body\">Pozosta\u0142a cz\u0119\u015b\u0107 artyku\u0142u pod materia\u0142em wideo<\/p>\n<p class=\"article_p\" data-section=\"detail-body\">Czytaj te\u017c: <a href=\"https:\/\/businessinsider.com.pl\/polityka\/donald-trump-o-nato-i-grenlandii-dal-do-zrozumienia-ze-bez-usa-sojusz-jest\/3bzgtph\" id=\"b80ecf19-6e12-4111-a515-828b21f840a7\" rel=\"nofollow noopener\" target=\"_blank\">Donalda Trumpa nie zadowoli nic innego ni\u017c pe\u0142ne przej\u0119cie Grenlandii. &#8222;Nie potrzebuj\u0119 prawa mi\u0119dzynarodowego&#8221;<\/a><\/p>\n<p>        &#8222;To nie jest ziemia Danii&#8221;&#8221;<\/p>\n<p class=\"article_p\" data-section=\"detail-body\">Trump, mimo deklaracji sympatii wobec Danii, wyrazi\u0142 w\u0105tpliwo\u015bci co do jej praw do Grenlandii. \u2014 Fakt, \u017ce przyp\u0142yn\u0119li tam \u0142odzi\u0105 500 lat temu, nie oznacza jeszcze, \u017ce ta ziemia do nich nale\u017cy \u2014 stwierdzi\u0142 prezydent, dodaj\u0105c, \u017ce nie zamierza tolerowa\u0107 sytuacji, w kt\u00f3rej Rosja lub Chiny mog\u0142yby sta\u0107 si\u0119 s\u0105siadami USA.<\/p>\n<p>            Czytaj tak\u017ce w BUSINESS INSIDER<\/p>\n<p class=\"article_p\" data-section=\"detail-body\">Ameryka\u0144ski przyw\u00f3dca wielokrotnie podkre\u015bla\u0142, \u017ce preferuje zawarcie umowy z Du\u0144czykami, ale zaznaczy\u0142, \u017ce decyzja o przej\u0119ciu wyspy nie zale\u017cy od ich woli. \u2014 Zrobimy co\u015b z Grenlandi\u0105, czy im si\u0119 to podoba, czy nie \u2014 m\u00f3wi\u0142 Trump.<\/p>\n<p>        Trump: W\u0142asno\u015b\u0107, nie dzier\u017cawa<\/p>\n<p class=\"article_p\" data-section=\"detail-body\">Podczas rozmowy Trump odni\u00f3s\u0142 si\u0119 tak\u017ce do spekulacji dotycz\u0105cych ewentualnych rekompensat finansowych dla mieszka\u0144c\u00f3w Grenlandii. Cho\u0107 przyzna\u0142, \u017ce na razie nie my\u015bli o wyp\u0142acaniu dziesi\u0105tek tysi\u0119cy dolar\u00f3w ka\u017cdemu z nich, nie wykluczy\u0142 takiej mo\u017cliwo\u015bci w przysz\u0142o\u015bci.<\/p>\n<p class=\"article_p\" data-section=\"detail-body\">Zdaniem prezydenta, kluczowe dla zabezpieczenia interes\u00f3w USA jest uzyskanie pe\u0142nej w\u0142asno\u015bci wyspy. \u2014 Trzeba mie\u0107 w\u0142asno\u015b\u0107, dzier\u017cawa niczego nie zabezpiecza. A my chcemy broni\u0107 Grenlandii. Je\u015bli tego nie zrobimy, zrobi\u0105 to Chiny albo Rosja \u2014 powtarza\u0142 Trump.<\/p>\n<p>        NATO i europejskie bezpiecze\u0144stwo<\/p>\n<p class=\"article_p\" data-section=\"detail-body\">Trump po raz kolejny skrytykowa\u0142 tak\u017ce podej\u015bcie Europy do kwestii bezpiecze\u0144stwa, zarzucaj\u0105c jej brak zdecydowania wobec Rosji. \u2014 Rosja nie boi si\u0119 Europy. Jedynym krajem, kt\u00f3rego faktycznie si\u0119 obawia, s\u0105 Stany Zjednoczone \u2014 powiedzia\u0142, przypominaj\u0105c, \u017ce kiedy USA zatrzyma\u0142y rosyjski tankowiec, Moskwa nie podj\u0119\u0142a \u017cadnych dzia\u0142a\u0144 odwetowych.<\/p>\n<p class=\"article_p\" data-section=\"detail-body\">Ameryka\u0144ski prezydent bagatelizowa\u0142 r\u00f3wnie\u017c znaczenie NATO, twierdz\u0105c, \u017ce bez zaanga\u017cowania USA sojusz by nie istnia\u0142.<\/p>\n<p>        Trump poda\u0142 Wenezuel\u0119 jako przyk\u0142ad<\/p>\n<p class=\"article_p\" data-section=\"detail-body\">Podczas spotkania Trump odni\u00f3s\u0142 si\u0119 tak\u017ce do sytuacji w Wenezueli, wskazuj\u0105c, \u017ce jego dzia\u0142ania wobec Nicol\u00e1sa Maduro mia\u0142y na celu zapobie\u017cenie przej\u0119ciu kontroli nad krajem przez Rosj\u0119 lub Chiny. Jednocze\u015bnie podkre\u015bli\u0142, \u017ce jest otwarty na wsp\u00f3\u0142prac\u0119 gospodarcz\u0105 z tymi pa\u0144stwami, szczeg\u00f3lnie w zakresie sprzeda\u017cy ropy naftowej.<\/p>\n<p class=\"article_p\" data-section=\"detail-body\">Wypowiedzi prezydenta USA po raz kolejny wzbudzi\u0142y mieszane reakcje na arenie mi\u0119dzynarodowej, podkre\u015blaj\u0105c napi\u0119cia w relacjach z Europ\u0105, Rosj\u0105 i Chinami.<\/p>\n","protected":false},"excerpt":{"rendered":"\u2014 Chcemy osi\u0105gn\u0105\u0107 porozumienie w sprawie Grenlandii, ale je\u015bli nie uda si\u0119 tego zrobi\u0107 polubownie, zrobimy to w&hellip;\n","protected":false},"author":2,"featured_media":197178,"comment_status":"","ping_status":"","sticky":false,"template":"","format":"standard","meta":{"footnotes":""},"categories":[5],"tags":[32,33,36,37,27,34,35,28,31,25,42,38,40,39,41,29,30,26],"class_list":{"0":"post-197177","1":"post","2":"type-post","3":"status-publish","4":"format-standard","5":"has-post-thumbnail","7":"category-naglowki","8":"tag-breaking-news","9":"tag-breakingnews","10":"tag-featured-news","11":"tag-featurednews","12":"tag-headlines","13":"tag-latest-news","14":"tag-latestnews","15":"tag-naglowki","16":"tag-najwazniejsze-artykuly","17":"tag-news","18":"tag-pl","19":"tag-poland","20":"tag-polish","21":"tag-polska","22":"tag-polski","23":"tag-top-stories","24":"tag-topstories","25":"tag-wiadomosci"},"share_on_mastodon":{"url":"https:\/\/pubeurope.com\/@pl\/115869454450031963","error":""},"_links":{"self":[{"href":"https:\/\/www.europesays.com\/pl\/wp-json\/wp\/v2\/posts\/197177","targetHints":{"allow":["GET"]}}],"collection":[{"href":"https:\/\/www.europesays.com\/pl\/wp-json\/wp\/v2\/posts"}],"about":[{"href":"https:\/\/www.europesays.com\/pl\/wp-json\/wp\/v2\/types\/post"}],"author":[{"embeddable":true,"href":"https:\/\/www.europesays.com\/pl\/wp-json\/wp\/v2\/users\/2"}],"replies":[{"embeddable":true,"href":"https:\/\/www.europesays.com\/pl\/wp-json\/wp\/v2\/comments?post=197177"}],"version-history":[{"count":0,"href":"https:\/\/www.europesays.com\/pl\/wp-json\/wp\/v2\/posts\/197177\/revisions"}],"wp:featuredmedia":[{"embeddable":true,"href":"https:\/\/www.europesays.com\/pl\/wp-json\/wp\/v2\/media\/197178"}],"wp:attachment":[{"href":"https:\/\/www.europesays.com\/pl\/wp-json\/wp\/v2\/media?parent=197177"}],"wp:term":[{"taxonomy":"category","embeddable":true,"href":"https:\/\/www.europesays.com\/pl\/wp-json\/wp\/v2\/categories?post=197177"},{"taxonomy":"post_tag","embeddable":true,"href":"https:\/\/www.europesays.com\/pl\/wp-json\/wp\/v2\/tags?post=197177"}],"curies":[{"name":"wp","href":"https:\/\/api.w.org\/{rel}","templated":true}]}}