{"id":197297,"date":"2026-01-10T08:29:07","date_gmt":"2026-01-10T08:29:07","guid":{"rendered":"https:\/\/www.europesays.com\/pl\/197297\/"},"modified":"2026-01-10T08:29:07","modified_gmt":"2026-01-10T08:29:07","slug":"masowe-deportacje-z-polski-mamy-najnowsze-dane-strazy-granicznej-wykresy-onet","status":"publish","type":"post","link":"https:\/\/www.europesays.com\/pl\/197297\/","title":{"rendered":"Masowe deportacje z Polski. Mamy najnowsze dane Stra\u017cy Granicznej [WYKRESY] &#8211; Onet"},"content":{"rendered":"<ol>\n<li><a href=\"https:\/\/news.google.com\/rss\/articles\/CBMi0AFBVV95cUxPbjRJcC1WOGwwb000YjE0UUUxMGFHREo0azFaSHJ3UTlYVFY3bmpPclB1cWVQUmxRTUR4Nm9zR2FTRE00ZGxqMV9YeFdhbTlDcUV3UnozUlZmMXdqM3R0aTItY1Q4ZWk0WVozanhuZG1DMVJnQWlYdTdlZmVWaVJCQmZmTDdJWXgtc3RoQm1OWHB2VWFFSEtFTEp5YzZJQTZIbnNMVmZ3cnZqcnVTUDd2bHZRQ2xpY2VVbzhJdFpvbnJOdFI0T0ZBRlJUeS1QUWMw?oc=5\" target=\"_blank\" rel=\"nofollow noopener\">Masowe deportacje z Polski. Mamy najnowsze dane Stra\u017cy Granicznej [WYKRESY]<\/a>&nbsp;&nbsp;Onet<\/li>\n<li><a href=\"https:\/\/news.google.com\/rss\/articles\/CBMiiAJBVV95cUxOSHFDTGo5am9JODVqSExyQXJDMTdQUVlYcGpaV3Itckg1MmRQN29zSFdoZ0h6TVVuQ28xbmdQYXE0Y3Y3aFpzdHp3NmZWMHFaYndBMmxVYlMzaE9NWjRianNrWFNKVDk3azJDQjJLSThZRmFKcE5vQk5BWjRlc1FmSVlNbGVwTWFwc0xzLTJNSXllYVBicGpHSWdHZ0g2dVhfZDUxNGdxSmY2Q2EwUUNaOUlvMnNiSld6QXRDLXQtVWdZZy00NUNwaHozZ3lMWkY1U2RuWWZIS3RPZmhiOXgteXpscW5WWDk3UEo3Z1RPVU5qb2Z5bEw5MGZUdzVOakZLYWIxRUJZU3A?oc=5\" target=\"_blank\" rel=\"nofollow noopener\">Stra\u017c na pierwszej linii bezpiecze\u0144stwa. \u015al\u0105ski Oddzia\u0142 Stra\u017cy Granicznej w Raciborzu podsumowuje intensywny 2025 rok<\/a>&nbsp;&nbsp;Nasz Racib\u00f3rz<\/li>\n<li><a href=\"https:\/\/news.google.com\/rss\/articles\/CBMi1wFBVV95cUxQaGFPd3VGQVVJcEh0dExFUUxDWmpybDZUejY1MlBkUklqV3NIYXNCNTF5clo3VXowb1IyMy14WERCSDVTLThSR1g1M3dOZWVOT0VxVHdjZXFGT01tYkxKR1pJaTFHd1VzZVZMN0RpM0c3NWpPaktoQ3l5MG9DbTc1REhva1puRWdzSjJ3dVlob09aTUlMOXROU0hNMnF4YjBKYk1UNFFubTRqYUx1MVpZOFpUSExpR2VEOHM4enQxdlhMZXIzTW8zaU9mRVZKTjktWmZSaW42cw?oc=5\" target=\"_blank\" rel=\"nofollow noopener\">Ponad 10 tysi\u0119cy kontroli cudzoziemc\u00f3w i wzmo\u017cona ochrona granic. Karpacki Oddzia\u0142 SG podsumowuje rok 2025<\/a>&nbsp;&nbsp;S\u0105deckie.pl<\/li>\n<li><a href=\"https:\/\/news.google.com\/rss\/articles\/CBMixwFBVV95cUxPYVFkWlc3bEhSdlJXOExNN1l2bjhLQzYxS2FZelFNWEMtcmNFTU5lVHNtdlhLUGNZMUUzZndMZzdoTUFkVGo1OUdCNUlNQURTS2Zma1hlcURZZExDclJBUFNnOFlCelFFYUxYSElJZnAxemxLdXBOOTVBalJtTC1hNWhrUTByQTFBU0IycDJVMWpDZjd1YlhIdzZrdHZvNXliWnhiRDI2RVlTZUZiZUpCQjM4Xzg0QkdyOU9QYjVhczlRMGlpTE9J?oc=5\" target=\"_blank\" rel=\"nofollow noopener\">Ponad 2 tysi\u0105ce decyzji o opuszczeniu Polski. \u015al\u0105ska Stra\u017c Graniczna podsumowa\u0142a rok<\/a>&nbsp;&nbsp;24Opole<\/li>\n<li><a href=\"https:\/\/news.google.com\/rss\/articles\/CBMi7AFBVV95cUxNN2RZX2FVeTlXbHlPX2ZiZEJ6RVA5dE9BbVFBaDNBR1ZPSVQ2bUozLTFYM094QmJibGd6eFJhcWdqQUQwZkxQZ1dDb0h0TWlaVWxNTnIyNWxjQzlBS2FtYldIMklESHFBTXAwd1ZyLWdGdUxMRWVJYk5mOGRwMWRzWWhuWUtvNFd6Rk5QZGF2UEowSFV0ZjBxb2QyS1NObVVhSUdkbER6UUtLNGcxTDdncHdrQVNrem90THgwM0ZnOVJoRlZUUHlCY1pMNzVSVEU4MUtvMEpxaG1aNlBnaFZWdmp2QzZ3SkhtQTlOMw?oc=5\" target=\"_blank\" rel=\"nofollow noopener\">Wzmocnione kontrole i walka z nielegaln\u0105 migracj\u0105. Karpacki Oddzia\u0142 Stra\u017cy Granicznej podsumowuje 2025 rok.<\/a>&nbsp;&nbsp;Powiat Suski Wiadomo\u015bci<\/li>\n<\/ol>\n","protected":false},"excerpt":{"rendered":"Masowe deportacje z Polski. Mamy najnowsze dane Stra\u017cy Granicznej [WYKRESY]&nbsp;&nbsp;Onet Stra\u017c na pierwszej linii bezpiecze\u0144stwa. \u015al\u0105ski Oddzia\u0142 Stra\u017cy&hellip;\n","protected":false},"author":2,"featured_media":197298,"comment_status":"","ping_status":"","sticky":false,"template":"","format":"standard","meta":{"footnotes":""},"categories":[5],"tags":[56,864,32,33,11174,36,37,66,27,67,34,35,28,31,53,25,164,52,68,51,55,42,38,40,39,2847,41,47,515,29,30,390,50,26],"class_list":{"0":"post-197297","1":"post","2":"type-post","3":"status-publish","4":"format-standard","5":"has-post-thumbnail","7":"category-naglowki","8":"tag-article_premium","9":"tag-bialorus_bialorusin_bialorusinka_bialorusini","10":"tag-breaking-news","11":"tag-breakingnews","12":"tag-cudzoziemcy","13":"tag-featured-news","14":"tag-featurednews","15":"tag-give_me_perspective","16":"tag-headlines","17":"tag-intextvideo_splayer","18":"tag-latest-news","19":"tag-latestnews","20":"tag-naglowki","21":"tag-najwazniejsze-artykuly","22":"tag-new_header","23":"tag-news","24":"tag-onet_data","25":"tag-onet3","26":"tag-onet3d","27":"tag-onet3d_2i","28":"tag-phx","29":"tag-pl","30":"tag-poland","31":"tag-polish","32":"tag-polska","33":"tag-polska_polak_polka_polacy_polki","34":"tag-polski","35":"tag-screening_general","36":"tag-straz_graniczna","37":"tag-top-stories","38":"tag-topstories","39":"tag-ukraina_ukrainiec_ukrainka_ukraincy_ukrainki","40":"tag-v2021","41":"tag-wiadomosci"},"share_on_mastodon":{"url":"","error":"Validation failed: Text character limit of 500 exceeded"},"_links":{"self":[{"href":"https:\/\/www.europesays.com\/pl\/wp-json\/wp\/v2\/posts\/197297","targetHints":{"allow":["GET"]}}],"collection":[{"href":"https:\/\/www.europesays.com\/pl\/wp-json\/wp\/v2\/posts"}],"about":[{"href":"https:\/\/www.europesays.com\/pl\/wp-json\/wp\/v2\/types\/post"}],"author":[{"embeddable":true,"href":"https:\/\/www.europesays.com\/pl\/wp-json\/wp\/v2\/users\/2"}],"replies":[{"embeddable":true,"href":"https:\/\/www.europesays.com\/pl\/wp-json\/wp\/v2\/comments?post=197297"}],"version-history":[{"count":0,"href":"https:\/\/www.europesays.com\/pl\/wp-json\/wp\/v2\/posts\/197297\/revisions"}],"wp:featuredmedia":[{"embeddable":true,"href":"https:\/\/www.europesays.com\/pl\/wp-json\/wp\/v2\/media\/197298"}],"wp:attachment":[{"href":"https:\/\/www.europesays.com\/pl\/wp-json\/wp\/v2\/media?parent=197297"}],"wp:term":[{"taxonomy":"category","embeddable":true,"href":"https:\/\/www.europesays.com\/pl\/wp-json\/wp\/v2\/categories?post=197297"},{"taxonomy":"post_tag","embeddable":true,"href":"https:\/\/www.europesays.com\/pl\/wp-json\/wp\/v2\/tags?post=197297"}],"curies":[{"name":"wp","href":"https:\/\/api.w.org\/{rel}","templated":true}]}}