{"id":197383,"date":"2026-01-10T09:31:13","date_gmt":"2026-01-10T09:31:13","guid":{"rendered":"https:\/\/www.europesays.com\/pl\/197383\/"},"modified":"2026-01-10T09:31:13","modified_gmt":"2026-01-10T09:31:13","slug":"musi-zaplacic-600-tys-zl-kary-parkowanie-na-wlasnej-posesji-kosztowalo-ja-fortune","status":"publish","type":"post","link":"https:\/\/www.europesays.com\/pl\/197383\/","title":{"rendered":"Musi zap\u0142aci\u0107 600 tys. z\u0142 kary. Parkowanie na w\u0142asnej posesji kosztowa\u0142o j\u0105 fortun\u0119"},"content":{"rendered":"<ul class=\"ods-m-bullet-list\">\n<li class=\"ods-a-bullet ods-a-bullet--bold\"> Samotna matka z Florydy, Sandy M., zosta\u0142a ukarana grzywn\u0105 za parkowanie samochod\u00f3w na w\u0142asnym podje\u017adzie <\/li>\n<li class=\"ods-a-bullet ods-a-bullet--bold\"> Uznano to za naruszenie lokalnych przepis\u00f3w <\/li>\n<li class=\"ods-a-bullet ods-a-bullet--bold\"> Kara wynosi 250 dol. dziennie, a po kilku latach sporu z w\u0142adzami miasta suma wzros\u0142a do 165 tys. dol., czyli prawie 600 tys. z\u0142 <\/li>\n<li class=\"ods-a-bullet ods-a-bullet--bold\"> Zach\u0119camy do oddawania g\u0142os\u00f3w w ankiecie, kt\u00f3ra znajduje si\u0119 na ko\u0144cu artyku\u0142u <\/li>\n<li id=\"ods-a-bullet-czat-ai-summary\" data-section=\"ochat-summary-link\" class=\"ods-a-bullet ods-a-bullet--czatai\"> <a href=\"#\"><br \/>\n    Du\u017co czytania, a ma\u0142o czasu? Sprawd\u017a skr\u00f3t artyku\u0142u<br \/>\n<\/a> <\/li>\n<\/ul>\n<p>SPIS TRE\u015aCI<\/p>\n<ol class=\"ods-a-table-of-content__items\">\n<li class=\"ods-a-table-of-content__item\"><a href=\"#toc-ile-moze-kosztowac-parkowanie-na-wlasnym-podjezdzie\" class=\"ods-a-table-of-content__link\">Ile mo\u017ce kosztowa\u0107 parkowanie na w\u0142asnym podje\u017adzie?<\/a><\/li>\n<li class=\"ods-a-table-of-content__item\"><a href=\"#toc-jakie-sa-mandaty-za-parkowanie-w-polsce\" class=\"ods-a-table-of-content__link\">Jakie s\u0105 mandaty za parkowanie w Polsce?<\/a><\/li>\n<\/ol>\n<p class=\"ods-c-paragraph \">Sandy M. mieszka w Lantanie na Florydzie razem z siostr\u0105, synem i c\u00f3rk\u0105. Ka\u017cdy z domownik\u00f3w posiada w\u0142asny samoch\u00f3d. Oznacza to, \u017ce a\u017c cztery pojazdy regularnie parkowa\u0142y na podje\u017adzie przed domem. Zdarza\u0142o si\u0119 r\u00f3wnie\u017c, \u017ce jedno z aut sta\u0142o na niewielkim trawniku obok.<\/p>\n<p>Dalszy ci\u0105g artyku\u0142u pod materia\u0142em wideo<\/p>\n<p> Jakie przepisy naruszy\u0142a Sandy M.? <\/p>\n<p> Ile wynosi kara za parkowanie na w\u0142asnym podje\u017adzie? <\/p>\n<p> Jakie s\u0105 konsekwencje naruszenia przepis\u00f3w o parkowaniu? <\/p>\n<p> Jakie mo\u017cliwo\u015bci odwo\u0142ania ma Sandy M.? <\/p>\n<p>  Ile mo\u017ce kosztowa\u0107 parkowanie na w\u0142asnym podje\u017adzie?<\/p>\n<p class=\"ods-c-paragraph \">W\u0142adze miasta uzna\u0142y takie parkowanie za naruszenie przepis\u00f3w i na\u0142o\u017cy\u0142y na kobiet\u0119 kar\u0119 w wysoko\u015bci 250 dol. (ok. 904 z\u0142) za ka\u017cdy dzie\u0144. Sandy M. pr\u00f3bowa\u0142a odwo\u0142a\u0107 si\u0119 od tej decyzji, jednak jej dzia\u0142ania doprowadzi\u0142y do wieloletniego konfliktu, kt\u00f3ry zako\u0144czy\u0142 si\u0119 w tym tygodniu po decyzji s\u0105du.<\/p>\n<p class=\"ods-c-paragraph \">Sp\u00f3r z w\u0142adzami trwa od 2021 r., a suma kary wzros\u0142a ju\u017c do niemal 165 tys. dol., czyli prawie 600 tys. z\u0142. Z tej kwoty ponad 100 tys. dol. stanowi grzywna za parkowanie samochod\u00f3w na w\u0142asnej posesji, a reszta to dodatkowe op\u0142aty i koszty zwi\u0105zane ze spraw\u0105. Mo\u017cliwo\u015bci dalszego odwo\u0142ania si\u0119 przez Sandy M. s\u0105 obecnie bardzo ograniczone.<\/p>\n<p class=\"ods-c-paragraph \">Adwokat reprezentuj\u0105cy kobiet\u0119 przekaza\u0142 stacji CBS News, \u017ce decyzja s\u0105du o odmowie rozpatrzenia sprawy stanowi niekorzystny precedens dla mieszka\u0144c\u00f3w Florydy. Wed\u0142ug informacji CBS Sandy M. nie musi jednak sprzedawa\u0107 swojego domu w trybie przymusowym dzi\u0119ki ochronie, jak\u0105 zapewnia &#8222;Florida Homestead Protection Act&#8221;. Ten akt prawny gwarantuje mieszka\u0144com Florydy konstytucyjn\u0105 ochron\u0119 g\u0142\u00f3wnego miejsca zamieszkania przed wi\u0119kszo\u015bci\u0105 wierzycieli i zabezpiecza nieruchomo\u015b\u0107 przed przymusow\u0105 sprzeda\u017c\u0105.<\/p>\n<p class=\"ods-c-paragraph \">Przypadek Sandy M. pokazuje, jak surowe mog\u0105 by\u0107 konsekwencje naruszenia lokalnych przepis\u00f3w dotycz\u0105cych parkowania, nawet na w\u0142asnej posesji.<\/p>\n<p>Jakie s\u0105 mandaty za parkowanie w Polsce?<\/p>\n<p class=\"ods-c-paragraph \">Nieprawid\u0142owe parkowanie mo\u017ce sko\u0144czy\u0107 si\u0119 nie tylko mandatem, ale tak\u017ce dodatkowymi kosztami. Wysoko\u015b\u0107 kary zale\u017cy od rodzaju wykroczenia i mo\u017ce wynosi\u0107 od 100 do nawet 1200 z\u0142. W niekt\u00f3rych przypadkach kierowca musi liczy\u0107 si\u0119 tak\u017ce z punktami karnymi oraz op\u0142at\u0105 za odholowanie pojazdu.<\/p>\n<p class=\"ods-c-paragraph \">Wysoko\u015b\u0107 mandatu za niew\u0142a\u015bciwe parkowanie jest uzale\u017cniona od tego, jakiego wykroczenia dopu\u015bci si\u0119 kierowca. Policjanci mog\u0105 czasem poprzesta\u0107 na pouczeniu, jednak obecnie, gdy monitoring miejski jest coraz powszechniejszy, a mieszka\u0144cy ch\u0119tnie zg\u0142aszaj\u0105 \u017ale zaparkowane auta, funkcjonariusze rzadziej wykazuj\u0105 pob\u0142a\u017cliwo\u015b\u0107. S\u0142u\u017cby nie s\u0105 ju\u017c tak wyrozumia\u0142e jak dawniej.<\/p>\n<p class=\"ods-c-paragraph \">Mandaty za parkowanie wahaj\u0105 si\u0119 od 100 do 300 z\u0142, w zale\u017cno\u015bci od przewinienia. W skrajnych przypadkach kara mo\u017ce si\u0119gn\u0105\u0107 nawet 1200 z\u0142. Typowym wykroczeniem jest zatrzymanie si\u0119 w odleg\u0142o\u015bci mniejszej ni\u017c 10 metr\u00f3w od przej\u015bcia dla pieszych lub skrzy\u017cowania \u2014 w takim przypadku kierowca otrzyma mandat w wysoko\u015bci 300 z\u0142 oraz 5 punkt\u00f3w karnych. Za pozostawienie auta w tunelu, na mo\u015bcie lub wiadukcie grozi 200 z\u0142 mandatu i 5 punkt\u00f3w karnych. Z kolei zaparkowanie na miejscu przeznaczonym dla os\u00f3b niepe\u0142nosprawnych skutkuje mandatem w wysoko\u015bci 800 z\u0142 oraz 6 punktami karnymi. Je\u015bli osoba nieuprawniona u\u017cyje karty parkingowej i jednocze\u015bnie zaparkuje na miejscu dla niepe\u0142nosprawnych, kara wzrasta do 1200 z\u0142 i 6 punkt\u00f3w karnych. W przypadku wi\u0119kszo\u015bci innych wykrocze\u0144 zwi\u0105zanych z parkowaniem doliczane s\u0105 2 punkty karne.<\/p>\n<p class=\"ods-c-paragraph \">Mandat to nie jedyny wydatek, z jakim musi liczy\u0107 si\u0119 kierowca \u0142ami\u0105cy przepisy dotycz\u0105ce parkowania. W niekt\u00f3rych sytuacjach pojazd mo\u017ce zosta\u0107 odholowany, co wi\u0105\u017ce si\u0119 z dodatkowymi op\u0142atami. Wysoko\u015b\u0107 tej op\u0142aty zale\u017cy od miasta, jednak jej maksymalny poziom okre\u015bla Obwieszczenie Ministra Finans\u00f3w i wynosi 606,52 z\u0142 za ka\u017cd\u0105 dob\u0119 przechowywania samochodu.<\/p>\n","protected":false},"excerpt":{"rendered":"Samotna matka z Florydy, Sandy M., zosta\u0142a ukarana grzywn\u0105 za parkowanie samochod\u00f3w na w\u0142asnym podje\u017adzie Uznano to za&hellip;\n","protected":false},"author":2,"featured_media":197384,"comment_status":"","ping_status":"","sticky":false,"template":"","format":"standard","meta":{"footnotes":""},"categories":[12],"tags":[210,32,33,36,37,1350,27,2642,496,34,35,28,31,48,25,46,3775,42,38,40,39,41,47,29,30,71,26],"class_list":{"0":"post-197383","1":"post","2":"type-post","3":"status-publish","4":"format-standard","5":"has-post-thumbnail","7":"category-polska","8":"tag-aktualnosci","9":"tag-breaking-news","10":"tag-breakingnews","11":"tag-featured-news","12":"tag-featurednews","13":"tag-floryda","14":"tag-headlines","15":"tag-kara","16":"tag-kierowcy","17":"tag-latest-news","18":"tag-latestnews","19":"tag-naglowki","20":"tag-najwazniejsze-artykuly","21":"tag-nat_styl","22":"tag-news","23":"tag-omp","24":"tag-parkowanie","25":"tag-pl","26":"tag-poland","27":"tag-polish","28":"tag-polska","29":"tag-polski","30":"tag-screening_general","31":"tag-top-stories","32":"tag-topstories","33":"tag-usa","34":"tag-wiadomosci"},"share_on_mastodon":{"url":"https:\/\/pubeurope.com\/@pl\/115870111218699597","error":""},"_links":{"self":[{"href":"https:\/\/www.europesays.com\/pl\/wp-json\/wp\/v2\/posts\/197383","targetHints":{"allow":["GET"]}}],"collection":[{"href":"https:\/\/www.europesays.com\/pl\/wp-json\/wp\/v2\/posts"}],"about":[{"href":"https:\/\/www.europesays.com\/pl\/wp-json\/wp\/v2\/types\/post"}],"author":[{"embeddable":true,"href":"https:\/\/www.europesays.com\/pl\/wp-json\/wp\/v2\/users\/2"}],"replies":[{"embeddable":true,"href":"https:\/\/www.europesays.com\/pl\/wp-json\/wp\/v2\/comments?post=197383"}],"version-history":[{"count":0,"href":"https:\/\/www.europesays.com\/pl\/wp-json\/wp\/v2\/posts\/197383\/revisions"}],"wp:featuredmedia":[{"embeddable":true,"href":"https:\/\/www.europesays.com\/pl\/wp-json\/wp\/v2\/media\/197384"}],"wp:attachment":[{"href":"https:\/\/www.europesays.com\/pl\/wp-json\/wp\/v2\/media?parent=197383"}],"wp:term":[{"taxonomy":"category","embeddable":true,"href":"https:\/\/www.europesays.com\/pl\/wp-json\/wp\/v2\/categories?post=197383"},{"taxonomy":"post_tag","embeddable":true,"href":"https:\/\/www.europesays.com\/pl\/wp-json\/wp\/v2\/tags?post=197383"}],"curies":[{"name":"wp","href":"https:\/\/api.w.org\/{rel}","templated":true}]}}