{"id":197415,"date":"2026-01-10T09:51:11","date_gmt":"2026-01-10T09:51:11","guid":{"rendered":"https:\/\/www.europesays.com\/pl\/197415\/"},"modified":"2026-01-10T09:51:11","modified_gmt":"2026-01-10T09:51:11","slug":"doktryna-dzikiego-zachodu-trumpa-mrozi-europejskich-przywodcow","status":"publish","type":"post","link":"https:\/\/www.europesays.com\/pl\/197415\/","title":{"rendered":"Doktryna Dzikiego Zachodu Trumpa mrozi europejskich przyw\u00f3dc\u00f3w"},"content":{"rendered":"<p>W tym tygodniu w Brukseli spad\u0142 g\u0119sty \u015bnieg i urz\u0119dnicy z ambasad i instytucji europejskich powr\u00f3cili z wakacyjnej drzemki do szokuj\u0105cego nowego \u015bwiata. I nie chodzi tylko o pogod\u0119.<\/p>\n<p>Operacja Donalda Trumpa maj\u0105ca na celu <a href=\"https:\/\/www.onet.pl\/informacje\/onetwiadomosci\/kulisy-upadku-nicolasa-maduro-to-byla-pokerowa-zagrywka-donalda-trumpa\/qjz6fbg,79cfc278\" id=\"2219e4aa-8d76-4b33-9983-8af5f7aba7ee\" rel=\"nofollow noopener\" target=\"_blank\">usuni\u0119cie Nicolasa Maduro ze stanowiska prezydenta Wenezueli<\/a> niczym lodowate uderzenie arktycznego powietrza oszo\u0142omi\u0142a najwy\u017cszych urz\u0119dnik\u00f3w UE \u2014 i zamrozi\u0142a ich w milczeniu. A na tym si\u0119 nie sko\u0144czy\u0142o \u2014 po tym republikanin zakwestionowa\u0142 istnienie NATO, zagrozi\u0142 Kubie i Iranowi oraz o\u015bwiadczy\u0142, \u017ce musi przej\u0105\u0107 Grenlandi\u0119 ze wzgl\u0119du na bezpiecze\u0144stwo narodowe \u2014 niezale\u017cnie od tego, czy sojusznicy USA, kt\u00f3rzy obecnie kontroluj\u0105 to terytorium, wyra\u017c\u0105 na to zgod\u0119, czy nie.<\/p>\n<p>\u2014 Nie potrzebuj\u0119 prawa mi\u0119dzynarodowego \u2014 o\u015bwiadczy\u0142 Trump w wywiadzie dla &#8222;The New York Times&#8221;.<\/p>\n<p>Prawo mi\u0119dzynarodowe potrzebuje jednak Trumpa.<\/p>\n<p>\u015awiat wed\u0142ug Trumpa<\/p>\n<p class=\"ods-c-paragraph \">Jego podej\u015bcie stanowi egzystencjalne zagro\u017cenie nie tylko dla globalnych um\u00f3w, takich jak <a href=\"https:\/\/www.onet.pl\/informacje\/deutsche-welle\/10-lat-od-porozumienia-paryskiego-gdzie-dzis-jestesmy\/t48swkw,0666d3f1\" id=\"d5311389-8ccb-4056-9991-70a12130f4bc\" rel=\"nofollow noopener\" target=\"_blank\">porozumienie klimatyczne z Pary\u017ca<\/a>, ale tak\u017ce dla Unii Europejskiej, najwi\u0119kszej na \u015bwiecie fabryki mi\u0119dzynarodowego prawodawstwa. Ka\u017cdego roku UE wydaje ponad 2000 dyrektyw, akt\u00f3w, rozporz\u0105dze\u0144 i innych dokument\u00f3w prawnych reguluj\u0105cych \u017cycie gospodarcze i spo\u0142eczne 27 pa\u0144stw cz\u0142onkowskich.<\/p>\n<p class=\"ods-c-paragraph \">W zdominowanym przez USA \u015bwiecie, w kt\u00f3rym rz\u0105dy prawa nie maj\u0105 znaczenia, machina legislacyjna UE mo\u017ce szybko sta\u0107 si\u0119 osobliwym anachronizmem. Pierwszy tydzie\u0144 2026 r. po raz kolejny ujawni\u0142 parali\u017c i bezsilno\u015b\u0107 europejskich przyw\u00f3dc\u00f3w w reagowaniu na dzia\u0142ania ameryka\u0144skiego prezydenta, kt\u00f3ry z dum\u0105 wyg\u0142asza, \u017ce <a href=\"https:\/\/www.onet.pl\/informacje\/onetwiadomosci\/donald-trump-przejmie-grenlandie-kosztem-nato-to-moze-byc-wybor\/we4401w,79cfc278\" id=\"f2bd4f97-868a-4b82-94f3-49a5c8052cb4\" rel=\"nofollow noopener\" target=\"_blank\">jedyn\u0105 rzecz\u0105, kt\u00f3ra mo\u017ce go powstrzyma\u0107, jest jego w\u0142asne poczucie moralno\u015bci.<\/a><\/p>\n<p class=\"ods-c-paragraph \">\u2014 To bardzo wa\u017cny moment \u2014 m\u00f3wi jeden z dyplomat\u00f3w z kraju europejskiego, kt\u00f3ry podobnie jak inni rozm\u00f3wcy pojawiaj\u0105cy si\u0119 w tym tek\u015bcie poprosi\u0142 o zapewnienie mu anonimowo\u015bci. \u2014 W europejskich mediach panowa\u0142a tendencja do wy\u015bmiewania Trumpa i jego ludzi oraz przedstawiania ich jako g\u0142upc\u00f3w, a czasem nawet szale\u0144c\u00f3w. Uwa\u017cam, \u017ce to b\u0142\u0105d. S\u0105 oni niezwykle zdolni \u2014 doda\u0142.<\/p>\n<p class=\"ods-c-paragraph \">Ich misja jest jasna: robi\u0107 wszystko, co konieczne, by realizowa\u0107 interesy Stan\u00f3w Zjednoczonych i administracji Trumpa. Bia\u0142y Dom nie dba o to, by by\u0107 dobrym sojusznikiem Europy i jest wi\u0119cej ni\u017c gotowy do krytykowania, gro\u017cenia, zastraszania, a by\u0107 mo\u017ce nawet atakowania Starego Kontynentu. \u2014 Nie mo\u017ce to by\u0107 zaskoczeniem \u2014 m\u00f3wi dyplomata.<\/p>\n<p>Ryzyko dla Ukrainy<\/p>\n<p class=\"ods-c-paragraph \">Od powrotu Trumpa do Bia\u0142ego Domu min\u0105\u0142 prawie rok, a europejscy przyw\u00f3dcy i urz\u0119dnicy ani razu nie podj\u0119li formalnej debaty na temat dystansu, jaki USA zajmuj\u0105 wobec swoich dotychczasowych bliskich sojusznik\u00f3w. \u2014 Trzeba to om\u00f3wi\u0107 \u2014 m\u00f3wi ten sam dyplomata. \u2014 Powodem, dla kt\u00f3rego nie odbyli\u015bmy pe\u0142nej dyskusji na ten temat, jest Ukraina \u2014 dodaje.<\/p>\n<p class=\"ods-c-paragraph \">I to jest w\u0142a\u015bnie sedno napi\u0119cia parali\u017cuj\u0105cego reakcj\u0119 Europy. Tak jak nadal polega na NATO w kwestii bezpiecze\u0144stwa, mimo wielokrotnych obietnic, \u017ce stanie na w\u0142asnych nogach, tak samo desperacko potrzebuje wsparcia USA, aby doprowadzi\u0107 do akceptowalnego rozejmu w Ukrainie.<\/p>\n<p><img decoding=\"async\" src=\"https:\/\/www.europesays.com\/pl\/wp-content\/uploads\/2026\/01\/Hx5k9lBaHR0cHM6Ly9vY2RuLmV1L3B1bHNjbXMvTURBXy9lYTJmMDVmNDc3YzNlZDRiNmY1M2EzYWIwODFlNTQwOS5qcGeRlQLNB.jpeg\" height=\"627\" width=\"940\" alt=\"Wo\u0142odymyr Ze\u0142enski, Emmanuel Macron i Keir Starmer podczas spotkania &quot;oalicji ch\u0119tnych&quot; w Pa\u0142acu Elizejskim w Pary\u017cu, 6 stycznia 2026 r. \" loading=\"lazy\" class=\"ods-c-image__img ods-c-image__img--viewport-width\"\/><\/p>\n<p>Wo\u0142odymyr Ze\u0142enski, Emmanuel Macron i Keir Starmer podczas spotkania &#8222;oalicji ch\u0119tnych&#8221; w Pa\u0142acu Elizejskim w Pary\u017cu, 6 stycznia 2026 r.Tom Nicholson \/ Stringer \/ Getty Images<\/p>\n<p class=\"ods-c-paragraph \"><a href=\"https:\/\/wiadomosci.onet.pl\/swiat\/trzy-kluczowe-problemy-koalicji-chetnych-rosja-to-tylko-jeden-z-nich\/xce74ex\" id=\"b3722bed-e8d3-4bec-b244-2c99d92782c9\" rel=\"nofollow noopener\" target=\"_blank\">Spotkanie sojusznik\u00f3w Ukrainy w ramach tzw. koalicji ch\u0119tnych<\/a>, kt\u00f3re odby\u0142o si\u0119 6 stycznia w Pary\u017cu, zbli\u017cy\u0142o nas do planu, w ramach kt\u00f3rego USA zapewni\u0142yby wsparcie militarne w celu zagwarantowania porozumienia pokojowego. Wsp\u00f3lne o\u015bwiadczenie ponad 30 rz\u0105d\u00f3w, kt\u00f3re by\u0142o skutkiem spotkania, nie zawiera\u0142o jednak szczeg\u00f3\u0142owych informacji na temat roli, jak\u0105 mia\u0142yby odegra\u0107 USA, i nie zosta\u0142o podpisane przez przedstawicieli Trumpa.<\/p>\n<p class=\"ods-c-paragraph \">Dla Ukrainy nadal jest to niebezpiecznie delikatny moment, a Rosja nawet nie zaanga\u017cowa\u0142a si\u0119 w wypracowywanie porozumienia pokojoewgo. Zra\u017cenie w tym momencie Trumpa do Europy by\u0142oby ryzykowne dla sojusznik\u00f3w Ukrainy w UE i poza ni\u0105.<\/p>\n<p class=\"ods-c-paragraph \">Problem polega na tym, \u017ce bez otwartej dyskusji na temat nowego stanu Zachodu europejscy przyw\u00f3dcy b\u0119d\u0105 mieli trudno\u015bci z uzyskaniem poparcia politycznego niezb\u0119dnego do przeprowadzenia wymaganej zmiany polityki zagranicznej. A ta mia\u0142aby polega\u0107 na zdystansowniu si\u0119 od Stan\u00f3w Zjednoczonych, a by\u0107 mo\u017ce tak\u017ce od NATO.<\/p>\n<p>&#8222;Nowy kolonializm&#8221;<\/p>\n<p class=\"ods-c-paragraph \">Prezydent Francji Emmanuel Macron wydaje si\u0119 najbardziej otwarty w tej kwestii. W wyg\u0142oszonym w tym tygodniu przem\u00f3wieniu stwierdzi\u0142, \u017ce Waszyngton zamierza podzieli\u0107 \u015bwiat na strefy wp\u0142yw\u00f3w. <\/p>\n<p class=\"ods-c-paragraph \">\u2014 Stany Zjednoczone to ugruntowana pot\u0119ga, kt\u00f3ra stopniowo odwraca si\u0119 od niekt\u00f3rych swoich sojusznik\u00f3w i wy\u0142amuje si\u0119 z mi\u0119dzynarodowych zasad, kt\u00f3re kiedy\u015b sama promowa\u0142a \u2014 powiedzia\u0142 podczas corocznego przem\u00f3wienia po\u015bwi\u0119conego polityce zagranicznej.<\/p>\n<p class=\"ods-c-paragraph \">Doda\u0142, \u017ce Europa nie mo\u017ce zaakceptowa\u0107 &#8222;nowego kolonializmu&#8221;, i powinna dalej inwestowa\u0107 w &#8222;strategiczn\u0105 autonomi\u0119&#8221; kontynentu.<\/p>\n<p class=\"ods-c-paragraph \">Sam prezydent Francji jest jednak obecnie s\u0142abszy i mniej popularny ni\u017c kiedykolwiek wcze\u015bniej, a parlament w Pary\u017cu znajduje si\u0119 w impasie i nie jest w stanie osi\u0105gn\u0105\u0107 post\u0119p\u00f3w w zakresie kluczowych dzia\u0142a\u0144. <a href=\"https:\/\/www.onet.pl\/informacje\/onetwiadomosci\/francja-macron-i-centrysci-wobec-rosnacej-sily-skrajnej-prawicy\/nmzkkb9,79cfc278\" id=\"ff3b2dc9-9bed-440e-a990-2bc455fc8739\" rel=\"nofollow noopener\" target=\"_blank\">A w sonda\u017cach popularno\u015b\u0107 zyskuje skrajna prawica.<\/a> Chocia\u017c wielu dyplomat\u00f3w i urz\u0119dnik\u00f3w podziela opini\u0119 Macrona, wiedz\u0105 oni, \u017ce jego g\u0142os nie ma ju\u017c takiego znaczenia w Brukseli, jak kiedy\u015b.<\/p>\n<p>Dalszy ci\u0105g artyku\u0142u pod materia\u0142em wideo<\/p>\n<p class=\"ods-c-paragraph \">W swoim przem\u00f3wieniu na temat polityki zagranicznej wyg\u0142oszonym w tym tygodniu Macron nie wspomnia\u0142 o dzia\u0142aniach USA w Wenezueli ani o samym Trumpie. Wielu unijnych urz\u0119dnik\u00f3w obawia si\u0119 jednego \u2014 nawet je\u015bli uda si\u0119 przekona\u0107 Trumpa, aby stan\u0105\u0142 po stronie Europy, wycofa\u0142 si\u0119 z Grenlandii i wys\u0142a\u0142 ameryka\u0144skie wojska do monitorowania pokoju w Ukrainie, czy b\u0119dzie to trwa\u0142e?<\/p>\n<p class=\"ods-c-paragraph \">Unijni dyplomaci zastanawiaj\u0105 si\u0119, ile wart by\u0142by ameryka\u0144ski podpis pod jakimkolwiek traktatem pokojowym gwarantuj\u0105cym bezpiecze\u0144stwo Ukrainy, skoro Trump jest gotowy robi\u0107 wszystko, co mu si\u0119 podoba. \u2014 Ostatecznie nie ma \u017cadnej gwarancji, \u017ce wszystko si\u0119 u\u0142o\u017cy \u2014 m\u00f3wi inny europejski dyplomata.<\/p>\n<p>Europejskie warto\u015bci na bok<\/p>\n<p class=\"ods-c-paragraph \">Wed\u0142ug krytyk\u00f3w UE jej nieistotno\u015b\u0107 w nowym porz\u0105dku \u015bwiata Trumpa jest widoczna na ka\u017cdym kroku. W Strefie Gazy nie ma ona \u017cadnej perspektywicznej roli w nowej radzie pokojowej, kt\u00f3ra mog\u0142aby zarz\u0105dza\u0107 tym obszarem zgodnie z planem zawieszenia broni Trumpa \u2014 mimo \u017ce jest najwi\u0119kszym darczy\u0144c\u0105 pomocy.<\/p>\n<p class=\"ods-c-paragraph \">Podczas gdy <a href=\"https:\/\/www.onet.pl\/informacje\/onetwiadomosci\/protesty-w-iranie-nie-ustaja-w-ogniu-stanal-budynek-rzadowy-najwazniejsze-informacje\/phyy83j,79cfc278\" id=\"29759e6f-3e07-416a-9ff8-24337827366e\" rel=\"nofollow noopener\" target=\"_blank\">ira\u0144scy protestuj\u0105cy d\u0105\u017c\u0105 do obalenia re\u017cimu w Teheranie<\/a>, przyw\u00f3dcy UE oferuj\u0105 niewiele wi\u0119cej ni\u017c ciep\u0142e s\u0142owa \u2014 o ile w og\u00f3le si\u0119 na ten temat wypowiadaj\u0105 \u2014 z odleg\u0142o\u015bci blisko 5 tys. km.<\/p>\n<p class=\"ods-c-paragraph \">\u2014 Europa zgubi\u0142a kierunek i nie jestem pewien, czy ma do odegrania jak\u0105kolwiek rol\u0119 na \u015bwiecie, poza Ukrain\u0105 \u2014 m\u00f3wi jeden z wysokich rang\u0105 dyplomat\u00f3w spoza UE.<\/p>\n<p class=\"ods-c-paragraph \">Jego zdaniem powodem szczeg\u00f3lnej s\u0142abo\u015bci bloku s\u0105 &#8222;podzia\u0142y&#8221; na szczytach w\u0142adzy. Przyk\u0142adowo nikt nie wypowiada si\u0119 w imieniu Europy w kwestiach polityki zagranicznej \u2014 przyw\u00f3dcy UE wydali oddzielne o\u015bwiadczenia w odpowiedzi na operacj\u0119 USA w Wenezueli maj\u0105c\u0105 na celu obalenie Maduro. Jedno z nich pochodzi\u0142o od przewodnicz\u0105cej Komisji Europejskiej Ursuli von der Leyen, drugie od przewodnicz\u0105cego Rady Europejskiej Antonio Costy, a trzecie od Kai Kallas, kt\u00f3ra pe\u0142ni funkcj\u0119 wysokiej przedstawicielki Unii do spraw zagranicznych i polityki bezpiecze\u0144stwa.<\/p>\n<p><img decoding=\"async\" src=\"https:\/\/www.europesays.com\/pl\/wp-content\/uploads\/2026\/01\/_8Ck9lBaHR0cHM6Ly9vY2RuLmV1L3B1bHNjbXMvTURBXy8xNGFjYTQ3YzAzNDk2NTQ1OTllNzI4YzBjMTlkZGM0MC5qcGeRlQLNB.jpeg\" height=\"641\" width=\"940\" alt=\"Kaja Kallas i Ursula von der Leyen, Bruksela, 10 czerwca 2025 r.\" loading=\"lazy\" class=\"ods-c-image__img ods-c-image__img--viewport-width\"\/><\/p>\n<p>Kaja Kallas i Ursula von der Leyen, Bruksela, 10 czerwca 2025 r.Thierry Monasse \/ Contributor \/ Getty Images<\/p>\n<p class=\"ods-c-paragraph \">O\u015bwiadczenie tej ostatniej wwzywaj\u0105ce do zachowania &#8222;spokoju i pow\u015bci\u0105gliwo\u015bci&#8221; oraz poszanowania &#8222;zasad&#8221; prawa mi\u0119dzynarodowego zosta\u0142o ostatecznie podpisane tylko przez 26 pa\u0144stw cz\u0142onkowskich UE \u2014 W\u0119gry si\u0119 wy\u0142ama\u0142y.<\/p>\n<p class=\"ods-c-paragraph \">Otwarte wyzwanie rzucone przez USA porz\u0105dkowi \u015bwiatowemu jest koszmarem, kt\u00f3ry wykracza poza Bruksel\u0119.<\/p>\n<p class=\"ods-c-paragraph \">We\u017amy na przyk\u0142ad brytyjskiego premiera Keira Starmera, kt\u00f3ry sam jest z wykszta\u0142cenia prawnikiem. Przed obj\u0119ciem w\u0142adzy krytykowa\u0142 konserwatywny rz\u0105d w Londynie za to, \u017ce nie pot\u0119pi\u0142 Trumpa za brak poszanowania dla prawa mi\u0119dzynarodowego. Teraz, gdy sam sprawuje urz\u0105d, wyg\u0142asza jedynie s\u0142abe publiczne komentarze, uciekaj\u0105c od wyra\u017cenia opinii na temat legalno\u015bci lub nielegalno\u015bci operacji Trumpa maj\u0105cej na celu zmian\u0119 re\u017cimu w Wenezueli.<\/p>\n<p class=\"ods-c-paragraph \">\u2014 Jaki wp\u0142yw mo\u017cemy mie\u0107 na Rosj\u0119, skoro nie sprzeciwiamy si\u0119 temu, co robi\u0105 Stany Zjednoczone w Wenezueli? \u2014 pyta inny europejski dyplomata.<\/p>\n<p class=\"ods-c-paragraph \">Podobnie jest w przypadku <a href=\"https:\/\/wiadomosci.onet.pl\/swiat\/donald-trump-przejmie-grenlandie-kosztem-nato-to-moze-byc-wybor\/we4401w\" id=\"3f611797-1a5d-4271-a16a-69ad76874240\" rel=\"nofollow noopener\" target=\"_blank\">ambicji Trumpa dotycz\u0105cych przej\u0119cia &#8222;na w\u0142asno\u015b\u0107&#8221; Grenlandii<\/a> \u2014 cz\u0119\u015bci terytorium Danii, kt\u00f3ra jest cz\u0142onkiem NATO. Europejczycy, kt\u00f3rzy chcieli wesprze\u0107 jej stanowisko, sformu\u0142owali swoje wypowiedzi w naj\u0142agodniejszy mo\u017cliwy spos\u00f3b, starannie unikaj\u0105c wszystkiego, co mog\u0142oby wygl\u0105da\u0107 na bezpo\u015bredni\u0105 krytyk\u0119 Stan\u00f3w Zjednoczonych. \u2014 Prawo jest silniejsze od si\u0142y \u2014 to najmocniejsze s\u0142owa, kt\u00f3re uda\u0142o si\u0119 powiedzie\u0107 Ursuli von der Leyen. Nie jest jasne, czy ma racj\u0119.<\/p>\n<p class=\"ods-c-paragraph \">\u2014 \u015awiat nie opiera si\u0119 ju\u017c na europejskich warto\u015bciach \u2014 m\u00f3wi starszy rang\u0105 dyplomata UE. \u2014 \u015awiat funkcjonuje zupe\u0142nie inaczej. Europa musi znale\u017a\u0107 swoj\u0105 drog\u0119.<\/p>\n","protected":false},"excerpt":{"rendered":"W tym tygodniu w Brukseli spad\u0142 g\u0119sty \u015bnieg i urz\u0119dnicy z ambasad i instytucji europejskich powr\u00f3cili z wakacyjnej&hellip;\n","protected":false},"author":2,"featured_media":197416,"comment_status":"","ping_status":"","sticky":false,"template":"","format":"standard","meta":{"footnotes":""},"categories":[14],"tags":[56,32,33,44,9796,27,34,35,28,31,48,25,46,40,1314,41,47,80,29,30,86,71,3008,26,82,83,84],"class_list":{"0":"post-197415","1":"post","2":"type-post","3":"status-publish","4":"format-standard","5":"has-post-thumbnail","7":"category-swiat","8":"tag-article_premium","9":"tag-breaking-news","10":"tag-breakingnews","11":"tag-donald_trump","12":"tag-grenlandia","13":"tag-headlines","14":"tag-latest-news","15":"tag-latestnews","16":"tag-naglowki","17":"tag-najwazniejsze-artykuly","18":"tag-nat_styl","19":"tag-news","20":"tag-omp","21":"tag-polish","22":"tag-politico","23":"tag-polski","24":"tag-screening_general","25":"tag-swiat","26":"tag-top-stories","27":"tag-topstories","28":"tag-unia_europejska","29":"tag-usa","30":"tag-wenezuela","31":"tag-wiadomosci","32":"tag-world","33":"tag-world-news","34":"tag-worldnews"},"share_on_mastodon":{"url":"https:\/\/pubeurope.com\/@pl\/115870189753959144","error":""},"_links":{"self":[{"href":"https:\/\/www.europesays.com\/pl\/wp-json\/wp\/v2\/posts\/197415","targetHints":{"allow":["GET"]}}],"collection":[{"href":"https:\/\/www.europesays.com\/pl\/wp-json\/wp\/v2\/posts"}],"about":[{"href":"https:\/\/www.europesays.com\/pl\/wp-json\/wp\/v2\/types\/post"}],"author":[{"embeddable":true,"href":"https:\/\/www.europesays.com\/pl\/wp-json\/wp\/v2\/users\/2"}],"replies":[{"embeddable":true,"href":"https:\/\/www.europesays.com\/pl\/wp-json\/wp\/v2\/comments?post=197415"}],"version-history":[{"count":0,"href":"https:\/\/www.europesays.com\/pl\/wp-json\/wp\/v2\/posts\/197415\/revisions"}],"wp:featuredmedia":[{"embeddable":true,"href":"https:\/\/www.europesays.com\/pl\/wp-json\/wp\/v2\/media\/197416"}],"wp:attachment":[{"href":"https:\/\/www.europesays.com\/pl\/wp-json\/wp\/v2\/media?parent=197415"}],"wp:term":[{"taxonomy":"category","embeddable":true,"href":"https:\/\/www.europesays.com\/pl\/wp-json\/wp\/v2\/categories?post=197415"},{"taxonomy":"post_tag","embeddable":true,"href":"https:\/\/www.europesays.com\/pl\/wp-json\/wp\/v2\/tags?post=197415"}],"curies":[{"name":"wp","href":"https:\/\/api.w.org\/{rel}","templated":true}]}}