{"id":197417,"date":"2026-01-10T09:52:08","date_gmt":"2026-01-10T09:52:08","guid":{"rendered":"https:\/\/www.europesays.com\/pl\/197417\/"},"modified":"2026-01-10T09:52:08","modified_gmt":"2026-01-10T09:52:08","slug":"silne-mrozy-w-polsce-mswia-i-imgw-ostrzegaja-przed-zagrozeniem","status":"publish","type":"post","link":"https:\/\/www.europesays.com\/pl\/197417\/","title":{"rendered":"Silne mrozy w Polsce. MSWiA i IMGW ostrzegaj\u0105 przed zagro\u017ceniem"},"content":{"rendered":"<p class=\"ods-c-paragraph \">Trwaj\u0105ce mrozy i kolejne ostrze\u017cenia Instytutu Meteorologii i Gospodarki Wodnej (IMGW) sk\u0142oni\u0142y w\u0142adze do podj\u0119cia zdecydowanych dzia\u0142a\u0144. Wiceministrowie Magdalena Roguska, Wies\u0142aw Le\u015bniakiewicz (MSWiA) oraz Katarzyna Nowakowska (MRPiPS) polecili s\u0142u\u017cbom i wojewodom zwi\u0119kszenie aktywno\u015bci pomocowej dla najbardziej nara\u017conych os\u00f3b \u2014 w tym senior\u00f3w oraz os\u00f3b w kryzysie bezdomno\u015bci.<\/p>\n<p class=\"ods-c-paragraph \">&#8222;Mamy niskie temperatury, porywisty wiatr, mo\u017cliwe opady \u015bniegu i przekroczenia poziomu w\u00f3d w woj. dolno\u015bl\u0105skim i zachodniopomorskim. Do tego kilkana\u015bcie zgon\u00f3w z wych\u0142odzenia od pocz\u0105tku sezonu grzewczego. Sytuacja jest trudna, dlatego po raz kolejny zwracamy si\u0119 do wojewod\u00f3w i s\u0142u\u017cb podleg\u0142ych MSWiA o wyt\u0119\u017con\u0105 prac\u0119 w tych dniach&#8221; \u2014 podkre\u015bli\u0142 wiceminister spraw wewn\u0119trznych i administracji Wies\u0142aw Le\u015bniakiewicz podczas spotkania w Rz\u0105dowym Centrum Bezpiecze\u0144stwa.<\/p>\n<p>Dalszy ci\u0105g artyku\u0142u pod materia\u0142em wideo<\/p>\n<p> Co robi\u0105 w\u0142adze w zwi\u0105zku z mrozami? <\/p>\n<p> Jakie grupy ludzi otrzymaj\u0105 wsparcie? <\/p>\n<p> Jakie dzia\u0142ania podejmuj\u0105 s\u0142u\u017cby w celu ochrony os\u00f3b zagro\u017conych? <\/p>\n<p> Jakie s\u0105 ostrze\u017cenia IMGW dotycz\u0105ce temperatur? <\/p>\n<p>  Silne mrozy w kraju. MSWiA mobilizuje s\u0142u\u017cby i wojewod\u00f3w<\/p>\n<p class=\"ods-c-paragraph \">S\u0142u\u017cby zosta\u0142y zobowi\u0105zane do zwi\u0119kszenia liczby patroli oraz dok\u0142adniejszego monitorowania miejsc, w kt\u00f3rych mog\u0105 przebywa\u0107 osoby nara\u017cone na wych\u0142odzenie, takich jak opuszczone budynki, ogr\u00f3dki dzia\u0142kowe czy tereny zielone. Wiceszefowa MSWiA Magdalena Roguska zaznaczy\u0142a, \u017ce przy zagro\u017ceniu, jakie niesie ze sob\u0105 mr\u00f3z, nadrz\u0119dnym celem dzia\u0142a\u0144 jest ratowanie ludzkiego \u017cycia.<\/p>\n<p class=\"ods-c-paragraph \">Ka\u017cdego dnia ponad 10 tysi\u0119cy policjant\u00f3w w ca\u0142ej Polsce patroluje miejsca, gdzie mog\u0105 przebywa\u0107 osoby zagro\u017cone wych\u0142odzeniem.<\/p>\n<p class=\"ods-c-paragraph \">Jak informuje MSWiA, funkcjonariusze maj\u0105 mo\u017cliwo\u015b\u0107 przewiezienia os\u00f3b do noclegowni nawet bez ich zgody, je\u015bli wyst\u0119puje bezpo\u015brednie zagro\u017cenie \u017cycia. Co wi\u0119cej, w okresie mroz\u00f3w stosowana jest zasada &#8222;otwartego podej\u015bcia&#8221; \u2014 schronienie udzielane jest r\u00f3wnie\u017c osobom b\u0119d\u0105cym pod wp\u0142ywem alkoholu lub innych substancji psychoaktywnych.<\/p>\n<p class=\"ods-c-paragraph \">&#8222;Wszyscy musimy by\u0107 czujni w tych dniach, s\u0142u\u017cby i samorz\u0105dowcy, ale te\u017c ka\u017cdy z nas. W sytuacji zagro\u017cenia \u017cycia nie wahajmy si\u0119 dzwoni\u0107 pod numer 112&#8221; \u2014 zaapelowa\u0142a podczas spotkania w RCB wiceszefowa MRPiPS Katarzyna Nowakowska.<\/p>\n<p>Silne mrozy w kraju. W\u0142adze apeluj\u0105 o zachowanie szczeg\u00f3lnej ostro\u017cno\u015bci<\/p>\n<p class=\"ods-c-paragraph \">MSWiA zapewnia, \u017ce dzia\u0142ania prewencyjne b\u0119d\u0105 kontynuowane tak d\u0142ugo, jak d\u0142ugo utrzymywa\u0107 si\u0119 b\u0119d\u0105 zagra\u017caj\u0105ce \u017cyciu temperatury.<\/p>\n<p class=\"ods-c-paragraph \">Tylko w pi\u0105tek, 9 stycznia, IMGW wyda\u0142 ostrze\u017cenia pierwszego stopnia przed silnym mrozem dla \u015brodkowej i wschodniej Polski \u2014 od Bieszczad, przez Warszaw\u0119, po Ba\u0142tyk. Ostrze\u017cenia dotycz\u0105 temperatur poni\u017cej -15 st. C i obowi\u0105zuj\u0105 do najbli\u017cszego weekendu, z mo\u017cliwo\u015bci\u0105 przed\u0142u\u017cenia.<\/p>\n<p class=\"ods-c-paragraph \">R\u00f3wnocze\u015bnie wydano ostrze\u017cenia hydrologiczne przed mo\u017cliwymi wezbraniami w\u00f3d, obejmuj\u0105ce m.in. Dolny \u015al\u0105sk, Mazowsze oraz Pomorze Zachodnie. Wskazano tak\u017ce na mo\u017cliwo\u015b\u0107 podniesienia stan\u00f3w wody na rzece Wel w woj. warmi\u0144sko-mazurskim.<\/p>\n<p class=\"ods-c-paragraph \">W\u0142adze apeluj\u0105 o zachowanie szczeg\u00f3lnej ostro\u017cno\u015bci i nielekcewa\u017cenie komunikat\u00f3w pogodowych, zw\u0142aszcza na drogach.<\/p>\n","protected":false},"excerpt":{"rendered":"Trwaj\u0105ce mrozy i kolejne ostrze\u017cenia Instytutu Meteorologii i Gospodarki Wodnej (IMGW) sk\u0142oni\u0142y w\u0142adze do podj\u0119cia zdecydowanych dzia\u0142a\u0144. Wiceministrowie&hellip;\n","protected":false},"author":2,"featured_media":197418,"comment_status":"","ping_status":"","sticky":false,"template":"","format":"standard","meta":{"footnotes":""},"categories":[12],"tags":[3135,32,33,36,37,27,49,34,35,37819,1891,28,31,48,25,46,42,38,40,39,41,47,5121,7312,29,30,26],"class_list":{"0":"post-197417","1":"post","2":"type-post","3":"status-publish","4":"format-standard","5":"has-post-thumbnail","7":"category-polska","8":"tag-bezdomnosc_bezdomni","9":"tag-breaking-news","10":"tag-breakingnews","11":"tag-featured-news","12":"tag-featurednews","13":"tag-headlines","14":"tag-kraj","15":"tag-latest-news","16":"tag-latestnews","17":"tag-mrozy","18":"tag-mswia","19":"tag-naglowki","20":"tag-najwazniejsze-artykuly","21":"tag-nat_styl","22":"tag-news","23":"tag-omp","24":"tag-pl","25":"tag-poland","26":"tag-polish","27":"tag-polska","28":"tag-polski","29":"tag-screening_general","30":"tag-seniorzy","31":"tag-snieg","32":"tag-top-stories","33":"tag-topstories","34":"tag-wiadomosci"},"share_on_mastodon":{"url":"https:\/\/pubeurope.com\/@pl\/115870193654030501","error":""},"_links":{"self":[{"href":"https:\/\/www.europesays.com\/pl\/wp-json\/wp\/v2\/posts\/197417","targetHints":{"allow":["GET"]}}],"collection":[{"href":"https:\/\/www.europesays.com\/pl\/wp-json\/wp\/v2\/posts"}],"about":[{"href":"https:\/\/www.europesays.com\/pl\/wp-json\/wp\/v2\/types\/post"}],"author":[{"embeddable":true,"href":"https:\/\/www.europesays.com\/pl\/wp-json\/wp\/v2\/users\/2"}],"replies":[{"embeddable":true,"href":"https:\/\/www.europesays.com\/pl\/wp-json\/wp\/v2\/comments?post=197417"}],"version-history":[{"count":0,"href":"https:\/\/www.europesays.com\/pl\/wp-json\/wp\/v2\/posts\/197417\/revisions"}],"wp:featuredmedia":[{"embeddable":true,"href":"https:\/\/www.europesays.com\/pl\/wp-json\/wp\/v2\/media\/197418"}],"wp:attachment":[{"href":"https:\/\/www.europesays.com\/pl\/wp-json\/wp\/v2\/media?parent=197417"}],"wp:term":[{"taxonomy":"category","embeddable":true,"href":"https:\/\/www.europesays.com\/pl\/wp-json\/wp\/v2\/categories?post=197417"},{"taxonomy":"post_tag","embeddable":true,"href":"https:\/\/www.europesays.com\/pl\/wp-json\/wp\/v2\/tags?post=197417"}],"curies":[{"name":"wp","href":"https:\/\/api.w.org\/{rel}","templated":true}]}}