{"id":197419,"date":"2026-01-10T09:53:07","date_gmt":"2026-01-10T09:53:07","guid":{"rendered":"https:\/\/www.europesays.com\/pl\/197419\/"},"modified":"2026-01-10T09:53:07","modified_gmt":"2026-01-10T09:53:07","slug":"policyjny-poscig-w-kielcach-skonczylo-sie-dachowaniem","status":"publish","type":"post","link":"https:\/\/www.europesays.com\/pl\/197419\/","title":{"rendered":"Policyjny po\u015bcig w Kielcach. Sko\u0144czy\u0142o si\u0119 dachowaniem"},"content":{"rendered":"<p>Jak przekaza\u0142a podkom. Ma\u0142gorzata Perkowska-Kiepas z\u00a0Komendy Miejskiej Policji w\u00a0Kielcach, policjanci zaanga\u017cowali si\u0119 w\u00a0<a href=\"https:\/\/wiadomosci.wp.pl\/16-latek-ukradl-samochod-podczas-ucieczki-staranowal-radiowoz-7240509646637568a\" rel=\"noopener noreferrer nofollow\" target=\"_blank\">po\u015bcig za kierowc\u0105<\/a> podejrzanym o\u00a0naruszenie przepis\u00f3w drogowych. Zdarzenie mia\u0142o miejsce w\u00a0pi\u0105tkowy wiecz\u00f3r, po godz. 21, na ul. Piekoszowskiej. Funkcjonariusze zwr\u00f3cili uwag\u0119 na Audi z\u00a0podejrzanym stanem technicznym, lecz kierowca zignorowa\u0142 ich sygna\u0142y i\u00a0podj\u0105\u0142 pr\u00f3b\u0119 ucieczki.<\/p>\n<p>Nie dotr\u0105 na\u00a0sylwestra. Drogi oblodzone, zawracaj\u0105 <\/p>\n<p>Po\u015bcig zako\u0144czy\u0142 si\u0119 dramatycznie, gdy kierowca straci\u0142 panowanie nad pojazdem na ul. Podklasztornej. Auto zjecha\u0142o z\u00a0drogi, wpad\u0142o w\u00a0zaro\u015bla i\u00a0dachowa\u0142o. W\u00a0poje\u017adzie opr\u00f3cz 22-letniego kierowcy znajdowa\u0142o si\u0119 trzech pasa\u017cer\u00f3w.<\/p>\n<p>Ostatecznie sze\u015b\u0107 os\u00f3b, w\u00a0tym dw\u00f3ch policjant\u00f3w, zosta\u0142o przewiezionych do szpitala. Badania wykaza\u0142y, \u017ce kierowca by\u0142 <a href=\"https:\/\/wiadomosci.wp.pl\/akcja-policji-w-poznaniu-podejrzany-porzucil-samochod-7238770731076096a\" rel=\"noopener noreferrer nofollow\" target=\"_blank\">pod wp\u0142ywem alkoholu<\/a> oraz posiada\u0142 aktywny zakaz prowadzenia pojazd\u00f3w mechanicznych. Policja prowadzi dalsze czynno\u015bci wyja\u015bniaj\u0105ce okoliczno\u015bci tego zdarzenia.<\/p>\n<p>Obecnie funkcjonariusze wyja\u015bniaj\u0105 szczeg\u00f3\u0142y wypadku i\u00a0analizuj\u0105, jakie kroki prawne mo\u017cna podj\u0105\u0107 wzgl\u0119dem m\u0142odego kierowcy. <\/p>\n<p>Zar\u00f3wno stan zdrowia poszkodowanych, jak i\u00a0szczeg\u00f3\u0142y zdarzenia, b\u0119d\u0105 bacznie monitorowane przez odpowiednie s\u0142u\u017cby. Policja apeluje tak\u017ce do kierowc\u00f3w o\u00a0rozwag\u0119 na drodze i\u00a0przestrzeganie przepis\u00f3w, podkre\u015blaj\u0105c, jak niebezpieczne mog\u0105 by\u0107 skutki ignorowania polece\u0144 funkcjonariuszy.<\/p>\n","protected":false},"excerpt":{"rendered":"Jak przekaza\u0142a podkom. Ma\u0142gorzata Perkowska-Kiepas z\u00a0Komendy Miejskiej Policji w\u00a0Kielcach, policjanci zaanga\u017cowali si\u0119 w\u00a0po\u015bcig za kierowc\u0105 podejrzanym o\u00a0naruszenie przepis\u00f3w&hellip;\n","protected":false},"author":2,"featured_media":197420,"comment_status":"","ping_status":"","sticky":false,"template":"","format":"standard","meta":{"footnotes":""},"categories":[5],"tags":[32,33,36,37,27,34,35,28,31,25,42,38,40,39,41,29,30,26],"class_list":{"0":"post-197419","1":"post","2":"type-post","3":"status-publish","4":"format-standard","5":"has-post-thumbnail","7":"category-naglowki","8":"tag-breaking-news","9":"tag-breakingnews","10":"tag-featured-news","11":"tag-featurednews","12":"tag-headlines","13":"tag-latest-news","14":"tag-latestnews","15":"tag-naglowki","16":"tag-najwazniejsze-artykuly","17":"tag-news","18":"tag-pl","19":"tag-poland","20":"tag-polish","21":"tag-polska","22":"tag-polski","23":"tag-top-stories","24":"tag-topstories","25":"tag-wiadomosci"},"share_on_mastodon":{"url":"https:\/\/pubeurope.com\/@pl\/115870197612682737","error":""},"_links":{"self":[{"href":"https:\/\/www.europesays.com\/pl\/wp-json\/wp\/v2\/posts\/197419","targetHints":{"allow":["GET"]}}],"collection":[{"href":"https:\/\/www.europesays.com\/pl\/wp-json\/wp\/v2\/posts"}],"about":[{"href":"https:\/\/www.europesays.com\/pl\/wp-json\/wp\/v2\/types\/post"}],"author":[{"embeddable":true,"href":"https:\/\/www.europesays.com\/pl\/wp-json\/wp\/v2\/users\/2"}],"replies":[{"embeddable":true,"href":"https:\/\/www.europesays.com\/pl\/wp-json\/wp\/v2\/comments?post=197419"}],"version-history":[{"count":0,"href":"https:\/\/www.europesays.com\/pl\/wp-json\/wp\/v2\/posts\/197419\/revisions"}],"wp:featuredmedia":[{"embeddable":true,"href":"https:\/\/www.europesays.com\/pl\/wp-json\/wp\/v2\/media\/197420"}],"wp:attachment":[{"href":"https:\/\/www.europesays.com\/pl\/wp-json\/wp\/v2\/media?parent=197419"}],"wp:term":[{"taxonomy":"category","embeddable":true,"href":"https:\/\/www.europesays.com\/pl\/wp-json\/wp\/v2\/categories?post=197419"},{"taxonomy":"post_tag","embeddable":true,"href":"https:\/\/www.europesays.com\/pl\/wp-json\/wp\/v2\/tags?post=197419"}],"curies":[{"name":"wp","href":"https:\/\/api.w.org\/{rel}","templated":true}]}}