{"id":197424,"date":"2026-01-10T09:57:12","date_gmt":"2026-01-10T09:57:12","guid":{"rendered":"https:\/\/www.europesays.com\/pl\/197424\/"},"modified":"2026-01-10T09:57:12","modified_gmt":"2026-01-10T09:57:12","slug":"wlasciciele-domow-masowo-zmieniaja-rodzaj-ogrzewania-wegiel-i-drewno-ida-w-odstawke-portal-samorzadowy","status":"publish","type":"post","link":"https:\/\/www.europesays.com\/pl\/197424\/","title":{"rendered":"W\u0142a\u015bciciele dom\u00f3w masowo zmieniaj\u0105 rodzaj ogrzewania. W\u0119giel i drewno id\u0105 w odstawk\u0119 &#8211; Portal Samorz\u0105dowy"},"content":{"rendered":"<ol>\n<li><a href=\"https:\/\/news.google.com\/rss\/articles\/CBMi4wFBVV95cUxPXzV3YXRkRTRaSkZLUmlZMlBfOC1NSW03dEgtZS1HTFlySjRGOHJHSWViSG9IRmpZeWZPWFRET0FRYmgxY1VpdDV0SGhPNUNqMW5Vb1M5c29aQnozVm1PTVI0TWhJM0JkZjhRRzBoSFBILWpHRk14MVJDQnJUemRVQnRtd09vc2ZFS1NLZm14ODYwZy1BQ0c5eFNyenpMcmZxbzhyT0RWV080UFR1UVJuT0t0UnVJdzlnbnZFd3d6UzV1eFhiTHpDUjd2MWYxb1dxYS1LY1JnZ3M2VldJdnMyWk53RQ?oc=5\" target=\"_blank\" rel=\"nofollow noopener\">W\u0142a\u015bciciele dom\u00f3w masowo zmieniaj\u0105 rodzaj ogrzewania. W\u0119giel i drewno id\u0105 w odstawk\u0119<\/a>&nbsp;&nbsp;Portal Samorz\u0105dowy<\/li>\n<li><a href=\"https:\/\/news.google.com\/rss\/articles\/CBMivwFBVV95cUxNSmZWM0JtcHVadTJWcXpxTVRfQUl1ZWZadXJtcXk1ckpvaXZhQjNDSVFZV3ZaaXd4LWRETTlvcDZ5U2pWRkR4YXVsdEFkbkdwcm1ZYnVSd3praDI2TEJaTjh6bk1NeTR0ai1BOE5jNFNRU1FueG9UNGszLWxFTkp0cnpEdzFtRjZieHpLOVBRQVhoV1dxdDlvd2hnUG9nbFNZU1FzVTlNSFNRZ09JTmtKZ2I1VngyRnVjTnBNd1RoVQ?oc=5\" target=\"_blank\" rel=\"nofollow noopener\">W\u0119giel i drewno trac\u0105. Oto czym Polacy coraz cz\u0119\u015bciej ogrzewaj\u0105 domy<\/a>&nbsp;&nbsp;Money.pl<\/li>\n<li><a href=\"https:\/\/news.google.com\/rss\/articles\/CBMiuwFBVV95cUxQdzlwaDc1UjFTSm5ZSHU2cnNrb0ZzaktVa1BXR1hnQnJReUdrVzBTRlJ2Y29VRC1YamVSTFR5RVpNY1JaRTdHV2lDNGNkT0FLY2JIaThXYnlkMFFoMWx4bndXakVZS3ZLalYzSHZjM0VZQjFnUGJjU2hKV2lCMm9ZWHUtR1k5VEd4RU80ZWFGNEpXbFJjQk1USk40dmtZazhxTFE5QlA2QWJLYkJNYklNSExNS0lJT0VoRmNz?oc=5\" target=\"_blank\" rel=\"nofollow noopener\">Zu\u017cycie energii w polskich domach. Na co idzie najwi\u0119cej?<\/a>&nbsp;&nbsp;Business Insider Polska<\/li>\n<li><a href=\"https:\/\/news.google.com\/rss\/articles\/CBMiqwFBVV95cUxQcTB6SjBSUzc0WHQ5c3FsOWphbENKeTlKd01ldWU5dXdUOFRVWmhTdldKdTVLZkFsUW55a0VPVlVCM1FPbkhvY2dqR2RjLWZKRnFQUUprWWZtaHBoSnI4djU5NXFwRGRMbkx5TURDNURpUGdKbWJ0SEdwQ2xDbFFaaVgzNnNPUVZ3bU1nYjAyNVhneHZvWFdzZEcwelNsRUM5Y1Z2WHpjd3RTdVk?oc=5\" target=\"_blank\" rel=\"nofollow noopener\">Gaz ziemny nowym kr\u00f3lem ogrzewania. W\u0119giel i drewno w odwrocie<\/a>&nbsp;&nbsp;Bankier.pl<\/li>\n<li><a href=\"https:\/\/news.google.com\/rss\/articles\/CBMivwFBVV95cUxPRGotOUhvMV9CS0Q4dkFvRXVQb19KcnBUVE1qdlVHVGRuejg1M0t3clhrZzB2NUNxam5HdVJlZkI0cmhlZUFMWlhmcmppazlBQmNWR0RRMnZKZnd3Z1V4c1RxVGQ2Ym1HUjZwcTc1S2ZiSjk3R1AwaTRZOXJ4a2FPdkZZWTFzZGxfTUFiRHM4ME5ZMUhFY3QxWmZPd3l5MGtBS3hGa2h6VWJZcHVmbUFSUVdhVzBfUVRUc0RFckp3bw?oc=5\" target=\"_blank\" rel=\"nofollow noopener\">Najta\u0144sza metoda ogrzewania w sezonie 2025\/2026? Mo\u017cesz si\u0119 zaskoczy\u0107!<\/a>&nbsp;&nbsp;Onet<\/li>\n<\/ol>\n","protected":false},"excerpt":{"rendered":"W\u0142a\u015bciciele dom\u00f3w masowo zmieniaj\u0105 rodzaj ogrzewania. W\u0119giel i drewno id\u0105 w odstawk\u0119&nbsp;&nbsp;Portal Samorz\u0105dowy W\u0119giel i drewno trac\u0105. Oto&hellip;\n","protected":false},"author":2,"featured_media":197425,"comment_status":"","ping_status":"","sticky":false,"template":"","format":"standard","meta":{"footnotes":""},"categories":[16],"tags":[664,1178,7919,10890,10893,2991,7922,10257,8363,7910,9235,10260,10881,113,112,7920,7917,10879,8361,10255,10258,9233,10891,2989,10888,7908,42,38,40,39,41,7909,7921,7918,10880,8362,10256,10259,9234,10892,2990,10889],"class_list":{"0":"post-197424","1":"post","2":"type-post","3":"status-publish","4":"format-standard","5":"has-post-thumbnail","7":"category-biznes","8":"tag-typedefinedterm","9":"tag-0-html","10":"tag-11648-html","11":"tag-11771-html","12":"tag-12312-html","13":"tag-20471-html","14":"tag-20604-html","15":"tag-261-html","16":"tag-309-html","17":"tag-7910","18":"tag-431-html","19":"tag-7568-html","20":"tag-7569-html","21":"tag-biznes","22":"tag-business","23":"tag-nameceny-energii","24":"tag-nameceny-pru0105du","25":"tag-nameciepu0142o","26":"tag-nameciepu0142ownictwo","27":"tag-nameenergia","28":"tag-namegaz","29":"tag-namegus","30":"tag-nameogrzewanie","31":"tag-namepompy-ciepu0142a","32":"tag-namepru0105d","33":"tag-nameserwis-energia-gaz-ciepu0142o","34":"tag-pl","35":"tag-poland","36":"tag-polish","37":"tag-polska","38":"tag-polski","39":"tag-urlhttps-www-portalsamorzadowy-pl-gospodarka-komunalna-podserwis-serwis-energia-gaz-cieplo","40":"tag-urlhttps-www-portalsamorzadowy-pl-klucze-ceny-energii","41":"tag-urlhttps-www-portalsamorzadowy-pl-klucze-ceny-pradu","42":"tag-urlhttps-www-portalsamorzadowy-pl-klucze-cieplo","43":"tag-urlhttps-www-portalsamorzadowy-pl-klucze-cieplownictwo","44":"tag-urlhttps-www-portalsamorzadowy-pl-klucze-energia","45":"tag-urlhttps-www-portalsamorzadowy-pl-klucze-gaz","46":"tag-urlhttps-www-portalsamorzadowy-pl-klucze-gus","47":"tag-urlhttps-www-portalsamorzadowy-pl-klucze-ogrzewanie","48":"tag-urlhttps-www-portalsamorzadowy-pl-klucze-pompy-ciepla","49":"tag-urlhttps-www-portalsamorzadowy-pl-klucze-prad"},"share_on_mastodon":{"url":"","error":"Validation failed: Text character limit of 500 exceeded"},"_links":{"self":[{"href":"https:\/\/www.europesays.com\/pl\/wp-json\/wp\/v2\/posts\/197424","targetHints":{"allow":["GET"]}}],"collection":[{"href":"https:\/\/www.europesays.com\/pl\/wp-json\/wp\/v2\/posts"}],"about":[{"href":"https:\/\/www.europesays.com\/pl\/wp-json\/wp\/v2\/types\/post"}],"author":[{"embeddable":true,"href":"https:\/\/www.europesays.com\/pl\/wp-json\/wp\/v2\/users\/2"}],"replies":[{"embeddable":true,"href":"https:\/\/www.europesays.com\/pl\/wp-json\/wp\/v2\/comments?post=197424"}],"version-history":[{"count":0,"href":"https:\/\/www.europesays.com\/pl\/wp-json\/wp\/v2\/posts\/197424\/revisions"}],"wp:featuredmedia":[{"embeddable":true,"href":"https:\/\/www.europesays.com\/pl\/wp-json\/wp\/v2\/media\/197425"}],"wp:attachment":[{"href":"https:\/\/www.europesays.com\/pl\/wp-json\/wp\/v2\/media?parent=197424"}],"wp:term":[{"taxonomy":"category","embeddable":true,"href":"https:\/\/www.europesays.com\/pl\/wp-json\/wp\/v2\/categories?post=197424"},{"taxonomy":"post_tag","embeddable":true,"href":"https:\/\/www.europesays.com\/pl\/wp-json\/wp\/v2\/tags?post=197424"}],"curies":[{"name":"wp","href":"https:\/\/api.w.org\/{rel}","templated":true}]}}