{"id":197428,"date":"2026-01-10T09:59:14","date_gmt":"2026-01-10T09:59:14","guid":{"rendered":"https:\/\/www.europesays.com\/pl\/197428\/"},"modified":"2026-01-10T09:59:14","modified_gmt":"2026-01-10T09:59:14","slug":"rewolucja-na-najwiekszym-polskim-lotnisku-regionalnym-coraz-blizej-z-inna-sprawa-jest-gorzej","status":"publish","type":"post","link":"https:\/\/www.europesays.com\/pl\/197428\/","title":{"rendered":"Rewolucja na najwi\u0119kszym polskim lotnisku regionalnym coraz bli\u017cej. Z inn\u0105 spraw\u0105 jest gorzej"},"content":{"rendered":"<p>\t<a href=\"https:\/\/www.trends.eecpoland.eu\/pl\/\" target=\"_blank\" class=\"eec-promo-banner\" slot=\"banner-0\" rel=\"nofollow noopener\"><\/p>\n<p>\t                Wielow\u0105tkowa, intensywna debata o polskiej gospodarce w gronie przedstawicieli \u015bwiata biznesu, polityki oraz nauki i \u015brodowiska eksperckiego odb\u0119dzie si\u0119 9 lutego 2026 r. w Warszawie. Zapraszamy na EEC Trends. Rejestracja dost\u0119pna na stronie wydarzenia.<\/p>\n<p>\t<\/a><\/p>\n<ul>&#13;<\/p>\n<li>Regionalna Dyrekcja Ochrony \u015arodowiska w Krakowie do ko\u0144ca stycznia podejmie decyzj\u0119 \u015brodowiskow\u0105 w sprawie budowy nowej drogi startowej na Lotnisku Krak\u00f3w Balice.<\/li>\n<p>&#13;<\/p>\n<li>Wariant B, przygotowywany przez w\u0142adze portu, zak\u0142ada przygotowanie gotowej dokumentacji na prze\u0142omie I i II kwarta\u0142u br. dotycz\u0105cej ewentualnego remontu obecnego pasa.<\/li>\n<p>&#13;<\/p>\n<li>Rewolucj\u0105 na najwi\u0119kszym polskim lotnisku regionalnym ma by\u0107 r\u00f3wnie\u017c zamontowanie nowego systemu ILS II, kt\u00f3ry pozwoli na l\u0105dowanie samolot\u00f3w w czasie trudnych warunk\u00f3w meteorologicznych, jak mg\u0142y.\u00a0<\/li>\n<p>&#13;\n<\/ul>\n<p>W grudniu ubr. po wielu miesi\u0105cach oczekiwania Regionalna Dyrekcja Ochrony \u015arodowiska w Kielcach nie wyda\u0142a decyzji \u015brodowiskowej dotycz\u0105cej budowy nowej drogi startowej na Lotnisku Krak\u00f3w Balice.<\/p>\n<p>Kompetencje administracyjne w tej konkretnej sprawie zosta\u0142y przeniesione do Krakowa. Sprawa trwa od 2018 roku i nadal nie doczeka\u0142a si\u0119 rozstrzygni\u0119cia.<\/p>\n<blockquote><p>&#13;<\/p>\n<p>Nie jeste\u015bmy szcz\u0119\u015bliwi z powodu przeniesienia sprawy dotycz\u0105cej wydania przez Regionaln\u0105 Dyrekcj\u0119 Ochrony \u015arodowiska w Kielcach do Krakowa decyzji \u015brodowiskowej dotycz\u0105cej budowy nowego pasa startowego. Ten proces by\u0142 ju\u017c bardzo zaawansowany, zreszt\u0105 nawet nowy termin wyznaczony, czyli koniec stycznia, pokazuje, \u017ce to jest ju\u017c finisz tego wieloletniego procesu. Idzie to szybciej, ale te\u017c przyjmujemy to jako element od nas niezale\u017cny &#8211; powiedzia\u0142 WNP prezes Krak\u00f3w Airport Rafa\u0142 Struty\u0144ski.<\/p>\n<p>&#13;\n<\/p><\/blockquote>\n<p>&#8211; St\u0105d to przekonanie, \u017ce realizacja planu B, kt\u00f3ry jest od roku przygotowywany, ma sens. Mowa jest o remoncie obecnego pasa startowego. Nie jeste\u015bmy jeszcze z nim gotowi, w okresie kilku najbli\u017cszych tygodni, mo\u017ce dw\u00f3ch, trzech miesi\u0119cy zako\u0144czymy go. Ta obrana przez nas strategia by\u0142a s\u0142uszna, bo pokazuje, \u017ce lotnisko b\u0119dzie gotowe na wszystkie opcje &#8211; doda\u0142.<\/p>\n<p>Stan techniczny drogi startowej na Lotnisku Krak\u00f3w Balice by\u0142 wielokrotnie dok\u0142adnie sprawdzany przez ekspert\u00f3w zewn\u0119trznych, w tym tak\u017ce wojskowych.\u00a0<\/p>\n<p><a href=\"https:\/\/www.wnp.pl\/logistyka\/najwieksze-regionalne-lotnisko-musi-nadal-czekac-na-niezbedna-inwestycje,1016566.html\" target=\"_blank\" rel=\"nofollow noopener\">Na ten moment nie ma sygna\u0142\u00f3w,<\/a>\u00a0kt\u00f3re nakazywa\u0142yby podejmowanie dzia\u0142a\u0144 technicznych w perspektywie najbli\u017cszego roku. Je\u015bli jednak zostan\u0105 dostrze\u017cone jakiekolwiek problemy, w\u0142adze lotniska musz\u0105 by\u0107 przygotowane na podj\u0119cie trudnych decyzji.<\/p>\n<p>To mo\u017ce tylko oznacza\u0107 zamkni\u0119cie ruchu lotniczego na kilka miesi\u0119cy i rozpocz\u0119cie remontu w celu spe\u0142nienia wymaganych norm bezpiecze\u0144stwa.<\/p>\n<p>Rewolucja na najwi\u0119kszym polskim lotnisku regionalnym coraz bli\u017cej<\/p>\n<p>Obok problem\u00f3w zwi\u0105zanych z budow\u0105 nowej lub remontem obecnej drogi startowej najwa\u017cniejsz\u0105 inwestycj\u0105 b\u0119dzie monta\u017c nowego systemu ILS II, kt\u00f3ry sprawi, \u017ce samoloty b\u0119d\u0105 mog\u0142y l\u0105dowa\u0107 w trakcie utrzymuj\u0105cych si\u0119 mgie\u0142.\u00a0Obecnie na krakowskim lotnisku dzia\u0142a przestarza\u0142y system ILS I kategorii.\u00a0<\/p>\n<p>&#8211; Ta II kategoria b\u0119dzie dla nas rewolucyjna. Szacujemy, \u017ce kategoria ta pozwoli\u0142aby obs\u0142u\u017cy\u0107 oko\u0142o 70 proc. operacji lotniczych, kt\u00f3re w okresie listopad &#8211; grudzie\u0144 zesz\u0142ego roku by\u0142y przekierowywane lub skasowane z powodu z\u0142ych warunk\u00f3w atmosferycznych zwi\u0105zanych z ograniczon\u0105 widzialno\u015bci\u0105 &#8211; oceni\u0142 prezes lotniska na pi\u0105tkowej konferencji prasowej.<\/p>\n<p>Dzi\u0119ki zmianie przepis\u00f3w przyj\u0119tych Organizacj\u0119 Mi\u0119dzynarodowego Lotnictwa Cywilnego (ICAO) mo\u017cliwe sta\u0142o si\u0119 rozpocz\u0119cie procedury dostosowania o\u015bwietlenia nawigacyjnego do wy\u017cszej kategorii bez konieczno\u015bci dog\u0119szczania \u015bwiate\u0142 osiowych na pasie.<\/p>\n<p>Od listopada w przyspieszonych tempie, za zgod\u0105 Urz\u0119du Lotnictwa Cywilnego, wdro\u017cono procedury uzyskiwania zezwole\u0144 na monta\u017c nowego systemu.<\/p>\n<p>Badanie dokument\u00f3w, weryfikacja ca\u0142ej inwestycji ju\u017c trwa, co oznacza, \u017ce do ko\u0144ca kwietnia wszystko powinno by\u0107 za\u0142atwione. Pa\u0144stwowa Agencja \u017beglugi Powietrznej zamierza rozpocz\u0105\u0107 prace ju\u017c na pocz\u0105tku maja.<\/p>\n<p>PA\u017bP przeznaczy miliony z\u0142otych na nowy system\u00a0\u00a0<\/p>\n<p>&#8211; ILS II kategorii, kt\u00f3ry b\u0119dzie instalowany na Lotnisku Krak\u00f3w-Balice, kosztowa\u0107 mo\u017ce ok. 12 mln z\u0142. PA\u017bP sfinansuje t\u0119 inwestycj\u0119. Proces zwi\u0105zany z tym projektem ju\u017c si\u0119 zacz\u0105\u0142, mowa jest o przygotowaniu dokumentacji, uzyskaniu niezb\u0119dnych zg\u00f3d. Samo wy\u0142\u0105czenie starego systemu ILS I nast\u0105pi 4 maja, nast\u0119pnie rozpocznie si\u0119 instalacja nowego. (&#8230;) P\u00f3\u017aniej zostan\u0105 informacje opublikowane w dokumentacji, tak aby wszyscy przewo\u017anicy mogli z tego korzysta\u0107. To s\u0105 \u015bcis\u0142e wymagania &#8211;\u00a0skomentowa\u0142 dla WNP zast\u0119pca prezesa PA\u017bP Rafa\u0142 Marczewski.<\/p>\n<p>&#8211; Lotnisko przez pewien czas b\u0119dzie funkcjonowa\u0142o bez ILS-a. Analizowali\u015bmy wsp\u00f3lnie z w\u0142adzami lotniska warunki i wynika z nich, \u017ce maj, czerwiec, lipiec, sierpie\u0144 i wrzesie\u0144 to okres, gdy pogoda jest dobra. Planowe w\u0142\u0105czenie systemu do eksploatacji przewidziano na 1 pa\u017adziernika tego roku &#8211; doda\u0142 Marczewski.<\/p>\n<p>Z zapowiedzi prezesa Rafa\u0142a Struty\u0144skiego wynika, \u017ce w 2026 r. realne jest zwi\u0119kszenie w Balicach ilo\u015bci odprawianych pasa\u017cer\u00f3w do 15 mln. Dla por\u00f3wnania w 2025 r. by\u0142o to 13,2 mln.<\/p>\n<p>    \u00a9<\/p>\n<p>        Materia\u0142 chroniony prawem autorskim &#8211; zasady przedruk\u00f3w okre\u015bla<br \/>\n        <a href=\"https:\/\/www.wnp.pl\/korzystanie-z-serwisu\/\" rel=\"nofollow noopener\" target=\"_blank\">regulamin<\/a><\/p>\n","protected":false},"excerpt":{"rendered":"Wielow\u0105tkowa, intensywna debata o polskiej gospodarce w gronie przedstawicieli \u015bwiata biznesu, polityki oraz nauki i \u015brodowiska eksperckiego odb\u0119dzie&hellip;\n","protected":false},"author":2,"featured_media":197429,"comment_status":"","ping_status":"","sticky":false,"template":"","format":"standard","meta":{"footnotes":""},"categories":[12],"tags":[32,33,36,37,27,34,35,28,31,25,42,38,40,39,41,29,30,26],"class_list":{"0":"post-197428","1":"post","2":"type-post","3":"status-publish","4":"format-standard","5":"has-post-thumbnail","7":"category-polska","8":"tag-breaking-news","9":"tag-breakingnews","10":"tag-featured-news","11":"tag-featurednews","12":"tag-headlines","13":"tag-latest-news","14":"tag-latestnews","15":"tag-naglowki","16":"tag-najwazniejsze-artykuly","17":"tag-news","18":"tag-pl","19":"tag-poland","20":"tag-polish","21":"tag-polska","22":"tag-polski","23":"tag-top-stories","24":"tag-topstories","25":"tag-wiadomosci"},"share_on_mastodon":{"url":"https:\/\/pubeurope.com\/@pl\/115870221623065721","error":""},"_links":{"self":[{"href":"https:\/\/www.europesays.com\/pl\/wp-json\/wp\/v2\/posts\/197428","targetHints":{"allow":["GET"]}}],"collection":[{"href":"https:\/\/www.europesays.com\/pl\/wp-json\/wp\/v2\/posts"}],"about":[{"href":"https:\/\/www.europesays.com\/pl\/wp-json\/wp\/v2\/types\/post"}],"author":[{"embeddable":true,"href":"https:\/\/www.europesays.com\/pl\/wp-json\/wp\/v2\/users\/2"}],"replies":[{"embeddable":true,"href":"https:\/\/www.europesays.com\/pl\/wp-json\/wp\/v2\/comments?post=197428"}],"version-history":[{"count":0,"href":"https:\/\/www.europesays.com\/pl\/wp-json\/wp\/v2\/posts\/197428\/revisions"}],"wp:featuredmedia":[{"embeddable":true,"href":"https:\/\/www.europesays.com\/pl\/wp-json\/wp\/v2\/media\/197429"}],"wp:attachment":[{"href":"https:\/\/www.europesays.com\/pl\/wp-json\/wp\/v2\/media?parent=197428"}],"wp:term":[{"taxonomy":"category","embeddable":true,"href":"https:\/\/www.europesays.com\/pl\/wp-json\/wp\/v2\/categories?post=197428"},{"taxonomy":"post_tag","embeddable":true,"href":"https:\/\/www.europesays.com\/pl\/wp-json\/wp\/v2\/tags?post=197428"}],"curies":[{"name":"wp","href":"https:\/\/api.w.org\/{rel}","templated":true}]}}