{"id":197470,"date":"2026-01-10T10:20:14","date_gmt":"2026-01-10T10:20:14","guid":{"rendered":"https:\/\/www.europesays.com\/pl\/197470\/"},"modified":"2026-01-10T10:20:14","modified_gmt":"2026-01-10T10:20:14","slug":"ambulanse-usg-a-nawet-powerbanki-duze-zakupy-powiatu-cieszynskiego","status":"publish","type":"post","link":"https:\/\/www.europesays.com\/pl\/197470\/","title":{"rendered":"Ambulanse, USG, a nawet&#8230; powerbanki. Du\u017ce zakupy Powiatu Cieszy\u0144skiego"},"content":{"rendered":"<p>\n        Ambulanse, sprz\u0119t medyczny, ratunkowy i przeciwpowodziowy, a tak\u017ce zaplecze techniczne na wypadek sytuacji kryzysowych \u2013 Powiat Cieszy\u0144ski zrealizowa\u0142 zakupy w ramach Programu Ochrony Ludno\u015bci i Obrony Cywilnej, przeznaczaj\u0105c na ten cel blisko 5,8 mln z\u0142.\n    <\/p>\n<p data-start=\"359\" data-end=\"651\">Powiat Cieszy\u0144ski znacz\u0105co wzmocni\u0142 swoje zasoby przeznaczone do dzia\u0142a\u0144 w sytuacjach nadzwyczajnych. Dzi\u0119ki \u015brodkom pozyskanym w ramach programu OLiOC samorz\u0105d zakupi\u0142 nowoczesny i specjalistyczny sprz\u0119t, kt\u00f3ry b\u0119dzie wykorzystywany do ochrony ludno\u015bci oraz realizacji zada\u0144 obrony cywilnej.<\/p>\n<p>Sprz\u0119t dla ratownik\u00f3w i s\u0142u\u017cb medycznych<\/p>\n<p data-start=\"700\" data-end=\"1081\">W\u015br\u00f3d najwa\u017cniejszych zakup\u00f3w znalaz\u0142y si\u0119 dwa ambulanse przeznaczone dla Cieszy\u0144skiego Pogotowia Ratunkowego. Do Zespo\u0142u Zak\u0142ad\u00f3w Opieki Zdrowotnej trafi\u0142 nowy sprz\u0119t medyczny, w tym aparat USG, EKG oraz defibrylatory. Zasoby powiatu uzupe\u0142niono r\u00f3wnie\u017c o specjalistyczny sprz\u0119t ratunkowy i przeciwpowodziowy, zestawy do ewakuacji, stacj\u0119 uzdatniania wody oraz namioty ratownicze.<\/p>\n<p data-start=\"1083\" data-end=\"1308\">Zakupy obj\u0119\u0142y tak\u017ce wyposa\u017cenie techniczne niezb\u0119dne w czasie kryzys\u00f3w: agregaty pr\u0105dotw\u00f3rcze, nagrzewnice, naja\u015bnice, osuszacze, powerbanki, a tak\u017ce koparko-\u0142adowark\u0119 i drobny sprz\u0119t wykorzystywany podczas akcji ratunkowych.<\/p>\n<p>Sprz\u0119t b\u0119dzie s\u0142u\u017cy\u0142<\/p>\n<p data-start=\"1342\" data-end=\"1683\">\u2013 Jestem bardzo dumna z zespo\u0142u pracownik\u00f3w, gdy\u017c Powiat Cieszy\u0144ski wykona\u0142 zadanie Wojewody \u015al\u0105skiego i w ca\u0142o\u015bci zrealizowa\u0142 plany zakupowe przyznane nam w ramach programu. Si\u0119gn\u0119li\u015bmy wi\u0119c po ca\u0142\u0105 pomocn\u0105 d\u0142o\u0144 Wojewody w ramach programu OLiOC. Zakupiony sprz\u0119t b\u0119dzie kompleksowo wykorzystywany\u00a0\u2013 m\u00f3wi Janina \u017bagan, Starosta Cieszy\u0144ska.<\/p>\n<p data-start=\"1685\" data-end=\"1877\">Jak podkre\u015blaj\u0105 przedstawiciele powiatu, zakupy by\u0142y realizowane jeszcze w ostatnich dniach 2025 roku, aby w pe\u0142ni wykorzysta\u0107 dost\u0119pne \u015brodki i jak najszybciej wzmocni\u0107 system bezpiecze\u0144stwa.<\/p>\n<p data-start=\"1879\" data-end=\"2186\">\u2013 Zakupiony sprz\u0119t b\u0119dzie s\u0142u\u017cy\u0142 mieszka\u0144com powiatu cieszy\u0144skiego i go\u015bciom w sytuacjach tego wymagaj\u0105cych. Wzbogaci baz\u0119 Cieszy\u0144skiego Pogotowia Ratunkowego, Zespo\u0142u Zak\u0142adu Opieki Zdrowotnej i jednostek Powiatu Cieszy\u0144skiego\u00a0\u2013 dodaje Zenon Wo\u017aniak, kierownik Biura Bezpiecze\u0144stwa Starostwa Powiatowego.<\/p>\n<p>Magazyn i szkolenia na przysz\u0142o\u015b\u0107<\/p>\n<p data-start=\"2228\" data-end=\"2536\">R\u00f3wnolegle Powiat Cieszy\u0144ski przygotowuje si\u0119 do modernizacji dawnej sali gimnastycznej przy ul. Daszy\u0144skiego w Ustroniu. Obiekt ma zosta\u0107 przystosowany do roli magazynu w ramach systemu Ochrony Ludno\u015bci i Obrony Cywilnej, co pozwoli na sprawne przechowywanie i szybkie wykorzystanie zakupionego wyposa\u017cenia.<\/p>\n<p data-start=\"2538\" data-end=\"2844\">Istotnym elementem przygotowa\u0144 s\u0105 tak\u017ce szkolenia. Ponad 200 pracownik\u00f3w Starostwa Powiatowego oraz jednostek organizacyjnych przesz\u0142o szkolenia z zakresu ochrony ludno\u015bci i obrony cywilnej. Dzi\u0119ki temu, w przypadku wyst\u0105pienia sytuacji kryzysowych, dzia\u0142ania maj\u0105 by\u0107 prowadzone sprawnie i profesjonalnie.<\/p>\n<p data-start=\"2538\" data-end=\"2844\">\u00a0<\/p>\n<p data-start=\"2538\" data-end=\"2844\">NG\/mat.pras.<\/p>\n","protected":false},"excerpt":{"rendered":"Ambulanse, sprz\u0119t medyczny, ratunkowy i przeciwpowodziowy, a tak\u017ce zaplecze techniczne na wypadek sytuacji kryzysowych \u2013 Powiat Cieszy\u0144ski zrealizowa\u0142&hellip;\n","protected":false},"author":2,"featured_media":197471,"comment_status":"","ping_status":"","sticky":false,"template":"","format":"standard","meta":{"footnotes":""},"categories":[12],"tags":[32,33,36,37,27,34,35,28,31,25,42,38,40,39,41,29,30,26],"class_list":{"0":"post-197470","1":"post","2":"type-post","3":"status-publish","4":"format-standard","5":"has-post-thumbnail","7":"category-polska","8":"tag-breaking-news","9":"tag-breakingnews","10":"tag-featured-news","11":"tag-featurednews","12":"tag-headlines","13":"tag-latest-news","14":"tag-latestnews","15":"tag-naglowki","16":"tag-najwazniejsze-artykuly","17":"tag-news","18":"tag-pl","19":"tag-poland","20":"tag-polish","21":"tag-polska","22":"tag-polski","23":"tag-top-stories","24":"tag-topstories","25":"tag-wiadomosci"},"share_on_mastodon":{"url":"https:\/\/pubeurope.com\/@pl\/115870303920059381","error":""},"_links":{"self":[{"href":"https:\/\/www.europesays.com\/pl\/wp-json\/wp\/v2\/posts\/197470","targetHints":{"allow":["GET"]}}],"collection":[{"href":"https:\/\/www.europesays.com\/pl\/wp-json\/wp\/v2\/posts"}],"about":[{"href":"https:\/\/www.europesays.com\/pl\/wp-json\/wp\/v2\/types\/post"}],"author":[{"embeddable":true,"href":"https:\/\/www.europesays.com\/pl\/wp-json\/wp\/v2\/users\/2"}],"replies":[{"embeddable":true,"href":"https:\/\/www.europesays.com\/pl\/wp-json\/wp\/v2\/comments?post=197470"}],"version-history":[{"count":0,"href":"https:\/\/www.europesays.com\/pl\/wp-json\/wp\/v2\/posts\/197470\/revisions"}],"wp:featuredmedia":[{"embeddable":true,"href":"https:\/\/www.europesays.com\/pl\/wp-json\/wp\/v2\/media\/197471"}],"wp:attachment":[{"href":"https:\/\/www.europesays.com\/pl\/wp-json\/wp\/v2\/media?parent=197470"}],"wp:term":[{"taxonomy":"category","embeddable":true,"href":"https:\/\/www.europesays.com\/pl\/wp-json\/wp\/v2\/categories?post=197470"},{"taxonomy":"post_tag","embeddable":true,"href":"https:\/\/www.europesays.com\/pl\/wp-json\/wp\/v2\/tags?post=197470"}],"curies":[{"name":"wp","href":"https:\/\/api.w.org\/{rel}","templated":true}]}}