{"id":197504,"date":"2026-01-10T10:38:10","date_gmt":"2026-01-10T10:38:10","guid":{"rendered":"https:\/\/www.europesays.com\/pl\/197504\/"},"modified":"2026-01-10T10:38:10","modified_gmt":"2026-01-10T10:38:10","slug":"takiej-promocji-dawno-nie-bylo-1299-zl-i-masz-swietny-laptop-na-lata","status":"publish","type":"post","link":"https:\/\/www.europesays.com\/pl\/197504\/","title":{"rendered":"Takiej promocji dawno nie by\u0142o: 1299 z\u0142 i masz \u015bwietny laptop na lata"},"content":{"rendered":"<p>Mowa tu o ChromeOS, czyli systemie od Google. Jest to lekka dystrybucja Linuksa, kt\u00f3ra pozwala na wygodn\u0105 prac\u0119 w \u015brodowiskach webowych. Jednak dzi\u0119ki wsparciu dla aplikacji Androida i kontenerowi Linuksa mo\u017cemy uruchamia\u0107 tak\u017ce mas\u0119 program\u00f3w natywnych. Czasy, kiedy ChromeOS oznacza\u0142, \u017ce mamy do dyspozycji jedynie Chrome ju\u017c dawno min\u0119\u0142y.<\/p>\n<p>    Dalsza cz\u0119\u015b\u0107 tekstu pod wideo<\/p>\n<p>\n                                Acer Chromebook 315\n            <\/p>\n<p>To niezwykle ciekawy laptop dla os\u00f3b, kt\u00f3re nie potrzebuj\u0105 mo\u017cliwo\u015bci, jakie daje im Windows, a wol\u0105 si\u0119 skupi\u0107 na \u015bwietnym dzia\u0142aniu, mocnej baterii i niskiej cenie. Za 1299 z\u0142 nie ma szans na zakup tak udanego laptopa z systemem od Microsoftu.\u00a0<\/p>\n<p>        <img loading=\"lazy\" decoding=\"async\" src=\"https:\/\/www.europesays.com\/pl\/wp-content\/uploads\/2026\/01\/1767809589_489_B32963402.414688363;dc_trk_aid=607216972;dc_trk_cid=228291445;ord=[timestamp];dc_lat=;dc_rdid=;tag_f.gif\" attributionsrc=\"\" border=\"0\" height=\"1\" width=\"1\" alt=\"Advertisement\"\/><\/p>\n<p>Zacznijmy jednak od ekranu. Jest to 15,6-calowa, matowa matryca o rozdzielczo\u015bci Full HD. Sercem urz\u0105dzenia jest czterordzeniowy i czterow\u0105tkowy uk\u0142ad Intel N150, kt\u00f3rego wspiera 8 GB RAM DDR5 o taktowaniu 5200 MHz. Na dane przeznaczono natomiast 128 GB eMMC.<\/p>\n<p>Dodatkowo dostajemy tu Wi-Fi 6e i mocn\u0105 bateri\u0119 53 Wh, kt\u00f3ry na\u0142adujemy przez USB-C. Sam laptop, jak na 15,6-calow\u0105 konstrukcj\u0119 jest tak\u017ce bardzo lekki. Mowa tu o 1,59 kg wagi. A wszystko to za <a href=\"https:\/\/www.x-kom.pl\/p\/1359438-laptop-15-16-acer-chromebook-315-n150-8gb-128-chromeos.html?sm=telepolis\" rel=\"nofollow noopener\" target=\"_blank\">jedyne 1299 z\u0142<\/a>.<\/p>\n<p>Nie jest to tekst sponsorowany, ani taki, kt\u00f3ry powsta\u0142 ze wsp\u00f3\u0142pracy ze sklepem. Warto wi\u0119c pami\u0119ta\u0107, \u017ce promocje s\u0105 ograniczone czasowo, a liczba sztuk produkt\u00f3w nimi obj\u0119tych jest ograniczona.<\/p>\n","protected":false},"excerpt":{"rendered":"Mowa tu o ChromeOS, czyli systemie od Google. Jest to lekka dystrybucja Linuksa, kt\u00f3ra pozwala na wygodn\u0105 prac\u0119&hellip;\n","protected":false},"author":2,"featured_media":197505,"comment_status":"","ping_status":"","sticky":false,"template":"","format":"standard","meta":{"footnotes":""},"categories":[20],"tags":[2769,38155,38156,1165,1972,120,118,119,42,38,40,39,41,116,114,115,629,121,117],"class_list":{"0":"post-197504","1":"post","2":"type-post","3":"status-publish","4":"format-standard","5":"has-post-thumbnail","7":"category-nauka-i-technika","8":"tag-acer","9":"tag-acer-chromebook-315","10":"tag-chromebooki","11":"tag-chromeos","12":"tag-laptopy","13":"tag-nauka","14":"tag-nauka-i-technika","15":"tag-naukatechnika","16":"tag-pl","17":"tag-poland","18":"tag-polish","19":"tag-polska","20":"tag-polski","21":"tag-science","22":"tag-science-and-technology","23":"tag-sciencetechnology","24":"tag-sprzet","25":"tag-technika","26":"tag-technology"},"share_on_mastodon":{"url":"","error":""},"_links":{"self":[{"href":"https:\/\/www.europesays.com\/pl\/wp-json\/wp\/v2\/posts\/197504","targetHints":{"allow":["GET"]}}],"collection":[{"href":"https:\/\/www.europesays.com\/pl\/wp-json\/wp\/v2\/posts"}],"about":[{"href":"https:\/\/www.europesays.com\/pl\/wp-json\/wp\/v2\/types\/post"}],"author":[{"embeddable":true,"href":"https:\/\/www.europesays.com\/pl\/wp-json\/wp\/v2\/users\/2"}],"replies":[{"embeddable":true,"href":"https:\/\/www.europesays.com\/pl\/wp-json\/wp\/v2\/comments?post=197504"}],"version-history":[{"count":0,"href":"https:\/\/www.europesays.com\/pl\/wp-json\/wp\/v2\/posts\/197504\/revisions"}],"wp:featuredmedia":[{"embeddable":true,"href":"https:\/\/www.europesays.com\/pl\/wp-json\/wp\/v2\/media\/197505"}],"wp:attachment":[{"href":"https:\/\/www.europesays.com\/pl\/wp-json\/wp\/v2\/media?parent=197504"}],"wp:term":[{"taxonomy":"category","embeddable":true,"href":"https:\/\/www.europesays.com\/pl\/wp-json\/wp\/v2\/categories?post=197504"},{"taxonomy":"post_tag","embeddable":true,"href":"https:\/\/www.europesays.com\/pl\/wp-json\/wp\/v2\/tags?post=197504"}],"curies":[{"name":"wp","href":"https:\/\/api.w.org\/{rel}","templated":true}]}}