{"id":197506,"date":"2026-01-10T10:39:13","date_gmt":"2026-01-10T10:39:13","guid":{"rendered":"https:\/\/www.europesays.com\/pl\/197506\/"},"modified":"2026-01-10T10:39:13","modified_gmt":"2026-01-10T10:39:13","slug":"dom-development-bije-kolejne-rekordy-puls-biznesu","status":"publish","type":"post","link":"https:\/\/www.europesays.com\/pl\/197506\/","title":{"rendered":"Dom Development bije kolejne rekordy &#8211; Puls Biznesu"},"content":{"rendered":"<p data-block-key=\"zivjj\">W 2025 r. w siedmiu najwi\u0119kszych miastach deweloperzy sprzedali 49,5 tys. mieszka\u0144, o 8 proc. wi\u0119cej ni\u017c rok wcze\u015bniej \u2014 poinformowa\u0142 portal RynekPierwotny.pl. Co dziesi\u0105te zakontraktowane mieszkanie nale\u017ca\u0142o do sp\u00f3\u0142ki Dom Development, kt\u00f3ra sprzeda\u0142a ich 4448, ustanawiaj\u0105c nowy rekord.<\/p>\n<p data-block-key=\"5nihk\">\u2014 Ostatni kwarta\u0142 minionego roku up\u0142yn\u0105\u0142 pod znakiem dalszego spadku st\u00f3p procentowych \u2014 w skali ca\u0142ego roku RPP sze\u015bciokrotnie obni\u017ca\u0142a ich poziom, \u0142\u0105cznie o 1,75 pkt proc. W po\u0142\u0105czeniu z rosn\u0105cymi wynagrodzeniami wyra\u017anie poprawi\u0142o to zdolno\u015b\u0107 kredytow\u0105 klient\u00f3w i prze\u0142o\u017cy\u0142o si\u0119 na du\u017cy ruch w biurach sprzeda\u017cy. By\u0142 to r\u00f3wnie\u017c pierwszy pe\u0142ny kwarta\u0142 funkcjonowania rynku w warunkach tzw. ustawy o jawno\u015bci cen mieszka\u0144. Nowe regulacje wymusi\u0142y zmiany w podej\u015bciu do sprzeda\u017cy i komunikacji marketingowej. Wi\u0119ksi deweloperzy \u2014 dysponuj\u0105cy odpowiednim zapleczem i kompetencjami do prowadzenia w\u0142asnych kampanii marketingowych \u2014 sprawnie odnale\u017ali si\u0119 w nowych realiach. Dla mniejszych graczy \u2014 zw\u0142aszcza opieraj\u0105cych si\u0119 g\u0142\u00f3wnie na leadach sprzeda\u017cowych z portali og\u0142oszeniowych \u2014 adaptacja okaza\u0142a si\u0119 znacznie wi\u0119kszym wyzwaniem. Rosn\u0105ce trudno\u015bci takich podmiot\u00f3w b\u0119d\u0105 sprzyja\u0107 procesom konsolidacyjnym w naszej bran\u017cy \u2014 prognozuje Miko\u0142aj Konopka, prezes Domu Development.<\/p>\n<p data-block-key=\"ejlv9\">Rekordowy dla sp\u00f3\u0142ki by\u0142 tak\u017ce ostatni kwarta\u0142 2025 r., w kt\u00f3rym zakontraktowa\u0142a 1232 lokale.<\/p>\n<p data-block-key=\"4m7n9\">\u2014 Transakcje got\u00f3wkowe stanowi\u0142y 42 proc. naszej ca\u0142kowitej sprzeda\u017cy \u2014 dodaje Miko\u0142aj Konopka.<\/p>\n<p data-block-key=\"5nstf\">Eksperci zwracaj\u0105 uwag\u0119, \u017ce mimo delikatnego o\u017cywienia w sprzeda\u017cy deweloperzy wci\u0105\u017c trzymaj\u0105 hamulec na budowach.<\/p>\n<p data-block-key=\"9v35d\">\u2014 W III kw. na rynki siedmiu najwi\u0119kszych miast trafi\u0142o zaledwie 10,1 tys. mieszka\u0144. Dopiero seria obni\u017cek st\u00f3p procentowych przywr\u00f3ci\u0142a firmom wiar\u0119 w powr\u00f3t kupuj\u0105cych. Nasze dane pokazuj\u0105, \u017ce w IV kw. wprowadzi\u0142y one do sprzeda\u017cy 12,8 tys. mieszka\u0144, czyli o 26 proc. wi\u0119cej ni\u017c trzy miesi\u0105ce wcze\u015bniej. Jednak w ca\u0142ym 2025 r. na rynkach siedmiu najwi\u0119kszych miast pojawi\u0142o si\u0119 52,3 tys. mieszka\u0144, czyli a\u017c o jedn\u0105 pi\u0105t\u0105 mniej ni\u017c w 2024 r. \u2014 m\u00f3wi Marek Wielgo, ekspert portalu RynekPierwotny.pl.<\/p>\n","protected":false},"excerpt":{"rendered":"W 2025 r. w siedmiu najwi\u0119kszych miastach deweloperzy sprzedali 49,5 tys. mieszka\u0144, o 8 proc. wi\u0119cej ni\u017c rok&hellip;\n","protected":false},"author":2,"featured_media":197507,"comment_status":"","ping_status":"","sticky":false,"template":"","format":"standard","meta":{"footnotes":""},"categories":[16],"tags":[113,112,42,38,40,39,41],"class_list":{"0":"post-197506","1":"post","2":"type-post","3":"status-publish","4":"format-standard","5":"has-post-thumbnail","7":"category-biznes","8":"tag-biznes","9":"tag-business","10":"tag-pl","11":"tag-poland","12":"tag-polish","13":"tag-polska","14":"tag-polski"},"share_on_mastodon":{"url":"https:\/\/pubeurope.com\/@pl\/115870378461276495","error":""},"_links":{"self":[{"href":"https:\/\/www.europesays.com\/pl\/wp-json\/wp\/v2\/posts\/197506","targetHints":{"allow":["GET"]}}],"collection":[{"href":"https:\/\/www.europesays.com\/pl\/wp-json\/wp\/v2\/posts"}],"about":[{"href":"https:\/\/www.europesays.com\/pl\/wp-json\/wp\/v2\/types\/post"}],"author":[{"embeddable":true,"href":"https:\/\/www.europesays.com\/pl\/wp-json\/wp\/v2\/users\/2"}],"replies":[{"embeddable":true,"href":"https:\/\/www.europesays.com\/pl\/wp-json\/wp\/v2\/comments?post=197506"}],"version-history":[{"count":0,"href":"https:\/\/www.europesays.com\/pl\/wp-json\/wp\/v2\/posts\/197506\/revisions"}],"wp:featuredmedia":[{"embeddable":true,"href":"https:\/\/www.europesays.com\/pl\/wp-json\/wp\/v2\/media\/197507"}],"wp:attachment":[{"href":"https:\/\/www.europesays.com\/pl\/wp-json\/wp\/v2\/media?parent=197506"}],"wp:term":[{"taxonomy":"category","embeddable":true,"href":"https:\/\/www.europesays.com\/pl\/wp-json\/wp\/v2\/categories?post=197506"},{"taxonomy":"post_tag","embeddable":true,"href":"https:\/\/www.europesays.com\/pl\/wp-json\/wp\/v2\/tags?post=197506"}],"curies":[{"name":"wp","href":"https:\/\/api.w.org\/{rel}","templated":true}]}}