{"id":197508,"date":"2026-01-10T10:40:11","date_gmt":"2026-01-10T10:40:11","guid":{"rendered":"https:\/\/www.europesays.com\/pl\/197508\/"},"modified":"2026-01-10T10:40:11","modified_gmt":"2026-01-10T10:40:11","slug":"zywiol-szaleje-w-australii-trzy-osoby-zaginely","status":"publish","type":"post","link":"https:\/\/www.europesays.com\/pl\/197508\/","title":{"rendered":"\u017bywio\u0142 szaleje w Australii. Trzy osoby zagin\u0119\u0142y"},"content":{"rendered":"<p>\u200b\u017bywio\u0142 trawi stan Wiktoria w Australii. To tam wybuch\u0142y po\u017cary spowodowane upa\u0142ami i silnym wiatrem, kt\u00f3re doprowadzi\u0142y do zniszcze\u0144 dom\u00f3w. Sp\u0142on\u0119\u0142y rozleg\u0142e po\u0142acie buszu. &#8222;Australijczycy w ca\u0142ym kraju zmagaj\u0105 si\u0119 z ekstremalnymi i niebezpiecznymi warunkami pogodowymi, a po\u017cary buszu szalej\u0105 w wielu stanach&#8221; &#8211; o\u015bwiadczy\u0142 premier Australii Anthony Albanese. <\/p>\n<p>                         &#13;<br \/>\n        &#13;<\/p>\n<p>                                        &#13;<br \/>\n                        &#13;<br \/>\n                            <img decoding=\"async\" src=\"https:\/\/www.europesays.com\/pl\/wp-content\/uploads\/2026\/01\/000M6H693TX756EJ-C123-F4.jpg\" title=\"Zmagaj\u0105 si\u0119 z \u017cywio\u0142em. &quot;Po\u017cary szalej\u0105 w wielu stanach&quot;\" alt=\"Po\u017car w australijskim stanie Wiktoria \/PAP\/EPA\/JAMES ROSS \/PAP\/EPA\" class=\"img-responsive\"\/>&#13;<\/p>\n<p>                            &#13;<\/p>\n<p>      &#13;<br \/>\n                            Po\u017car w australijskim stanie Wiktoria&#13;<br \/>\n                                    \/PAP\/EPA\/JAMES ROSS \/PAP\/EPA  &#13;\n                                    <\/p>\n<p>&#13;<\/p>\n<ul class=\"bullet\">\n<li>Chcesz by\u0107 na bie\u017c\u0105co? Naj\u015bwie\u017csze informacje z kraju i ze \u015bwiata znajdziesz na\u00a0<a href=\"https:\/\/www.rmf24.pl\/\" rel=\"nofollow noopener\" target=\"_blank\">rmf24.pl<\/a>.<\/li>\n<\/ul>\n<p>Trzy osoby pozostaj\u0105 zaginione w po\u0142udniowo-wschodnim stanie Wiktoria, gdzie w sobot\u0119 rano czasu lokalnego ponad 50 po\u017car\u00f3w, z kt\u00f3rych wiele mia\u0142o najwy\u017cszy stopie\u0144 zagro\u017cenia, by\u0142o poza kontrol\u0105, informuje rz\u0105d.<\/p>\n<p>W\u0142adze poinformowa\u0142y, \u017ce po\u017cary, kt\u00f3re wybuch\u0142y podczas fali upa\u0142\u00f3w i by\u0142y podsycane przez silne wiatry, s\u0105 najgorszymi, jakie dotkn\u0119\u0142y stan od czasu po\u017car\u00f3w Czarnego Lata 2019-2020, kt\u00f3re zniszczy\u0142y obszar wielko\u015bci Turcji i zabi\u0142y 33 osoby. Australijczycy w ca\u0142ym kraju zmagaj\u0105 si\u0119 z ekstremalnymi i niebezpiecznymi warunkami pogodowymi, a po\u017cary buszu szalej\u0105 w wielu stanach, ale szczeg\u00f3lnie w Wiktorii\u00a0&#8211; powiedzia\u0142 Albanese w telewizyjnym wyst\u0105pieniu z Canberry.<\/p>\n<p>W nocy og\u0142oszono stan kl\u0119ski \u017cywio\u0142owej w 18 regionach Wiktorii, a Australijskie Si\u0142y Obronne zosta\u0142y poproszone o zapewnienie wsparcia zakwaterowania dla stra\u017cak\u00f3w z tego stanu, doda\u0142 premier. Najwi\u0119kszy po\u017car w pobli\u017cu miasta Longwood, oko\u0142o 112 km na p\u00f3\u0142noc od stolicy stanu Melbourne, strawi\u0142 35 tys. hektar\u00f3w buszu, niszcz\u0105c wiele dom\u00f3w, centrum spo\u0142eczno\u015bciowe i central\u0119 telefoniczn\u0105 &#8211; poinformowa\u0142y w\u0142adze w pi\u0105tek.\u00a0<\/p>\n<p>Dziesi\u0105tki spo\u0142eczno\u015bci w pobli\u017cu po\u017car\u00f3w zosta\u0142o ewakuowanych, a wiele park\u00f3w i p\u00f3l kempingowych w stanie zosta\u0142o zamkni\u0119tych. W sobot\u0119 w du\u017cej cz\u0119\u015bci stanu Wiktoria obowi\u0105zywa\u0142o ostrze\u017cenie przed fal\u0105 upa\u0142\u00f3w, a w s\u0105siednim stanie Nowa Po\u0142udniowa Walia i Australijskim Terytorium Sto\u0142ecznym obowi\u0105zywa\u0142y ostrze\u017cenia przed po\u017carami &#8211; poinformowa\u0142y s\u0142u\u017cby ratownicze.<\/p>\n","protected":false},"excerpt":{"rendered":"\u200b\u017bywio\u0142 trawi stan Wiktoria w Australii. To tam wybuch\u0142y po\u017cary spowodowane upa\u0142ami i silnym wiatrem, kt\u00f3re doprowadzi\u0142y do&hellip;\n","protected":false},"author":2,"featured_media":197509,"comment_status":"","ping_status":"","sticky":false,"template":"","format":"standard","meta":{"footnotes":""},"categories":[14],"tags":[32,33,27,34,35,28,31,25,40,41,80,29,30,26,82,83,84],"class_list":{"0":"post-197508","1":"post","2":"type-post","3":"status-publish","4":"format-standard","5":"has-post-thumbnail","7":"category-swiat","8":"tag-breaking-news","9":"tag-breakingnews","10":"tag-headlines","11":"tag-latest-news","12":"tag-latestnews","13":"tag-naglowki","14":"tag-najwazniejsze-artykuly","15":"tag-news","16":"tag-polish","17":"tag-polski","18":"tag-swiat","19":"tag-top-stories","20":"tag-topstories","21":"tag-wiadomosci","22":"tag-world","23":"tag-world-news","24":"tag-worldnews"},"share_on_mastodon":{"url":"https:\/\/pubeurope.com\/@pl\/115870382641507379","error":""},"_links":{"self":[{"href":"https:\/\/www.europesays.com\/pl\/wp-json\/wp\/v2\/posts\/197508","targetHints":{"allow":["GET"]}}],"collection":[{"href":"https:\/\/www.europesays.com\/pl\/wp-json\/wp\/v2\/posts"}],"about":[{"href":"https:\/\/www.europesays.com\/pl\/wp-json\/wp\/v2\/types\/post"}],"author":[{"embeddable":true,"href":"https:\/\/www.europesays.com\/pl\/wp-json\/wp\/v2\/users\/2"}],"replies":[{"embeddable":true,"href":"https:\/\/www.europesays.com\/pl\/wp-json\/wp\/v2\/comments?post=197508"}],"version-history":[{"count":0,"href":"https:\/\/www.europesays.com\/pl\/wp-json\/wp\/v2\/posts\/197508\/revisions"}],"wp:featuredmedia":[{"embeddable":true,"href":"https:\/\/www.europesays.com\/pl\/wp-json\/wp\/v2\/media\/197509"}],"wp:attachment":[{"href":"https:\/\/www.europesays.com\/pl\/wp-json\/wp\/v2\/media?parent=197508"}],"wp:term":[{"taxonomy":"category","embeddable":true,"href":"https:\/\/www.europesays.com\/pl\/wp-json\/wp\/v2\/categories?post=197508"},{"taxonomy":"post_tag","embeddable":true,"href":"https:\/\/www.europesays.com\/pl\/wp-json\/wp\/v2\/tags?post=197508"}],"curies":[{"name":"wp","href":"https:\/\/api.w.org\/{rel}","templated":true}]}}