{"id":197526,"date":"2026-01-10T10:49:09","date_gmt":"2026-01-10T10:49:09","guid":{"rendered":"https:\/\/www.europesays.com\/pl\/197526\/"},"modified":"2026-01-10T10:49:09","modified_gmt":"2026-01-10T10:49:09","slug":"urodziny-donalda-trumpa-wazniejsze-niz-szczyt-g7-francja-zmienia-termin-obrad","status":"publish","type":"post","link":"https:\/\/www.europesays.com\/pl\/197526\/","title":{"rendered":"Urodziny Donalda Trumpa wa\u017cniejsze ni\u017c szczyt G7? Francja zmienia termin obrad"},"content":{"rendered":"<p>Pierwotnie obrady G7, kt\u00f3rych gospodarzem b\u0119dzie Francja, zaplanowano na 14-16 czerwca. Dzie\u0144, w kt\u00f3rym szczyt mia\u0142 si\u0119 rozpocz\u0105\u0107, w Stanach Zjednoczonych obchodzony jest jako Dzie\u0144 Flagi USA. Data ta zbiega si\u0119 w czasie z urodzinami Donalda Trumpa.<\/p>\n<p>Urodziny Trumpa wa\u017cniejsze ni\u017c szczyt G7? Francja zmienia termin obrad<\/p>\n<p>Portal Politico, powo\u0142uj\u0105c si\u0119 na dw\u00f3ch zaznajomionych ze spraw\u0105 urz\u0119dnik\u00f3w, podaje, \u017ce termin obrad &#8222;wielkiej si\u00f3demki&#8221; zmieniono, by prezydent USA m\u00f3g\u0142 \u015bwi\u0119towa\u0107. W 2026 roku Trump obchodzi\u0107 b\u0119dzie 80. urodziny.<\/p>\n<p>\u00a0<\/p>\n<p>ZOBACZ: <a href=\"https:\/\/www.polsatnews.pl\/wiadomosc\/2026-01-07\/bylismy-wprowadzani-w-blad-ludzie-trumpa-pokazali-nowa-piramide-zywieniowa\/\" rel=\"nofollow noopener\" target=\"_blank\">&#8222;Byli\u015bmy wprowadzani w b\u0142\u0105d&#8221;. Ludzie Trumpa pokazali now\u0105 piramid\u0119 \u017cywieniow\u0105<\/a><\/p>\n<p>\u00a0<\/p>\n<p>Pary\u017c oficjalnie og\u0142osi\u0142 zaktualizowany harmonogram szczytu G7 &#8211; obecnie ma si\u0119 on odby\u0107 w dniach 15-17 czerwca. Jak zauwa\u017ca Politico, biuro prezydenta Francji odm\u00f3wi\u0142o potwierdzenia, i\u017c \u200b\u200bzmiana spowodowana by\u0142a planami Trumpa, dotycz\u0105cymi wielkiego przyj\u0119cia urodzinowego. Emmanuel Macron przyzna\u0142 jednak, \u017ce nowy termin jest &#8222;wynikiem naszych konsultacji z partnerami z G7&#8221;.<\/p>\n<p>\u00a0<\/p>\n<p>W pa\u017adzierniku Trump og\u0142osi\u0142, \u017ce 14 czerwca Bia\u0142y Dom b\u0119dzie gospodarzem &#8222;wielkiej walki UFC&#8221;. W tym tygodniu dyrektor generalny Ultimate Fighting Championship Dana White poinformowa\u0142 dziennikarzy, \u017ce harmonogram wydarzenia zosta\u0142 ju\u017c ustalony.<\/p>\n<p>\u00a0<\/p>\n<p>ZOBACZ: <a href=\"https:\/\/www.polsatnews.pl\/wiadomosc\/2026-01-08\/dolary-za-przychylnosc-mieszkancow-media-o-planie-trumpa-ws-grenlandii\/\" rel=\"nofollow noopener\" target=\"_blank\">Dolary za przychylno\u015b\u0107 mieszka\u0144c\u00f3w. Media o planie Trumpa ws. Grenlandii<\/a><\/p>\n<p>To nie pierwsza taka sytuacja. Przez Trumpa zmienili program obrad<\/p>\n<p>W 2025 roku informowano, \u017ce program szczytu NATO, kt\u00f3ry odbywa\u0142 si\u0119 w dniach 24-25 czerwca w Hadze, zosta\u0142 cz\u0119\u015bciowo dostosowany do Donalda Trumpa. Wed\u0142ug zachodnich medi\u00f3w organizatorzy skr\u00f3cili g\u0142\u00f3wne obrady do jednej kr\u00f3tkiej sesji trwaj\u0105cej oko\u0142o dw\u00f3ch i p\u00f3\u0142 godziny, zamiast tradycyjnych d\u0142u\u017cszych i wieloetapowych spotka\u0144. Jak podawano, decyzja ta zosta\u0142a podj\u0119ta ze wzgl\u0119du na niecierpliwo\u015b\u0107 Trumpa i jego trudn\u0105 postaw\u0119 wobec d\u0142ugotrwa\u0142ych rozm\u00f3w dyplomatycznych.<\/p>\n<p>\u00a0<\/p>\n<p>Media okre\u015bli\u0142y ten format jako &#8222;kr\u00f3tki i tre\u015bciwy&#8221; i zauwa\u017cy\u0142y, \u017ce \u200b\u200bzosta\u0142 on przyj\u0119ty w\u0142a\u015bnie po to, aby zadowoli\u0107 Trumpa i unikn\u0105\u0107 konflikt\u00f3w w harmonogramie szczytu.\u00a0<\/p>\n<p>\u00a0<\/p>\n<p>ZOBACZ: <a href=\"https:\/\/www.polsatnews.pl\/wiadomosc\/2026-01-08\/usa-wycofuja-sie-z-66-organizacji-miedzynarodowych-instytucje-zbyteczne\/\" rel=\"nofollow noopener\" target=\"_blank\">USA wycofuj\u0105 si\u0119 z 66 organizacji mi\u0119dzynarodowych. &#8222;Instytucje zbyteczne&#8221;<\/a><\/p>\n<p>\u00a0<\/p>\n<p>Wed\u0142ug agencji Unian decyzja ta znalaz\u0142a r\u00f3wnie\u017c odzwierciedlenie w dokumencie podsumowuj\u0105cym szczyt &#8211; w por\u00f3wnaniu z poprzednimi obszernymi deklaracjami NATO komunikat by\u0142 bardzo zwi\u0119z\u0142y, obejmowa\u0142 zaledwie kilka akapit\u00f3w. Jednocze\u015bnie &#8211; jak czytamy &#8211; znaczna cz\u0119\u015b\u0107 temat\u00f3w, w szczeg\u00f3lno\u015bci pot\u0119pienie rosyjskiej agresji czy szeroko zakrojone plany rozszerzenia Sojuszu, zosta\u0142a przedstawiona w bardziej rozmytej formie.<\/p>\n<p>\u00a0<\/p>\n<p>Widzia\u0142e\u015b co\u015b wa\u017cnego? Przy\u015blij zdj\u0119cie, film lub napisz, co si\u0119 sta\u0142o. Skorzystaj z naszej <a href=\"https:\/\/www.polsatnews.pl\/platforma-widzow\/\" target=\"_blank\" rel=\"noopener noreferrer nofollow\">Wrzutni<\/a><\/p>\n<p>                <img decoding=\"async\" src=\"https:\/\/www.europesays.com\/pl\/wp-content\/uploads\/2026\/01\/4e1vsxydcswdwb862a4i66risx45hjg4.jpg\" alt=\"\" itemprop=\"contentUrl\" style=\"position:absolute; width: 100%; max-height: 100%;\"\/><video controls=\"\" controlslist=\"nodownload\" poster=\"https:\/\/www.europesays.com\/pl\/wp-content\/uploads\/2026\/01\/4e1vsxydcswdwb862a4i66risx45hjg4.jpg\" class=\"videoPlayer player6856413 news__video\" data-id=\"6856413\">Twoja przegl\u0105darka nie wspiera odtwarzacza wideo&#8230;<\/video><\/p>\n<p>                <a class=\"news__read-more-button\" href=\"https:\/\/www.polsatnews.pl\/\" rel=\"nofollow noopener\" target=\"_blank\">Czytaj wi\u0119cej<\/a><\/p>\n","protected":false},"excerpt":{"rendered":"Pierwotnie obrady G7, kt\u00f3rych gospodarzem b\u0119dzie Francja, zaplanowano na 14-16 czerwca. Dzie\u0144, w kt\u00f3rym szczyt mia\u0142 si\u0119 rozpocz\u0105\u0107,&hellip;\n","protected":false},"author":2,"featured_media":197527,"comment_status":"","ping_status":"","sticky":false,"template":"","format":"standard","meta":{"footnotes":""},"categories":[5],"tags":[32,33,36,37,27,34,35,28,31,25,42,38,40,39,41,29,30,26],"class_list":{"0":"post-197526","1":"post","2":"type-post","3":"status-publish","4":"format-standard","5":"has-post-thumbnail","7":"category-naglowki","8":"tag-breaking-news","9":"tag-breakingnews","10":"tag-featured-news","11":"tag-featurednews","12":"tag-headlines","13":"tag-latest-news","14":"tag-latestnews","15":"tag-naglowki","16":"tag-najwazniejsze-artykuly","17":"tag-news","18":"tag-pl","19":"tag-poland","20":"tag-polish","21":"tag-polska","22":"tag-polski","23":"tag-top-stories","24":"tag-topstories","25":"tag-wiadomosci"},"share_on_mastodon":{"url":"https:\/\/pubeurope.com\/@pl\/115870417825668463","error":""},"_links":{"self":[{"href":"https:\/\/www.europesays.com\/pl\/wp-json\/wp\/v2\/posts\/197526","targetHints":{"allow":["GET"]}}],"collection":[{"href":"https:\/\/www.europesays.com\/pl\/wp-json\/wp\/v2\/posts"}],"about":[{"href":"https:\/\/www.europesays.com\/pl\/wp-json\/wp\/v2\/types\/post"}],"author":[{"embeddable":true,"href":"https:\/\/www.europesays.com\/pl\/wp-json\/wp\/v2\/users\/2"}],"replies":[{"embeddable":true,"href":"https:\/\/www.europesays.com\/pl\/wp-json\/wp\/v2\/comments?post=197526"}],"version-history":[{"count":0,"href":"https:\/\/www.europesays.com\/pl\/wp-json\/wp\/v2\/posts\/197526\/revisions"}],"wp:featuredmedia":[{"embeddable":true,"href":"https:\/\/www.europesays.com\/pl\/wp-json\/wp\/v2\/media\/197527"}],"wp:attachment":[{"href":"https:\/\/www.europesays.com\/pl\/wp-json\/wp\/v2\/media?parent=197526"}],"wp:term":[{"taxonomy":"category","embeddable":true,"href":"https:\/\/www.europesays.com\/pl\/wp-json\/wp\/v2\/categories?post=197526"},{"taxonomy":"post_tag","embeddable":true,"href":"https:\/\/www.europesays.com\/pl\/wp-json\/wp\/v2\/tags?post=197526"}],"curies":[{"name":"wp","href":"https:\/\/api.w.org\/{rel}","templated":true}]}}