{"id":197539,"date":"2026-01-10T10:56:10","date_gmt":"2026-01-10T10:56:10","guid":{"rendered":"https:\/\/www.europesays.com\/pl\/197539\/"},"modified":"2026-01-10T10:56:10","modified_gmt":"2026-01-10T10:56:10","slug":"wojna-na-ukrainie-zakonczy-w-2026-roku-polacy-zabrali-glos-nowy-sondaz","status":"publish","type":"post","link":"https:\/\/www.europesays.com\/pl\/197539\/","title":{"rendered":"Wojna na Ukrainie zako\u0144czy w 2026 roku? Polacy zabrali g\u0142os, nowy sonda\u017c"},"content":{"rendered":"<p>W zako\u0144czenie wojny mi\u0119dzy Ukrain\u0105 i Rosj\u0105 w 2026 roku nie wierzy ponad po\u0142owa respondent\u00f3w z Polski w sonda\u017cu SW Research dla Onetu. 55,8 proc. ankietowanych ocenia, i\u017c mimo ostatnich deklaracji \u015bwiatowych przyw\u00f3dc\u00f3w, konflikt w najbli\u017cszych miesi\u0105cach nie dobiegnie ko\u0144ca.\u00a0<\/p>\n<p>Koniec wojny w Ukrainie mo\u017cliwy w 2026 roku? Nowy sonda\u017c<\/p>\n<p>Badanie wskazuje jednocze\u015bnie, \u017ce bardziej optymistycznie do takiego scenariusza podchodzi co pi\u0105ta zapytana osoba. Zdaniem 19,5 proc. ankietowanych rosyjska agresja mo\u017ce zako\u0144czy\u0107 si\u0119 ju\u017c niebawem.<\/p>\n<p>\u00a0<\/p>\n<p>ZOBACZ: <a href=\"https:\/\/www.polsatnews.pl\/wiadomosc\/2026-01-07\/polacy-podzieleni-wobec-uchodzcow-z-ukrainy-wyniki-najgorsze-w-historii\/\" rel=\"nofollow noopener\" target=\"_blank\">Polacy podzieleni wobec uchod\u017ac\u00f3w z Ukrainy. &#8222;Wyniki najgorsze w historii&#8221;<\/a><\/p>\n<p>\u00a0<\/p>\n<p>Pozosta\u0142a cz\u0119\u015b\u0107 respondent\u00f3w, zapytana o kwesti\u0119 wojny w Ukrainie, wskazuje, i\u017c &#8222;trudno powiedzie\u0107&#8221;, czy konflikt zako\u0144czy si\u0119 w tym roku. Taki wariant wybra\u0142o 24,7 proc. badanych.<\/p>\n<p>Negocjacje pokojowe. M\u00f3wi\u0105 o &#8222;kamieniu milowym&#8221;<\/p>\n<p>&#8211; Zauwa\u017camy, \u017ce negocjacje osi\u0105gn\u0119\u0142y nowy kamie\u0144 milowy wraz z naszymi europejskimi partnerami oraz oczywi\u015bcie ze Stanami Zjednoczonymi i wszystkimi cz\u0142onkami koalicji ch\u0119tnych. S\u0105dzimy, \u017ce ta wojna mo\u017ce zako\u0144czy\u0107 si\u0119 podczas pa\u0144stwa prezydencji &#8211; cytuje s\u0142owa Wo\u0142odymyra Ze\u0142enskiego sprzed kilku dni agencja Unian. Wypowied\u017a ta mia\u0142a miejsce podczas wizyty prezydenta Ukrainy w stolicy Cypru Nikozji, gdzie odby\u0142a si\u0119 ceremonia inauguracji przewodnictwa tego kraju w Radzie UE.<\/p>\n<p>\u00a0<\/p>\n<p>ZOBACZ: <a href=\"https:\/\/www.polsatnews.pl\/wiadomosc\/2026-01-08\/rosja-reaguje-na-koalicje-chetnych-bedziemy-strzelac\/\" rel=\"nofollow noopener\" target=\"_blank\">Rosja reaguje na koalicj\u0119 ch\u0119tnych. Zacharowa: B\u0119d\u0105 naszym celem<\/a><\/p>\n<p>\u00a0<\/p>\n<p>Wcze\u015bniej o &#8222;kamieniu milowym&#8221; w negocjacjach m\u00f3wili ameryka\u0144scy negocjatorzy &#8211; Jared Kushner i Steve Witkoff. &#8211; Poczynili\u015bmy znaczne post\u0119py w kilku kluczowych obszarach prac &#8211; przekazano po zako\u0144czeniu spotkania przedstawicieli pa\u0144stw wchodz\u0105cych w sk\u0142ad koalicji ch\u0119tnych. O ustaleniach pozytywne wypowiada\u0142 si\u0119 te\u017c sam Ze\u0142enski, nazywaj\u0105c je &#8222;wielkim krokiem naprz\u00f3d&#8221;.<br \/>\u00a0<\/p>\n<p>&#8211; Jeste\u015bmy coraz bli\u017cej porozumienia, mo\u017ce nawet bardzo blisko &#8211; m\u00f3wi\u0142 z kolei Donald Trump podczas wsp\u00f3lnej konferencji prasowej z prezydentem Ukrainy po rozmowach w posiad\u0142o\u015bci ameryka\u0144skiego przyw\u00f3dcy na Florydzie pod koniec grudnia.<\/p>\n<p>\u00a0<\/p>\n<p>ZOBACZ:\u00a0<a href=\"https:\/\/www.polsatnews.pl\/wiadomosc\/2026-01-07\/zapytano-ukraincow-o-trumpa-jednoznaczna-opinia-w-sondazu\/\" rel=\"nofollow noopener\" target=\"_blank\">Zapytano Ukrai\u0144c\u00f3w o Trumpa. Jednoznaczna opinia w sonda\u017cu<\/a><\/p>\n<p>\u00a0<\/p>\n<p>Sonda\u017c zosta\u0142 zrealizowany w dniu 7 stycznia 2026 r. przez agencj\u0119 SW RESEARCH metod\u0105 wywiad\u00f3w on-line (CAWI &#8211; Computer-Assisted Web Interview) na panelu internetowym SW Panel. W ramach badania przeprowadzono 808 ankiet z og\u00f3lnopolsk\u0105 pr\u00f3b\u0105 doros\u0142ych. Zastosowano dob\u00f3r kwotowy &#8211; pr\u00f3ba by\u0142a reprezentatywna ze wzgl\u0119du na \u0142\u0105czny rozk\u0142ad p\u0142ci, wieku i klasy wielko\u015bci miejscowo\u015bci zamieszkania.<\/p>\n<p>\u00a0<\/p>\n<p>Widzia\u0142e\u015b co\u015b wa\u017cnego? Przy\u015blij zdj\u0119cie, film lub napisz, co si\u0119 sta\u0142o. Skorzystaj z naszej <a href=\"https:\/\/www.polsatnews.pl\/platforma-widzow\/\" target=\"_blank\" rel=\"noopener noreferrer nofollow\">Wrzutni<\/a><\/p>\n<p>                <img decoding=\"async\" src=\"https:\/\/www.europesays.com\/pl\/wp-content\/uploads\/2026\/01\/8wonzj643vwfde1gctqasnpf3d3tky41.jpg\" alt=\"\" itemprop=\"contentUrl\" style=\"position:absolute; width: 100%; max-height: 100%;\"\/><video controls=\"\" controlslist=\"nodownload\" poster=\"https:\/\/www.europesays.com\/pl\/wp-content\/uploads\/2026\/01\/8wonzj643vwfde1gctqasnpf3d3tky41.jpg\" class=\"videoPlayer player6856480 news__video\" data-id=\"6856480\">Twoja przegl\u0105darka nie wspiera odtwarzacza wideo&#8230;<\/video><\/p>\n<p>                <a class=\"news__read-more-button\" href=\"https:\/\/www.polsatnews.pl\/\" rel=\"nofollow noopener\" target=\"_blank\">Czytaj wi\u0119cej<\/a><\/p>\n","protected":false},"excerpt":{"rendered":"W zako\u0144czenie wojny mi\u0119dzy Ukrain\u0105 i Rosj\u0105 w 2026 roku nie wierzy ponad po\u0142owa respondent\u00f3w z Polski w&hellip;\n","protected":false},"author":2,"featured_media":197540,"comment_status":"","ping_status":"","sticky":false,"template":"","format":"standard","meta":{"footnotes":""},"categories":[5],"tags":[32,33,36,37,27,34,35,28,31,25,42,38,40,39,41,29,30,26],"class_list":{"0":"post-197539","1":"post","2":"type-post","3":"status-publish","4":"format-standard","5":"has-post-thumbnail","7":"category-naglowki","8":"tag-breaking-news","9":"tag-breakingnews","10":"tag-featured-news","11":"tag-featurednews","12":"tag-headlines","13":"tag-latest-news","14":"tag-latestnews","15":"tag-naglowki","16":"tag-najwazniejsze-artykuly","17":"tag-news","18":"tag-pl","19":"tag-poland","20":"tag-polish","21":"tag-polska","22":"tag-polski","23":"tag-top-stories","24":"tag-topstories","25":"tag-wiadomosci"},"share_on_mastodon":{"url":"https:\/\/pubeurope.com\/@pl\/115870445360667160","error":""},"_links":{"self":[{"href":"https:\/\/www.europesays.com\/pl\/wp-json\/wp\/v2\/posts\/197539","targetHints":{"allow":["GET"]}}],"collection":[{"href":"https:\/\/www.europesays.com\/pl\/wp-json\/wp\/v2\/posts"}],"about":[{"href":"https:\/\/www.europesays.com\/pl\/wp-json\/wp\/v2\/types\/post"}],"author":[{"embeddable":true,"href":"https:\/\/www.europesays.com\/pl\/wp-json\/wp\/v2\/users\/2"}],"replies":[{"embeddable":true,"href":"https:\/\/www.europesays.com\/pl\/wp-json\/wp\/v2\/comments?post=197539"}],"version-history":[{"count":0,"href":"https:\/\/www.europesays.com\/pl\/wp-json\/wp\/v2\/posts\/197539\/revisions"}],"wp:featuredmedia":[{"embeddable":true,"href":"https:\/\/www.europesays.com\/pl\/wp-json\/wp\/v2\/media\/197540"}],"wp:attachment":[{"href":"https:\/\/www.europesays.com\/pl\/wp-json\/wp\/v2\/media?parent=197539"}],"wp:term":[{"taxonomy":"category","embeddable":true,"href":"https:\/\/www.europesays.com\/pl\/wp-json\/wp\/v2\/categories?post=197539"},{"taxonomy":"post_tag","embeddable":true,"href":"https:\/\/www.europesays.com\/pl\/wp-json\/wp\/v2\/tags?post=197539"}],"curies":[{"name":"wp","href":"https:\/\/api.w.org\/{rel}","templated":true}]}}