{"id":197560,"date":"2026-01-10T11:08:12","date_gmt":"2026-01-10T11:08:12","guid":{"rendered":"https:\/\/www.europesays.com\/pl\/197560\/"},"modified":"2026-01-10T11:08:12","modified_gmt":"2026-01-10T11:08:12","slug":"kuba-jest-sola-w-oku-usa-ale-scenariusz-wenezuelski-nie-ma-sensu-z-armia-trzeba-bedzie-sie-ulozyc","status":"publish","type":"post","link":"https:\/\/www.europesays.com\/pl\/197560\/","title":{"rendered":"Kuba jest sol\u0105 w oku USA, ale scenariusz wenezuelski nie ma sensu. &#8222;Z armi\u0105 trzeba b\u0119dzie si\u0119 u\u0142o\u017cy\u0107&#8221;"},"content":{"rendered":"\n<p>Karol \u015awierkot, Wirtualna Polska: Donald Trump, pytany o\u00a0sytuacj\u0119 na Kubie po interwencji w\u00a0Wenezueli i\u00a0obaleniu Nicolasa Maduro, stwierdzi\u0142, \u017ce &#8222;Kuba jest gotowa do upadku&#8221;. Jak pani rozumie t\u0119 wypowied\u017a prezydenta Stan\u00f3w Zjednoczonych?<\/p>\n<p>Dr hab. Katarzyna Dembicz, latynoamerykanistka, wyk\u0142adowczyni w\u00a0Instytucie Studi\u00f3w Iberyjskich i\u00a0Iberoameryka\u0144skich Uniwersytetu Warszawskiego: Mo\u017ce nie tyle gotowa, co jest w\u00a0przededniu upadku. To s\u0105 ostatnie momenty tego re\u017cimu, gospodarka jest w\u00a0kryzysie, prezydent Miguel Diaz-Canel r\u00f3wnie\u017c ma bardzo s\u0142ab\u0105 pozycj\u0119. Podobnie z\u00a0reszt\u0105 jak w\u00a0przypadku Wenezueli, gdzie g\u0142\u00f3wnym aktorem \u2013\u00a0nie tylko si\u0142owym, ale r\u00f3wnie\u017c gospodarczym i\u00a0politycznym \u2013\u00a0s\u0105 s\u0142u\u017cby bezpiecze\u0144stwa i\u00a0wojsko. Dzisiaj na Kubie w\u00a0zasadzie nie ma innego aktora: jest biuro polityczne, jest partia komunistyczna, natomiast, m\u00f3wi\u0105c kolokwialnie, pierwsze skrzypce graj\u0105 si\u0142y zbrojne (FAR).<\/p>\n<p> <img role=\"presentation\" class=\"absolute left-1\/2 top-1\/2 max-h-[80%] max-w-[100px] -translate-x-1\/2 -translate-y-1\/2\" src=\"https:\/\/v.wpimg.pl\/ZXJfd3AudTkrBBIAbg54LGhcRlAxHQUrPgJGH2MAeGJoSQ1eIBI_K2UHAEVuBTY5KQMMXC0RPyoVERQdMgM9ejc\" loading=\"lazy\" decoding=\"async\"\/> <\/p>\n<p>Czy w\u00a0takim razie scenariusz wenezuelski by\u0142by na Kubie realny i\u00a0w\u00a0og\u00f3le skuteczny z\u00a0perspektywy Stan\u00f3w Zjednoczonych?<\/p>\n<p>Jest realny, tylko trzeba by mie\u0107 tak powa\u017cne zarzuty wobec samego Diaza-Canela, jak w\u00a0przypadku Maduro. Tyle \u017ce <a href=\"https:\/\/www.money.pl\/wiadomosci\/kuba.html\" rel=\"noopener noreferrer nofollow\" target=\"_blank\">Kuba od lat wsp\u00f3\u0142pracuje z\u00a0USA<\/a> na polu walki z\u00a0przemytem narkotyk\u00f3w. No i\u00a0pytanie: po co to robi\u0107? Mie\u0107 kolejne pa\u0144stwo, z\u00a0kt\u00f3rym i\u00a0tak trzeba si\u0119 b\u0119dzie uk\u0142ada\u0107 i\u00a0stabilizowa\u0107? Bo z\u00a0si\u0142ami zbrojnymi Kuby trzeba b\u0119dzie si\u0119 u\u0142o\u017cy\u0107. Opozycja jest rozbita jeszcze bardziej ni\u017c w\u00a0przypadku Wenezueli. Nie ma dzisiaj wyrazistej postaci z\u00a0opozycji, kt\u00f3ra by zast\u0105pi\u0142a obecnego prezydenta.<\/p>\n<p> <a href=\"https:\/\/www.money.pl\/gospodarka\/trzy-cele-trumpa-ekspert-mowi-co-usa-chca-ugrac-dzieki-akcji-w-wenezueli-7240213620357632a.html\" class=\"teaser-inline\" rel=\"nofollow noopener\" target=\"_blank\">  <img decoding=\"async\" src=\"https:\/\/www.europesays.com\/pl\/wp-content\/uploads\/2026\/01\/YWJhY2JhdjYrCi8BZRN7I2hSe1sjSnV1P0pjEGVZa296EHZUIwQ8JS8YNhwtGiwnKx8pHDoEdjY6AXZEe0c9PjkYNVMzRzw6KA09.jpeg\" width=\"0\" height=\"0\" loading=\"lazy\" class=\"wp-media-image cropped\" alt=\"Trzy cele Trumpa. Ekspert m\u00f3wi, co USA chc\u0105 ugra\u0107 dzi\u0119ki akcji w Wenezueli\"\/><\/p>\n<p>Trzy cele Trumpa. Ekspert m\u00f3wi, co USA chc\u0105 ugra\u0107 dzi\u0119ki akcji w Wenezueli<\/p>\n<p><\/a> <img role=\"presentation\" class=\"absolute left-1\/2 top-1\/2 max-h-[80%] max-w-[100px] -translate-x-1\/2 -translate-y-1\/2\" src=\"https:\/\/v.wpimg.pl\/ZXJfd3AudTkrBBIAbg54LGhcRlAxHQUrPgJGH2MAeGJoSQ1eIBI_K2UHAEVuBTY5KQMMXC0RPyoVERQdMgM9ejc\" loading=\"lazy\" decoding=\"async\"\/> <\/p>\n<p>To jest pa\u0144stwo policyjne, ca\u0142kowicie kontrolowane, w\u00a0dodatku z\u00a0ogromn\u0105 emigracj\u0105. Moim zdaniem jedyny scenariusz, kt\u00f3ry by\u0142by mo\u017cliwy, to ten, kt\u00f3ry by\u0142 realizowany za Baracka Obamy, czyli zbli\u017cenie, dialog, otwarcie. I\u00a0gdyby nie Donald Trump, \u00f3wczesne zbli\u017cenie skutkowa\u0142oby powolnym rozk\u0142adem systemu komunistycznego na Kubie. Czy wi\u0119c scenariusz Wenezueli na Kubie jest mo\u017cliwy? Jest mo\u017cliwy, tylko on niczego nie zmieni. <\/p>\n<p>Trump: Kuba upada. Mieszka\u0144cy boj\u0105 si\u0119 o\u00a0swoj\u0105 przysz\u0142o\u015b\u0107 <\/p>\n<p>Donald Trump stwierdzi\u0142 r\u00f3wnie\u017c, \u017ce &#8222;Kuba nie ma \u017cadnych dochod\u00f3w, bo wszystkie dochody mia\u0142a z\u00a0wenezuelskiej ropy&#8221;. Dostawy z\u00a0Wenezueli to oko\u0142o 30 tys. bary\u0142ek dziennie, a\u00a0kuba\u0144skie zapotrzebowanie dzienne to oko\u0142o 120-140 tys. bary\u0142ek. Ile wi\u0119c realnie ten import wa\u017cy w\u00a0kuba\u0144skiej gospodarce?<\/p>\n<p> <img role=\"presentation\" class=\"absolute left-1\/2 top-1\/2 max-h-[80%] max-w-[100px] -translate-x-1\/2 -translate-y-1\/2\" src=\"https:\/\/v.wpimg.pl\/ZXJfd3AudTkrBBIAbg54LGhcRlAxHQUrPgJGH2MAeGJoSQ1eIBI_K2UHAEVuBTY5KQMMXC0RPyoVERQdMgM9ejc\" loading=\"lazy\" decoding=\"async\"\/> <\/p>\n<p>Bior\u0105c pod uwag\u0119, \u017ce na Kubie mamy cztero- albo o\u015bmiogodzinne przerwy w\u00a0dostawie pr\u0105du na dob\u0119, to w\u00a0rzeczywisto\u015bci <a href=\"https:\/\/www.money.pl\/gospodarka\/usa-i-wenezuela-dogadaja-sie-ws-ropy-relacje-gospodarcze-nie-sa-niczym-nadzwyczajnym-7241118747343360a.html\" rel=\"noopener noreferrer nofollow\" target=\"_blank\">nawet ze wsparciem Wenezueli Kuba ma niewystarczaj\u0105c\u0105 ilo\u015b\u0107 ropy<\/a>. Przed blackoutami Kub\u0119 pr\u00f3buje ratowa\u0107 Meksyk, kt\u00f3ry wysy\u0142a tankowce z\u00a0paliwem, ale s\u0105 to minimalne ilo\u015bci. Kuba\u0144skie wydobycie ropy naftowej to oko\u0142o 2\u00a0proc. jej potrzeb. Wi\u0119c cho\u0107 ropa z\u00a0Wenezueli nie zaspokaja nawet po\u0142owy potrzeb wyspy, bez ropy z\u00a0Wenezueli te problemy Kuby jeszcze si\u0119 pog\u0142\u0119bi\u0105.<\/p>\n<p>     <img decoding=\"async\" src=\"https:\/\/www.europesays.com\/pl\/wp-content\/uploads\/2026\/01\/NjhmOGRjYQsJDzl0fRFsHkpXbS47SGJIHU91ZX0JYVJYXTdzZ1phDAEBKjU3GiFEDx86NzMdPkQYAWAmIgNhHFlCKy4hGiILEUIq.jpeg\" width=\"800\" height=\"450\" loading=\"lazy\" class=\"wp-media-image\" alt=\" \" data-lightbox=\"true\"\/>   \u00a9 w\u0142asne | K\u015a <\/p>\n<p>Co, opr\u00f3cz ropy, Kuba traci po ameryka\u0144skiej interwencji w\u00a0Wenezueli? Jakie b\u0119d\u0105 dalsze konsekwencje dla rz\u0105du w\u00a0Hawanie?<\/p>\n<p> <img role=\"presentation\" class=\"absolute left-1\/2 top-1\/2 max-h-[80%] max-w-[100px] -translate-x-1\/2 -translate-y-1\/2\" src=\"https:\/\/v.wpimg.pl\/ZXJfd3AudTkrBBIAbg54LGhcRlAxHQUrPgJGH2MAeGJoSQ1eIBI_K2UHAEVuBTY5KQMMXC0RPyoVERQdMgM9ejc\" loading=\"lazy\" decoding=\"async\"\/> <\/p>\n<p>Wycofanie z\u00a0Wenezueli ca\u0142ego aparatu wywiadowczego, czyli os\u00f3b zwi\u0105zanych z\u00a0si\u0142ami zbrojnymi i\u00a0ze s\u0142u\u017cbami bezpiecze\u0144stwa Kuby. To te\u017c prawdopodobnie koniec kuba\u0144skiego kontyngentu edukacyjno medycznego, kt\u00f3ry liczy ponad 10 tysi\u0119cy os\u00f3b. Donald Trump na pewno b\u0119dzie d\u0105\u017cy\u0142 do ca\u0142kowitego zerwania relacji Wenezueli z\u00a0Kub\u0105 \u2013\u00a0oczywi\u015bcie je\u015bli uda mu si\u0119 wywrze\u0107 presj\u0119 na &#8222;nowych&#8221; w\u0142adzach \u2013\u00a0a\u00a0co za tym idzie, do przej\u0119cia kontroli nad pa\u0144stwem. W\u00a0historii dyktatur wielokrotnie widzieli\u015bmy ju\u017c scenariusz kierowania z\u00a0tylnego siedzenia i\u00a0poci\u0105gania za sznurki.<\/p>\n<p> <a href=\"https:\/\/www.money.pl\/gospodarka\/donald-trump-marzy-o-grenlandii-tak-usa-moga-przejac-wyspe-7240864695122432a.html\" class=\"teaser-inline\" rel=\"nofollow noopener\" target=\"_blank\">  <img decoding=\"async\" src=\"https:\/\/www.europesays.com\/pl\/wp-content\/uploads\/2026\/01\/NzAzYjMzYRsgGC9ZYgFsDmNAewMkWGJYNFhjSGJLfEJxAnYMJBYrCCQKNkQqCDsKIA0pRD0WYRsxE3YcfFUqEzIKNQs0VSsXIx89.jpeg\" width=\"0\" height=\"0\" loading=\"lazy\" class=\"wp-media-image cropped\" alt=\"Donald Trump marzy o Grenlandii. Tak USA mog\u0105 przej\u0105\u0107 wysp\u0119\"\/><\/p>\n<p>Donald Trump marzy o Grenlandii. Tak USA mog\u0105 przej\u0105\u0107 wysp\u0119<\/p>\n<p><\/a> <\/p>\n<p>Czy Delcy Rodriguez, dotychczasowa wiceprezydent, kt\u00f3ra zast\u0105pi\u0142a Maduro, da si\u0119 Trumpowi kontrolowa\u0107? A\u00a0mo\u017ce b\u0119dzie pr\u00f3bowa\u0142a Stany Zjednoczone przechytrzy\u0107 i\u00a0wsp\u00f3\u0142pracowa\u0107 z\u00a0Kub\u0105? Jest przecie\u017c uznawana za trzon chavizmu, jej ojciec \u2013\u00a0socjalista, zosta\u0142 zamordowany przez bezpiek\u0119 w\u00a0czasach rz\u0105d\u00f3w Andr\u00e9sa P\u00e9reza w\u00a01976 roku. Czy jednak dogada si\u0119 z\u00a0Trumpem?<\/p>\n<p> <img role=\"presentation\" class=\"absolute left-1\/2 top-1\/2 max-h-[80%] max-w-[100px] -translate-x-1\/2 -translate-y-1\/2\" src=\"https:\/\/v.wpimg.pl\/ZXJfd3AudTkrBBIAbg54LGhcRlAxHQUrPgJGH2MAeGJoSQ1eIBI_K2UHAEVuBTY5KQMMXC0RPyoVERQdMgM9ejc\" loading=\"lazy\" decoding=\"async\"\/> <\/p>\n<p>Pytanie, kto zdradzi\u0142 Maduro? Je\u015bli to by\u0142 kto\u015b z\u00a0jego najbli\u017cszego otoczenia, to znaczy, \u017ce ju\u017c si\u0119 u\u0142o\u017cy\u0142 z\u00a0Trumpem. I\u00a0nawet je\u015bli nie by\u0142a to Delcy Rodriguez, b\u0119dzie do\u015bwiadcza\u0142a ogromnej presji nie tylko z\u00a0zewn\u0119trz, ale r\u00f3wnie\u017c od \u015brodka. Dlatego przyjmuj\u0105c scenariusz, \u017ce owa presja Stan\u00f3w Zjednoczonych b\u0119dzie skuteczna, Wenezuela zredukuje do minimum stosunki z\u00a0Kub\u0105, z\u00a0kolei Kuba, wiedz\u0105c, <a href=\"https:\/\/www.money.pl\/gospodarka\/wenezuela-tonie-w-dlugach-po-upadku-maduro-wierzyciele-czekaja-na-splate-170-mld-dolarow-7240063345388512a.html\" rel=\"noopener noreferrer nofollow\" target=\"_blank\">co to oznacza dla jej gospodarki<\/a>, zacznie wysy\u0142a\u0107 sygna\u0142y, dogadywa\u0107 si\u0119 z\u00a0USA przez Marca Rubio.<\/p>\n<blockquote><p>Kuba na przyk\u0142ad ma bardzo du\u017ce zasoby niklu, ale jest on ob\u0142o\u017cony sankcjami, wi\u0119c eksport odbywa si\u0119 wy\u0142\u0105cznie do pa\u0144stw z\u00a0BRICS, w\u00a0zasadzie nikt wi\u0119cej nie kupuje kuba\u0144skiego niklu. Rolnictwo wr\u00f3ci\u0142o do rozwi\u0105za\u0144 dziewi\u0119tnastowiecznych, produkcja cukru jest na najni\u017cszym poziome od dekad. Ze wzgl\u0119du na embargo, kt\u00f3re przez administracj\u0119 Donalda Trumpa zosta\u0142o zaostrzone do maksimum, kurczy si\u0119 r\u00f3wnie\u017c sektor turystyczny.<\/p><\/blockquote>\n<p> <img role=\"presentation\" class=\"absolute left-1\/2 top-1\/2 max-h-[80%] max-w-[100px] -translate-x-1\/2 -translate-y-1\/2\" src=\"https:\/\/v.wpimg.pl\/ZXJfd3AudTkrBBIAbg54LGhcRlAxHQUrPgJGH2MAeGJoSQ1eIBI_K2UHAEVuBTY5KQMMXC0RPyoVERQdMgM9ejc\" loading=\"lazy\" decoding=\"async\"\/> <a href=\"https:\/\/www.money.pl\/gospodarka\/tylko-kreatywna-destrukcja-zwiekszy-konkurencyjnosc-europy-opinia-7238728982670304a.html\" class=\"teaser-inline\" rel=\"nofollow noopener\" target=\"_blank\">  <img decoding=\"async\" src=\"https:\/\/www.europesays.com\/pl\/wp-content\/uploads\/2026\/01\/NWY1MzY5YTY4UztJdk5sI3sLbxMwF2J1LBN3WHYEfG9pSWIcMFkrJTxBIlQ-RzsnOEY9VClZYTYpWGIMaBoqPipBIRsgGis6O1Qp.jpeg\" width=\"0\" height=\"0\" loading=\"lazy\" class=\"wp-media-image cropped\" alt=\"Tylko kreatywna destrukcja zwi\u0119kszy konkurencyjno\u015b\u0107 Europy [OPINIA]\"\/><\/p>\n<p>Tylko kreatywna destrukcja zwi\u0119kszy konkurencyjno\u015b\u0107 Europy [OPINIA]<\/p>\n<p><\/a> <\/p>\n<p>Dodatkowo Kuba ponownie zosta\u0142a umieszczona przez Stany Zjednoczone na li\u015bcie pa\u0144stwowych sponsor\u00f3w terroryzmu. I\u00a0\u017ceby by\u0142a jasno\u015b\u0107, Kuba by\u0142a obj\u0119ta r\u00f3\u017cnymi sankcjami przez wiele lat, ale teraz zacz\u0119to je skrupulatnie egzekwowa\u0107, wcze\u015bniej przymykano oko na r\u00f3\u017cne aspekty sankcji, chocia\u017cby na zakup lekarstw i\u00a0\u017cywno\u015bci. Natomiast z\u00a0punktu widzenia turysty: Booking nie dzia\u0142a, karty kredytowe mog\u0105 by\u0107 blokowane, przekazy pieni\u0119\u017cne nie s\u0105 realizowane przez najwi\u0119ksze firmy. Kuba to obecnie kraj dla turysty z\u00a0got\u00f3wk\u0105 i\u00a0nie boj\u0105cego si\u0119 wyzwa\u0144<\/p>\n<p>     <img decoding=\"async\" src=\"https:\/\/www.europesays.com\/pl\/wp-content\/uploads\/2026\/01\/ZTNmOTY0dTUvDzlndkt4IGxXbT0wEnZ2O091dnZTdWd9WnksaAlqZGELJjg8Qj8kIUMoJixAOyM-Qz84dlEqPWEbfns9WSkkIgw2.jpeg\" width=\"3376\" height=\"1900\" loading=\"lazy\" class=\"wp-media-image\" alt=\" \" data-lightbox=\"true\"\/>   \u00a9 w\u0142asne | K\u015a <\/p>\n<p>W grudniu w\u0142adze zdecydowa\u0142y si\u0119 na urealnienie kursu peso wzgl\u0119dem dolara i\u00a0euro, de facto zr\u00f3wnuj\u0105c kurs oficjalny z\u00a0czarnorynkowym. Ponownie zacz\u0119\u0142y dzia\u0142a\u0107 pa\u0144stwowe kantory, gdzie kurs wymiany to oko\u0142o 470 peso za jedno euro. To na pewno u\u0142atwi \u017cycie turystom, ale czy poprawi \u015bci\u0105galno\u015b\u0107 tzw. twardej waluty z\u00a0rynku?<\/p>\n<p>Tak naprawd\u0119 to jest krok do pe\u0142nej dolaryzacji kraju, bo peso kuba\u0144skie jest papierem bezwarto\u015bciowym, wa\u017cnym tylko na Kubie. Z\u00a0jednej strony jest to krok w\u00a0dobrym kierunku, bo dzi\u0119ki temu b\u0119dzie wi\u0119kszy obieg dolara i\u00a0w\u00a0taki spos\u00f3b zlikwiduje si\u0119 najgorsz\u0105 rzecz dla gospodarki, czyli czarny rynek. A\u00a0z\u00a0drugiej, to skuteczna kontrola obiegu walut wymienialnych. A\u00a0Kuba ich potrzebuje, \u017ceby m\u00f3c za got\u00f3wk\u0119 kupowa\u0107 produkty na rynku mi\u0119dzynarodowym.<\/p>\n<p>Pami\u0119tajmy, \u017ce z\u00a0powodu sankcji Kuba jest de facto odci\u0119ta od system\u00f3w bankowych. Dlatego powiedzia\u0142am o\u00a0krajach <a href=\"https:\/\/www.money.pl\/wiadomosci\/brics.html\" rel=\"noopener noreferrer nofollow\" target=\"_blank\">BRICS<\/a>, z\u00a0kt\u00f3rymi wci\u0105\u017c jeszcze mo\u017ce prowadzi\u0107 swobodn\u0105 wymian\u0119 i\u00a0liczy\u0107 na wsparcie. Tylko pytanie, ile mo\u017cna Kubie pomaga\u0107, bo Chiny pomaga\u0142y, Rosja pomaga\u0142a, Wenezuela pomaga\u0142a. Teraz Wenezueli nie ma. Rosja pewnie b\u0119dzie wspiera\u0142a wysp\u0119 jeszcze przez chwil\u0119, ale te\u017c nie rzuci si\u0119 na ratunek, tylko wstrzyma oddech i\u00a0b\u0119dzie obserwowa\u0107, w\u00a0jakim kierunku rozwinie si\u0119 sytuacja na Karaibach.<\/p>\n<p>Kuba traci te\u017c sojusznik\u00f3w w\u00a0regionie, partia MAS przegra\u0142a w\u00a0Boliwii, Argentyn\u0119 od Peronist\u00f3w przej\u0105\u0142 libertarianin Javier Mieli, stron\u0119 zmieni\u0142y te\u017c m.in. Ekwador, Panama, Salwador. To pewnie odbije si\u0119 chocia\u017cby na kuba\u0144skich misjach medycznych, z\u00a0kt\u00f3rych Kuba r\u00f3wnie\u017c czerpie doch\u00f3d.<\/p>\n<p>Te kraje boj\u0105 si\u0119 Trumpa, maj\u0105 za du\u017ce zwi\u0105zki ekonomiczne i\u00a0finansowe ze Stanami Zjednoczonymi. To ju\u017c nie s\u0105 przelewki. A\u00a0Trump rzeczywi\u015bcie wykaza\u0142 si\u0119 skuteczno\u015bci\u0105. Te kraje nie mog\u0105 sobie pozwoli\u0107 np. na zamro\u017cenie ich aktyw\u00f3w. Kuba w\u00a0odpowiedzi mo\u017ce natomiast zacie\u015bni\u0107 relacje z\u00a0<a href=\"https:\/\/www.money.pl\/wiadomosci\/afryka.html\" rel=\"noopener noreferrer nofollow\" target=\"_blank\">krajami Afryki<\/a>, np. Angol\u0105 czy Nigeri\u0105 i\u00a0tam wys\u0142a\u0107 lekarzy i\u00a0nauczycieli wracaj\u0105cych z\u00a0kraj\u00f3w dotychczas sojuszniczych w\u00a0Ameryce \u0141aci\u0144skiej.\u00a0<\/p>\n<p>Sankcje to argument, na kt\u00f3ry cz\u0119sto powo\u0142uj\u0105 si\u0119 w\u0142adze Kuby, obarczaj\u0105c za kryzys gospodarczy Stany Zjednoczone. Czy Kuba\u0144czycy s\u0105 jeszcze podatni na antyameryka\u0144sk\u0105 narracj\u0119, \u017ce to blokada dusi gospodark\u0119? Nawet je\u015bli jest to narracja prawdziwa.<\/p>\n<p>Kuba\u0144czyk, kt\u00f3ry ma dzi\u015b mniej ni\u017c 40 lat, urodzony po 1980 roku, ju\u017c nie widzia\u0142 Fidela Castro w\u00a0telewizji, nie uczestniczy\u0142 w\u00a0o\u015bmiogodzinnych przem\u00f3wieniach, podchodzi kompletnie inaczej do \u015bwiata zachodniego. Cz\u0119sto ma rodzin\u0119 za granic\u0105 i\u00a0dostaje przekazy pieni\u0119\u017cne, podchodzi do \u017cycia bardzo pragmatycznie i\u00a0my\u015bli o\u00a0prze\u017cyciu kolejnego dnia. Wi\u0119c ten ideologiczny przekaz do niego nie trafia. Tego &#8222;betonu&#8221; ideologicznego na Kubie jest dzisiaj bardzo ma\u0142o i\u00a0jest obecny przede wszystkim w\u00a0si\u0142ach zbrojnych i\u00a0partii. Tam podtrzymuje si\u0119 narracj\u0119 antyameryka\u0144sk\u0105. Ju\u017c nawet Komitety Obrony Rewolucji (CDR) nie maj\u0105 dzisiaj takiego wp\u0142ywu jak jeszcze dekad\u0119 temu.<\/p>\n<p>     <img decoding=\"async\" src=\"https:\/\/www.europesays.com\/pl\/wp-content\/uploads\/2026\/01\/N2YzMzJiYVM4GDtJZRJsRntAbxMjS2IQLFh3WGUKYQFvSX4CeF12BnYcJBYvGytCNlQqCD8ZL0UpVD0WZQg-W3YMfFUuAD1CNRs0.jpeg\" width=\"3633\" height=\"2484\" loading=\"lazy\" class=\"wp-media-image\" alt=\" \" data-lightbox=\"true\"\/>   \u00a9 w\u0142asne | K\u015a <\/p>\n<p>Jednym z\u00a0najwi\u0119kszych or\u0119downik\u00f3w stosowania sankcji wobec Kuby jest Marco Rubio, sekretarz stanu USA. Na ile jest on ideowcem, kt\u00f3ry zrobi wszystko, aby obali\u0107 komunizm na Kubie, a\u00a0na ile to pragmatyczny polityk, kt\u00f3ry by\u0142by sk\u0142onny rozmawia\u0107 np. z\u00a0kuba\u0144sk\u0105 armi\u0105?<\/p>\n<p>Analizuj\u0105c jego wypowiedzi dla hiszpa\u0144skoj\u0119zycznej prasy, wnosz\u0119, \u017ce jest bardziej koncyliacyjny w\u00a0por\u00f3wnaniu do <a href=\"https:\/\/www.money.pl\/wiadomosci\/donald-trump.html\" rel=\"noopener noreferrer nofollow\" target=\"_blank\">Donalda Trumpa<\/a>. A\u00a0opr\u00f3cz wypowiedzi trzeba jeszcze wzi\u0105\u0107 pod uwag\u0119 r\u00f3\u017cne dokumenty, np. Strategi\u0119 Bezpiecze\u0144stwa Narodowego USA. Ta strategia nie ogranicza si\u0119 do Karaib\u00f3w. Chodzi w\u00a0niej o\u00a0kontrol\u0119 ca\u0142ej hemisfery zachodniej, kt\u00f3rej Kuba jest tylko elementem. Dlatego my\u015bl\u0119, \u017ce tutaj pragmatyzm Marca Rubio we\u017amie g\u00f3r\u0119 nad jego zacietrzewieniem w\u00a0walce z\u00a0castryzmem.<\/p>\n<p>Czy to nie wywo\u0142a sprzeciwu w\u015br\u00f3d najtwardszej antycastrowskiej diaspory kuba\u0144skiej skupionej na Florydzie, wi\u0119kszej i\u00a0silniejszej ni\u017c ta wenezuelska?<\/p>\n<p>Trzeba pami\u0119ta\u0107, \u017ce &#8222;z\u0142ota diaspora&#8221;, kt\u00f3ra wyjecha\u0142a z\u00a0Kuby w\u00a0latach 1959-1961, to emigracja sprzed 65 lat. Ci maj\u0119tni, a\u00a0jednocze\u015bnie najbardziej zacietrzewieni politycznie emigranci obecnie ju\u017c nie \u017cyj\u0105. Ich dzieci mog\u0105 mie\u0107 ten sam sentyment do przedrewolucyjnej Kuby, ale te\u017c s\u0105 du\u017co bardziej pragmatyczne. Podobnie jak imigranci z\u00a0kolejnych fal migracyjnych w\u00a0latach 80 i\u00a090. XX wieku, czyli osoby wychowane ju\u017c na rewolucyjnej Kubie Fidela Castro.  <\/p>\n<p>     <img decoding=\"async\" src=\"https:\/\/www.europesays.com\/pl\/wp-content\/uploads\/2026\/01\/YjAzZDE0dgsgGCx3akt7HmNAeC0sEnVINFhgZmpTdll5T2M8dwFuW24cMyggQjwaLlQ9NjBAOB0xVCooalEpA24Ma2shWSoaLRsj.jpeg\" width=\"3859\" height=\"2171\" loading=\"lazy\" class=\"wp-media-image\" alt=\" \" data-lightbox=\"true\"\/>   \u00a9 w\u0142asne | K\u015a <\/p>\n<p>W ostatniej publikacji postawi\u0142a pani tez\u0119, \u017ce na Kubie zrywy rewolucyjne w\u00a0XX wieku zawsze by\u0142y przeciwko dominacji zagranicznej lub oligarchii. Czy obecnie na Kubie jest ten \u0142adunek spo\u0142eczny do buntu przeciw w\u0142adzy, jednak suwerennej?<\/p>\n<p>Tak i\u00a0to pokaza\u0142y zar\u00f3wno protesty z\u00a0lipca 2021 roku, jak r\u00f3wnie\u017c te zesz\u0142oroczne. Ale o\u00a0ile protesty w\u00a02021 roku mia\u0142y pod\u0142o\u017ce polityczno-ekonomiczne, to te ostatnie by\u0142y ju\u017c typowo ekonomiczne. <\/p>\n<p>Rozmawia\u0142 Karol \u015awierkot, dziennikarz Wirtualnej Polski<\/p>\n","protected":false},"excerpt":{"rendered":"Karol \u015awierkot, Wirtualna Polska: Donald Trump, pytany o\u00a0sytuacj\u0119 na Kubie po interwencji w\u00a0Wenezueli i\u00a0obaleniu Nicolasa Maduro, stwierdzi\u0142, \u017ce&hellip;\n","protected":false},"author":2,"featured_media":197561,"comment_status":"","ping_status":"","sticky":false,"template":"","format":"standard","meta":{"footnotes":""},"categories":[14],"tags":[32,33,27,34,35,28,31,25,40,41,80,29,30,26,82,83,84],"class_list":{"0":"post-197560","1":"post","2":"type-post","3":"status-publish","4":"format-standard","5":"has-post-thumbnail","7":"category-swiat","8":"tag-breaking-news","9":"tag-breakingnews","10":"tag-headlines","11":"tag-latest-news","12":"tag-latestnews","13":"tag-naglowki","14":"tag-najwazniejsze-artykuly","15":"tag-news","16":"tag-polish","17":"tag-polski","18":"tag-swiat","19":"tag-top-stories","20":"tag-topstories","21":"tag-wiadomosci","22":"tag-world","23":"tag-world-news","24":"tag-worldnews"},"share_on_mastodon":{"url":"https:\/\/pubeurope.com\/@pl\/115870492697722931","error":""},"_links":{"self":[{"href":"https:\/\/www.europesays.com\/pl\/wp-json\/wp\/v2\/posts\/197560","targetHints":{"allow":["GET"]}}],"collection":[{"href":"https:\/\/www.europesays.com\/pl\/wp-json\/wp\/v2\/posts"}],"about":[{"href":"https:\/\/www.europesays.com\/pl\/wp-json\/wp\/v2\/types\/post"}],"author":[{"embeddable":true,"href":"https:\/\/www.europesays.com\/pl\/wp-json\/wp\/v2\/users\/2"}],"replies":[{"embeddable":true,"href":"https:\/\/www.europesays.com\/pl\/wp-json\/wp\/v2\/comments?post=197560"}],"version-history":[{"count":0,"href":"https:\/\/www.europesays.com\/pl\/wp-json\/wp\/v2\/posts\/197560\/revisions"}],"wp:featuredmedia":[{"embeddable":true,"href":"https:\/\/www.europesays.com\/pl\/wp-json\/wp\/v2\/media\/197561"}],"wp:attachment":[{"href":"https:\/\/www.europesays.com\/pl\/wp-json\/wp\/v2\/media?parent=197560"}],"wp:term":[{"taxonomy":"category","embeddable":true,"href":"https:\/\/www.europesays.com\/pl\/wp-json\/wp\/v2\/categories?post=197560"},{"taxonomy":"post_tag","embeddable":true,"href":"https:\/\/www.europesays.com\/pl\/wp-json\/wp\/v2\/tags?post=197560"}],"curies":[{"name":"wp","href":"https:\/\/api.w.org\/{rel}","templated":true}]}}