{"id":197611,"date":"2026-01-10T11:40:08","date_gmt":"2026-01-10T11:40:08","guid":{"rendered":"https:\/\/www.europesays.com\/pl\/197611\/"},"modified":"2026-01-10T11:40:08","modified_gmt":"2026-01-10T11:40:08","slug":"viki-gabor-w-ogniu-pytan-o-slub-mam-wrazenie-ze-nikogo-to-nie-obchodzi","status":"publish","type":"post","link":"https:\/\/www.europesays.com\/pl\/197611\/","title":{"rendered":"Viki Gabor w ogniu pyta\u0144 o \u015blub. &#8222;Mam wra\u017cenie, \u017ce nikogo to nie obchodzi&#8221;"},"content":{"rendered":"<p class=\"Paragraph_desktopParagraph__U31Gm\">Informacja o <a href=\"https:\/\/plejada.pl\/newsy\/bogdan-trojanek-wydal-oswiadczenie-po-slubie-viki-gabor-ja-sie-tego-boje\/0ndg67v\" id=\"491ce87e-ce49-4cc9-a4cc-46fe78099872\" rel=\"nofollow noopener\" target=\"_blank\">romskich za\u015blubinach Viki Gabor<\/a> i jej partnera Giovaniego \u2014 wnuka znanego muzyka i dzia\u0142acza <a href=\"https:\/\/plejada.pl\/newsy\/bogdan-trojanek-wydal-oswiadczenie-po-slubie-viki-gabor-ja-sie-tego-boje\/0ndg67v\" id=\"9d7efd80-1927-456e-883a-4496c6d65352\" rel=\"nofollow noopener\" target=\"_blank\">Bogdana Trojanka<\/a> \u2014 wywo\u0142a\u0142a w Polsce ogromne poruszenie. O wydarzeniu jako pierwszy poinformowa\u0142 w\u0142a\u015bnie Bogdan Trojanek, publikuj\u0105c relacj\u0119 z wydarzenia. Wiele os\u00f3b czeka\u0142o a\u017c Viki Gabor zabierze g\u0142os na temat w\u0142asnego \u015blubu. 18-letnia artystka pojawi\u0142a si\u0119 w sobot\u0119 na antenie &#8222;<a href=\"https:\/\/plejada.pl\/temat\/dzien-dobry-tvn\/wd8ew6d\" id=\"9ee948b9-d441-4794-b945-b0b9096c7508\" rel=\"nofollow noopener\" target=\"_blank\">Dzie\u0144 dobry TVN<\/a>&#8222;. Prowadz\u0105cy <a href=\"https:\/\/plejada.pl\/temat\/damian-michalowski\/etvgypt\" id=\"15910d2f-ee8e-40c1-8f71-7e426f6183c7\" rel=\"nofollow noopener\" target=\"_blank\">Damian Micha\u0142owski<\/a> i <a href=\"https:\/\/plejada.pl\/temat\/paulina-krupinska\/blrkwd9\" id=\"e5b67415-bacb-4ba7-8ebc-06fa5e68a6b8\" rel=\"nofollow noopener\" target=\"_blank\">Paulina Krupi\u0144ska<\/a> najpierw zapytali m\u0142od\u0105 artystk\u0119 o muzyczne plany na nowy rok. <\/p>\n<blockquote>\n<p class=\"Paragraph_desktopParagraph__U31Gm\">Mam plany. No du\u017co nowo\u015bci muzycznych. Ca\u0142y czas co\u015b tworz\u0119, siedz\u0119 w studio, nagrywam, wi\u0119c tak naprawd\u0119 zacz\u0105\u0142 si\u0119 rok, ale jest chyba bardziej intensywny ni\u017c ten poprzedni, wi\u0119c jest du\u017co pracy. No i my\u015bl\u0119, \u017ce du\u017co nowo\u015bci za nied\u0142ugo <\/p>\n<\/blockquote>\n<p class=\"Paragraph_desktopParagraph__U31Gm\">\u2014 zacz\u0119\u0142a Viki Gabor. <\/p>\n<ul class=\"OchatFollowUps_wrapper__1ry7X\">\n<li class=\"OchatFollowUps_item__Dhyly OchatFollowUps_itemDesktop__R6aBv\">Dlaczego Viki Gabor nie m\u00f3wi o swoim \u015blubie?<\/li>\n<li class=\"OchatFollowUps_item__Dhyly OchatFollowUps_itemDesktop__R6aBv\">Jakie s\u0105 plany muzyczne Viki Gabor na nowy rok?<\/li>\n<li class=\"OchatFollowUps_item__Dhyly OchatFollowUps_itemDesktop__R6aBv\">Czy Viki Gabor czyta komentarze na sw\u00f3j temat?<\/li>\n<li class=\"OchatFollowUps_item__Dhyly OchatFollowUps_itemDesktop__R6aBv\">Co Viki Gabor my\u015bli o odnalezieniu swojej po\u0142\u00f3wki?<\/li>\n<\/ul>\n<p>Viki Gabor w ogniu pyta\u0144 o \u015blub. Zareagowa\u0142a na pytanie o mi\u0142o\u015b\u0107 <\/p>\n<p class=\"Paragraph_desktopParagraph__U31Gm\">Nast\u0119pnie prowadz\u0105cy przeszli do medialnej burzy wok\u00f3\u0142 jej \u017cycia prywatnego. \u2014 Ca\u0142e to zamieszanie, kt\u00f3re wybuch\u0142o w ci\u0105gu ostatnich tygodni wok\u00f3\u0142 ciebie, ono pomaga w tworzeniu tego vibe&#8217;u? Czy jednak my\u015blisz sobie, dajcie mi w ko\u0144cu \u015bwi\u0119ty spok\u00f3j, to jest moje \u017cycie? \u2014 zapyta\u0142 Damian Micha\u0142owski.<\/p>\n<blockquote>\n<p class=\"Paragraph_desktopParagraph__U31Gm\">Ja totalnie nawet nie zwraca\u0142am na to uwagi. Mam strasznie du\u017co roboty na g\u0142owie i du\u017co pracuj\u0119 <\/p>\n<\/blockquote>\n<p class=\"Paragraph_desktopParagraph__U31Gm\">\u2014 odpowiedzia\u0142a Viki Gabor.<\/p>\n<p><img decoding=\"async\" class=\"Image_image__0tuHp Image_autoHeight__f2n87 \" height=\"526\" width=\"940\" src=\"https:\/\/www.europesays.com\/pl\/wp-content\/uploads\/2026\/01\/m4Hk9kpTURBXy82NGNiYmIyMzcyYjMxZDcxZGIxNGQ3YWZjNGNhMjZjMi5wbmeSlQLNA6wAwsOVAgDNAkvCw94AA6EwAaExAaEzw.jpeg\" alt=\"Viki Gabor w &quot;dzie\u0144 dobry TVN&quot;\" loading=\"lazy\" \/>player.pl\/ddtvn<\/p>\n<p>Viki Gabor w &#8222;dzie\u0144 dobry TVN&#8221;<\/p>\n<p class=\"Paragraph_desktopParagraph__U31Gm\">Paulina Krupi\u0144ska dopytywa\u0142a, czy piosenkarka omija nag\u0142\u00f3wki na portalach po zamieszaniu z jej udzia\u0142em. \u2014 Ja tego nie czytam \u2014 odpowiedzia\u0142a kr\u00f3tko Viki Gabor. Prezenterka zauwa\u017cy\u0142a te\u017c, \u017ce artystka &#8222;skasowa\u0142a ca\u0142y sw\u00f3j Instagram&#8221;. \u2014 To te\u017c jest plan. To by\u0142o ju\u017c zaplanowane par\u0119 miesi\u0119cy przed sylwestrem, wi\u0119c to nie wysz\u0142o tak po prostu. Jest to cz\u0119\u015bci\u0105 mojego planu \u2014 wyja\u015bni\u0142a wokalistka.<\/p>\n<p><img decoding=\"async\" class=\"Image_image__0tuHp Image_autoHeight__f2n87 \" height=\"527\" width=\"940\" src=\"https:\/\/www.europesays.com\/pl\/wp-content\/uploads\/2026\/01\/Wigk9kpTURBXy9iYTEwZDljYjdjZDVlNmMwNTdjZWZjODNlN2U4N2VmNS5wbmeSlQLNA6wAwsOVAgDNAkvCw94AA6EwAaExAaEzw.jpeg\" alt=\"Viki Gabor w &quot;dzie\u0144 dobry TVN&quot;\" loading=\"lazy\" \/>player.pl\/ddtvn<\/p>\n<p>Viki Gabor w &#8222;dzie\u0144 dobry TVN&#8221;<\/p>\n<p class=\"Paragraph_desktopParagraph__U31Gm\">Wreszcie pad\u0142o najwa\u017cniejsze pytanie \u2014 to o jej emocje zwi\u0105zane ze \u015blubem i fal\u0105 komentarzy. <\/p>\n<blockquote>\n<p class=\"Paragraph_desktopParagraph__U31Gm\">Nie wiem. No s\u0142uchajcie, jestem szcz\u0119\u015bliwa i my\u015bl\u0119, \u017ce to jest najwa\u017cniejsze. Ja na przyk\u0142ad jestem takim typem osoby, kt\u00f3ra nie m\u00f3wi za bardzo o swoim \u017cyciu prywatnym, bo my\u015bl\u0119, \u017ce ka\u017cda osoba chce zachowa\u0107 swoj\u0105 prywatno\u015b\u0107. Tym bardziej, \u017ce ja mam wra\u017cenie, \u017ce nikogo to nie obchodzi. Tworz\u0119 muzyk\u0119 i jestem tu po to, \u017ceby \u015bpiewa\u0107, \u017ceby pisa\u0107, a nie \u017ceby m\u00f3wi\u0107 o tym, jak b\u0119dzie wygl\u0105da\u0107 m\u00f3j \u015blub<\/p>\n<\/blockquote>\n<p class=\"Paragraph_desktopParagraph__U31Gm\"> \u2014 uci\u0119\u0142a temat.<\/p>\n<p class=\"Paragraph_desktopParagraph__U31Gm\">Mimo to Paulina Krupi\u0144ska jeszcze raz spr\u00f3bowa\u0142a. \u2014 M\u00f3wisz, \u017ce nie czytasz, ale pewnie dochodz\u0105 do ciebie te informacje, \u017ce ludzie komentuj\u0105 twoje wybory, twoje \u017cycie prywatne, to co teraz by\u015b chcia\u0142a powiedzie\u0107?<\/p>\n<blockquote>\n<p class=\"Paragraph_desktopParagraph__U31Gm\">Nie wiem. No trzymam za was wszystkich bardzo mocno kciuki. I chcia\u0142abym, \u017ceby\u015bcie byli szcz\u0119\u015bliwi w \u017cyciu. My\u015bl\u0119, \u017ce to jest bardzo wa\u017cne, \u017ceby odnale\u017a\u0107 swoj\u0105 po\u0142\u00f3wk\u0119, bo ka\u017cdy cz\u0142owiek tego potrzebuje. Wi\u0119c no co ja mog\u0119 powiedzie\u0107? Trzymam kciuki <\/p>\n<\/blockquote>\n<p class=\"Paragraph_desktopParagraph__U31Gm\">\u2014 odpowiedzia\u0142a Viki Gabor.<\/p>\n<p class=\"Paragraph_desktopParagraph__U31Gm\">Na koniec pad\u0142o pytanie, kt\u00f3re zamkn\u0119\u0142o temat jednym kr\u00f3tkim zdaniem. \u2014 A Ty odnalaz\u0142a\u015b? \u2014 spyta\u0142 z u\u015bmiechem Damian Micha\u0142owski. \u2014 Tak \u2014 odpar\u0142a kr\u00f3tko piosenkarka.<\/p>\n<p><img decoding=\"async\" class=\"Image_image__0tuHp Image_autoHeight__f2n87 \" height=\"525\" width=\"940\" src=\"https:\/\/www.europesays.com\/pl\/wp-content\/uploads\/2026\/01\/8VVk9kpTURBXy9mY2RmNzYwZTdjNGFkOGMwMDg0NDNjNjk5M2YxOTU2ZS5wbmeSlQLNA6wAwsOVAgDNAkvCw94AA6EwAaExAaEzw.jpeg\" alt=\"Viki Gabor w &quot;dzie\u0144 dobry TVN&quot;\" loading=\"lazy\" \/>player.pl\/ddtvn<\/p>\n<p>Viki Gabor w &#8222;dzie\u0144 dobry TVN&#8221;<\/p>\n<p class=\"Paragraph_desktopParagraph__U31Gm\">Dzi\u0119kujemy, \u017ce przeczyta\u0142a\u015b\/e\u015b nasz artyku\u0142 do ko\u0144ca. W serwisie Plejada.pl ka\u017cdego dnia piszemy o najwa\u017cniejszych wydarzeniach show-biznesowych. B\u0105d\u017a na bie\u017c\u0105co! <a rel=\"nofollow noopener\" href=\"https:\/\/profile.google.com\/cp\/Cg0vZy8xMWJ6X19wdHBx\" id=\"c130f955-d9a1-4071-b5a5-13fd3dd39c56\" target=\"_blank\">Obserwuj<\/a> Plejad\u0119 w Google. Odwied\u017a nas tak\u017ce na <a rel=\"nofollow noopener\" href=\"https:\/\/www.facebook.com\/plejadapl\" id=\"66109ac5-e555-4858-9371-8e6f798aac4d\" target=\"_blank\">Facebooku<\/a>, <a rel=\"nofollow noopener\" href=\"https:\/\/www.instagram.com\/plejadapl\/\" id=\"42bcda30-257b-42bc-946a-24da16bd07b0\" target=\"_blank\">Instagramie<\/a>, <a rel=\"nofollow noopener\" href=\"https:\/\/www.youtube.com\/c\/plejada\" id=\"ceb7d7c5-3b85-4ce8-95e3-f75594756e08\" target=\"_blank\">YouTubie<\/a> oraz <a rel=\"nofollow noopener\" href=\"https:\/\/www.tiktok.com\/@plejada_pl\" id=\"4d211e8a-b23c-4a89-96a4-f8113dcba8f7\" target=\"_blank\">TikToku<\/a>.<\/p>\n<p class=\"Paragraph_desktopParagraph__U31Gm\">Chcesz podzieli\u0107 si\u0119 ciekawym newsem lub zaproponowa\u0107 temat? Skontaktuj si\u0119 z nami, pisz\u0105c maila na adres: <a href=\"https:\/\/www.onet.pl\/styl-zycia\/plejada\/viki-gabor-w-ogniu-pytan-o-slub-mam-wrazenie-ze-nikogo-to-nie-obchodzi\/mailto:plejada@redakcjaonet.pl\" id=\"f2223e15-b248-4988-b6f7-5a1e7e3b90f2\" rel=\"nofollow noopener\" target=\"_blank\">plejada@redakcjaon<\/a><a rel=\"nofollow noopener\" href=\"http:\/\/et.pl\" id=\"bfa6b1a0-249b-4651-8bab-ea646f2c34ac\" target=\"_blank\">et.pl<\/a>.<\/p>\n<p><script async src=\"\/\/www.instagram.com\/embed.js\"><\/script><script async src=\"\/\/www.tiktok.com\/embed.js\"><\/script><\/p>\n","protected":false},"excerpt":{"rendered":"Informacja o romskich za\u015blubinach Viki Gabor i jej partnera Giovaniego \u2014 wnuka znanego muzyka i dzia\u0142acza Bogdana Trojanka&hellip;\n","protected":false},"author":2,"featured_media":197612,"comment_status":"","ping_status":"","sticky":false,"template":"","format":"standard","meta":{"footnotes":""},"categories":[22],"tags":[244,32156,3109,122,67,53,52,68,51,2236,55,42,38,40,39,41,123,47,2114,196,65,50,2027],"class_list":{"0":"post-197611","1":"post","2":"type-post","3":"status-publish","4":"format-standard","5":"has-post-thumbnail","7":"category-rozrywka","8":"tag-ctr_tst","9":"tag-damian_michalowski","10":"tag-dzien_dobry_tvn_program_tv","11":"tag-entertainment","12":"tag-intextvideo_splayer","13":"tag-new_header","14":"tag-onet3","15":"tag-onet3d","16":"tag-onet3d_2i","17":"tag-paulina_krupinska","18":"tag-phx","19":"tag-pl","20":"tag-poland","21":"tag-polish","22":"tag-polska","23":"tag-polski","24":"tag-rozrywka","25":"tag-screening_general","26":"tag-slub_sluby","27":"tag-styl_zycia","28":"tag-update_me","29":"tag-v2021","30":"tag-viki_gabor"},"share_on_mastodon":{"url":"https:\/\/pubeurope.com\/@pl\/115870618351507055","error":""},"_links":{"self":[{"href":"https:\/\/www.europesays.com\/pl\/wp-json\/wp\/v2\/posts\/197611","targetHints":{"allow":["GET"]}}],"collection":[{"href":"https:\/\/www.europesays.com\/pl\/wp-json\/wp\/v2\/posts"}],"about":[{"href":"https:\/\/www.europesays.com\/pl\/wp-json\/wp\/v2\/types\/post"}],"author":[{"embeddable":true,"href":"https:\/\/www.europesays.com\/pl\/wp-json\/wp\/v2\/users\/2"}],"replies":[{"embeddable":true,"href":"https:\/\/www.europesays.com\/pl\/wp-json\/wp\/v2\/comments?post=197611"}],"version-history":[{"count":0,"href":"https:\/\/www.europesays.com\/pl\/wp-json\/wp\/v2\/posts\/197611\/revisions"}],"wp:featuredmedia":[{"embeddable":true,"href":"https:\/\/www.europesays.com\/pl\/wp-json\/wp\/v2\/media\/197612"}],"wp:attachment":[{"href":"https:\/\/www.europesays.com\/pl\/wp-json\/wp\/v2\/media?parent=197611"}],"wp:term":[{"taxonomy":"category","embeddable":true,"href":"https:\/\/www.europesays.com\/pl\/wp-json\/wp\/v2\/categories?post=197611"},{"taxonomy":"post_tag","embeddable":true,"href":"https:\/\/www.europesays.com\/pl\/wp-json\/wp\/v2\/tags?post=197611"}],"curies":[{"name":"wp","href":"https:\/\/api.w.org\/{rel}","templated":true}]}}