{"id":197621,"date":"2026-01-10T11:46:17","date_gmt":"2026-01-10T11:46:17","guid":{"rendered":"https:\/\/www.europesays.com\/pl\/197621\/"},"modified":"2026-01-10T11:46:17","modified_gmt":"2026-01-10T11:46:17","slug":"a-jednak-papszun-skreslil-kolejnego-pilkarza-www-polsatsport-pl","status":"publish","type":"post","link":"https:\/\/www.europesays.com\/pl\/197621\/","title":{"rendered":"A jednak! Papszun skre\u015bli\u0142 kolejnego pi\u0142karza &#8211; www.polsatsport.pl"},"content":{"rendered":"<ol>\n<li><a href=\"https:\/\/news.google.com\/rss\/articles\/CBMimAFBVV95cUxNcGE1QUttSDBSWTQtbmUwNnVKdEtvWDc5U24yUGxacl9Zb2dJaUhVN1RpM3M2VUlTWmhwU3gtQjc5bHZsT09aQjR1dG81a2UxNUE0alU4cTR4TkdERUZWZ1ZaemIyNDZjWTJXdU1PWDRFNDVOUVdkS1J2WDZpcUcxSUs1TzVpOWhiWnAzb0ZoZnJsbFVLQWd6ZA?oc=5\" target=\"_blank\" rel=\"nofollow noopener\">A jednak! Papszun skre\u015bli\u0142 kolejnego pi\u0142karza<\/a>&nbsp;&nbsp;www.polsatsport.pl<\/li>\n<li><a href=\"https:\/\/news.google.com\/rss\/articles\/CBMixgFBVV95cUxQMWtCZGZ0c2RsWHJFSVlpdzNOYjJtb01hRm1QeWhkWUJSaF9ITWhaMmhSLWY2bGRxWEJmS1A0Tm5adDRnUk5OLWM5TTlFUlNrcWQyZ2laSVU2WmVHbk1BbW5WMmRZNWxwN1d3cG9YUkRoWVlyOXV2NmdrOVZqUXQ0MnozQ0ZKMFUweWZRTzBlaURuVXg2LWw1RVh2R0FOdlRmejZBdDl3T0l1d1J5YmVEeGpjaUFJZ1U2TkxRM1VZOEZZeDgyVmc?oc=5\" target=\"_blank\" rel=\"nofollow noopener\">Czystki Papszuna trwaj\u0105. Kolejny zawodnik odstawiony. Trener Legii bezwzgl\u0119dny<\/a>&nbsp;&nbsp;Sport w INTERIA.PL<\/li>\n<li><a href=\"https:\/\/news.google.com\/rss\/articles\/CBMitgFBVV95cUxNZ0ZlbUstaWZpYVgyMG54cjdnelFTS0hoSjR4RlQ3c0MyU0ptTFRydTNDUGx0a1VSUy02MlJWbUwxNklUNEQzTGpQTU5Hazg4c2c1T3FyYWdWV2JqM3FHdEpwc0VuandqdFJCdHJneU9GR3dDZlpOMlNNQjJOVE94WDV0UzhiWEo4azhEM3Y3eVhqYVc4Q3QwLUlMeWQ5LUxmMzVrOFlkTVRWU0VaWUtrakZMN3RRQQ?oc=5\" target=\"_blank\" rel=\"nofollow noopener\">Czystki w Legii Warszawa. Marek Papszun zadecydowa\u0142<\/a>&nbsp;&nbsp;Przegl\u0105d Sportowy Onet<\/li>\n<li><a href=\"https:\/\/news.google.com\/rss\/articles\/CBMinwFBVV95cUxPME52SXE5aUlza2NEbGQ3Vjl3OEZrbWJwMGRWem91akF2TUcwX0Y1bXBtOEFaQ2w3aWp5a2kzdWJySVBscTdHdXY5SGh3RFRWNVZyTjNheE5iOFpIX0xicS1OZmNYdnRUNEJ6TnpYNDBkX3RqWXJ1ZHhQVTRTazRXNldwMXZhTjFXcXJ0Tk5iNjhzOUFPWE92RHhYN2hRMU0?oc=5\" target=\"_blank\" rel=\"nofollow noopener\">Bramkarz na wylocie z Legii. Mo\u017ce trafi\u0107 do II ligi<\/a>&nbsp;&nbsp;Meczyki.pl<\/li>\n<li><a href=\"https:\/\/news.google.com\/rss\/articles\/CBMinAFBVV95cUxQY1NZZHpoSGhwY0dSd01yUzl0bnFsZmlnUkNFZnE5em5ha1ZoVS1nUGJlUjVMWXpRQmN3aExTTmp4UkhxcjlXYmNCdjBkd1p5bkVKektVV2drbFBSNl9IWDdIRjFMbzhCeHRfSTkxSy1MeDJfSkQ1WmlvZTdqVV9USktFaDhuWi00MENtLTRtd09ISTN3WjlMaGZwZlY?oc=5\" target=\"_blank\" rel=\"nofollow noopener\">Marcel Mendes-Dudzi\u0144ski nie pojedzie na zgrupowanie do Hiszpanii<\/a>&nbsp;&nbsp;Legia.Net<\/li>\n<\/ol>\n","protected":false},"excerpt":{"rendered":"A jednak! Papszun skre\u015bli\u0142 kolejnego pi\u0142karza&nbsp;&nbsp;www.polsatsport.pl Czystki Papszuna trwaj\u0105. Kolejny zawodnik odstawiony. Trener Legii bezwzgl\u0119dny&nbsp;&nbsp;Sport w INTERIA.PL Czystki&hellip;\n","protected":false},"author":2,"featured_media":159137,"comment_status":"","ping_status":"","sticky":false,"template":"","format":"standard","meta":{"footnotes":""},"categories":[24],"tags":[42,38,40,39,41,127,126],"class_list":{"0":"post-197621","1":"post","2":"type-post","3":"status-publish","4":"format-standard","5":"has-post-thumbnail","7":"category-sport","8":"tag-pl","9":"tag-poland","10":"tag-polish","11":"tag-polska","12":"tag-polski","13":"tag-sport","14":"tag-sports"},"share_on_mastodon":{"url":"https:\/\/pubeurope.com\/@pl\/115870642038348911","error":""},"_links":{"self":[{"href":"https:\/\/www.europesays.com\/pl\/wp-json\/wp\/v2\/posts\/197621","targetHints":{"allow":["GET"]}}],"collection":[{"href":"https:\/\/www.europesays.com\/pl\/wp-json\/wp\/v2\/posts"}],"about":[{"href":"https:\/\/www.europesays.com\/pl\/wp-json\/wp\/v2\/types\/post"}],"author":[{"embeddable":true,"href":"https:\/\/www.europesays.com\/pl\/wp-json\/wp\/v2\/users\/2"}],"replies":[{"embeddable":true,"href":"https:\/\/www.europesays.com\/pl\/wp-json\/wp\/v2\/comments?post=197621"}],"version-history":[{"count":0,"href":"https:\/\/www.europesays.com\/pl\/wp-json\/wp\/v2\/posts\/197621\/revisions"}],"wp:featuredmedia":[{"embeddable":true,"href":"https:\/\/www.europesays.com\/pl\/wp-json\/wp\/v2\/media\/159137"}],"wp:attachment":[{"href":"https:\/\/www.europesays.com\/pl\/wp-json\/wp\/v2\/media?parent=197621"}],"wp:term":[{"taxonomy":"category","embeddable":true,"href":"https:\/\/www.europesays.com\/pl\/wp-json\/wp\/v2\/categories?post=197621"},{"taxonomy":"post_tag","embeddable":true,"href":"https:\/\/www.europesays.com\/pl\/wp-json\/wp\/v2\/tags?post=197621"}],"curies":[{"name":"wp","href":"https:\/\/api.w.org\/{rel}","templated":true}]}}