{"id":197687,"date":"2026-01-10T12:40:14","date_gmt":"2026-01-10T12:40:14","guid":{"rendered":"https:\/\/www.europesays.com\/pl\/197687\/"},"modified":"2026-01-10T12:40:14","modified_gmt":"2026-01-10T12:40:14","slug":"sebastian-m-broni-sie-prywatna-ekspertyza-bieglego-rodziny-sa-zszokowane","status":"publish","type":"post","link":"https:\/\/www.europesays.com\/pl\/197687\/","title":{"rendered":"Sebastian M. broni si\u0119 prywatn\u0105 ekspertyz\u0105 bieg\u0142ego. Rodziny s\u0105 zszokowane"},"content":{"rendered":"<p class=\"article-p\" data-section=\"detail-body\">Przed S\u0105dem Rejonowym w Piotrkowie Trybunalskim od wrze\u015bnia ubieg\u0142ego roku toczy si\u0119 proces Sebastiana M. Zdaniem prokuratury 16 wrze\u015bnia 2023 r. doprowadzi\u0142 on do wypadku, w kt\u00f3rym zgin\u0119\u0142a trzyosobowa rodzina wracaj\u0105ca do Myszkowa z urlopu nad morzem. Martyna (\u202037 l.), Oliwier (\u20205 l.) i Patryk (\u202039 l.) nie mieli szans na ratunek. Zgin\u0119li w p\u0142on\u0105cym aucie. Powodem wypadku ma by\u0107 nadmierna pr\u0119dko\u015b\u0107 bmw kierowanego przez Sebastiana M. Jecha\u0142 on ponad 300 km\/H. Oskar\u017conemu grozi 8 lat wi\u0119zienia.<\/p>\n<p>        Sebastian M. zeznaje: kierowca kii nigdy nie powinien porusza\u0107 si\u0119 po autostradzie<\/p>\n<p class=\"article-p\" data-section=\"detail-body\">Podczas ostatniej rozprawy (8 stycznia br.) milcz\u0105cy dot\u0105d podejrzany o spowodowanie tragedii sprzed dw\u00f3ch lat, zabra\u0142 g\u0142os. To, co us\u0142ysza\u0142y rodziny, okre\u015bli\u0142y jako &#8222;szkaluj\u0105ce paszkwile i k\u0142amstwa&#8221;.<\/p>\n<p class=\"article-p\" data-section=\"detail-body\">\u2014 Ko\u0142o mia\u0142o zerwan\u0105 opon\u0119, kierowca kii z takim ko\u0142em nigdy nie powinien porusza\u0107 si\u0119 po autostradzie \u2014 grzmia\u0142 oskar\u017cony, powo\u0142uj\u0105c si\u0119 na opini\u0119 swego eksperta. Dowodzi\u0142, \u017ce to Patryk B. (\u2020 39 l.) kierowca kii jad\u0105c na kole dojazdowym, przekroczy\u0142 pr\u0119dko\u015b\u0107 i zajecha\u0142 mu drog\u0119. Zarzuci\u0142 prokuraturze stronniczo\u015b\u0107, omijanie krytycznych fakt\u00f3w decyduj\u0105cych o przebiegu wypadku. Sebastian M. i jego obrona domagaj\u0105 si\u0119 dopuszczenia przez s\u0105d opinii prywatnego bieg\u0142ego i uwzgl\u0119dnienia nowych wniosk\u00f3w dowodowych.<\/p>\n<p class=\"article-p\" data-section=\"detail-body\">Zap\u0142akane matki ofiar wypadku uczestnicz\u0105ce w rozprawie, nie mog\u0142y opanowa\u0107 zdenerwowania. Chwil\u0119 wcze\u015bniej, zanim pad\u0142y oskar\u017cycielskie tony z ust Sebastiana M. , s\u0142ysza\u0142y dramatyczne relacje \u015bwiadk\u00f3w, kt\u00f3rzy pr\u00f3bowali ratowa\u0107 ich dzieci z p\u0142on\u0105cego auta. \u2014 Jest to pr\u00f3ba rozmycia odpowiedzialno\u015bci i przerzucenia ci\u0119\u017caru za to zdarzenie na nie\u017cyj\u0105cego kierowc\u0119, kt\u00f3ry nie mo\u017ce si\u0119 broni\u0107 i nie mo\u017ce przyj\u015b\u0107 na t\u0119 sal\u0119 i nie mo\u017ce si\u0119 skonfrontowa\u0107 z oskar\u017conym, bo nie \u017cyje \u2014 m\u00f3wi\u0142 mecenas \u0141ukasz Kowalski, pe\u0142nomocnik rodzin ofiar wypadku.<\/p>\n<p>        Sebastian M. podwa\u017ca protok\u00f3\u0142 ogl\u0119dzin miejsca wypadku<\/p>\n<p class=\"article-p\" data-section=\"detail-body\"><a href=\"https:\/\/www.fakt.pl\/wydarzenia\/polska\/lodz\/proces-sebastiana-m-to-oni-jechali-z-oskarzonym-zaskakujace-zeznania\/htjeshc\" id=\"43a10b3e-f81e-4c7e-856c-63087f513037\" rel=\"nofollow noopener\" target=\"_blank\">Sebastian M. od chwili tragicznego zdarzenia<\/a> twierdzi\u0142, \u017ce kierowca kii zajecha\u0142 mu drog\u0119. Po ponad dw\u00f3ch latach swoj\u0105 tez\u0119 uzupe\u0142ni\u0142 o nowe szczeg\u00f3\u0142y. Teraz, jak powo\u0142uje si\u0119 na swojego eksperta, Patryk B. prowadzi\u0142 auto z zamontowanym ko\u0142em dojazdowym, w kt\u00f3rym p\u0119k\u0142a opona. To mia\u0142o spowodowa\u0107, \u017ce zajecha\u0142 drog\u0119 bmw, prowadzonemu przez Sebastiana M., doprowadzaj\u0105c do zderzenia. Na miejscu wypadku, jak dowodzi\u0142 oskar\u017cony i jego obro\u0144czyni, znaleziono ko\u0142o dojazdowe z kii, kt\u00f3rego nie badano. Sebastian M. wytyka \u015bledczym nierzetelne wykonanie szkicu roboczego z miejsca wypadku. Podwa\u017ca protok\u00f3\u0142 ogl\u0119dzin, bo nie odzwierciedla on jego zdaniem \u015blad\u00f3w na jezdni, kt\u00f3re mia\u0142a pozostawi\u0107 kia. Zdaniem oskar\u017conego, odczyt \u015blad\u00f3w przedwypadkowych tego pojazdu nie zosta\u0142 wykonany bezpo\u015brednio u producenta, KIA Polska, co mog\u0142o mie\u0107 wp\u0142yw na odczyt danych. Mecenas Katarzyna Hebda, obro\u0144czyni Sebastiana M. uwa\u017ca, \u017ce ko\u0142o dojazdowe nie wypada tak sobie z pojazdu. \u2014 Je\u015bli mamy w\u0105tpliwo\u015bci, zbadajmy to \u2014 zwraca\u0142a si\u0119 do s\u0105du o uwzgl\u0119dnienie opinii powo\u0142anego przez swojego klienta bieg\u0142ego.<\/p>\n<p>        Prokurator twierdzi, \u017ce bieg\u0142y Sebastiana M. stwarza w\u0105tpliwo\u015bci bez podstaw i manipuluje faktami<\/p>\n<p class=\"article-p\" data-section=\"detail-body\">Prokurator Aleksander Duda zwr\u00f3ci\u0142 uwag\u0119 obronie i oskar\u017conemu, \u017ce biegli powo\u0142ani przez prokuratur\u0119 z zakresu rekonstrukcji wypadk\u00f3w zapoznali si\u0119 z ca\u0142o\u015bci\u0105 zgromadzonych dowod\u00f3w i na ich podstawie wydali opinie.<\/p>\n<p class=\"article-p\" data-section=\"detail-body\">\u2014 Ich ustalenia s\u0105 jasne i nie budz\u0105 \u017cadnych w\u0105tpliwo\u015bci. Opieraj\u0105 si\u0119 na ca\u0142o\u015bci materia\u0142u dowodowego, a nie na wyrwanych z kontekstu elementach, kt\u00f3re s\u0142u\u017c\u0105 do budowania teorii, co do kt\u00f3rej nie ma \u017cadnych dowod\u00f3w \u2014 stwierdza prokurator Aleksander Duda. \u2014 Oskar\u017cony ma prawo przeczyta\u0107, cokolwiek mu si\u0119 podoba. Wybra\u0142 sobie z prywatnej ekspertyzy te elementy, kt\u00f3re mu si\u0119 najbardziej przydaj\u0105 do tworzenia swojej wersji \u2014 doda\u0142 \u015bledczy.<\/p>\n<p class=\"article-p\" data-section=\"detail-body\">Prokurator zwr\u00f3ci\u0142 uwag\u0119 na jeszcze jeden bardzo wa\u017cny szczeg\u00f3\u0142: \u2014 O skali wybi\u00f3rczo\u015bci tej opinii \u015bwiadczy\u0107 mo\u017ce, chocia\u017cby ten fragment, w kt\u00f3rym autor zestawia wynik trze\u017awo\u015bci oskar\u017conego z wynikiem kieruj\u0105cego samochodem kia, kt\u00f3ry jeszcze dodatkowo wyt\u0142u\u015bci\u0142, pr\u00f3buj\u0105c tworzy\u0107 w\u0105tpliwo\u015b\u0107 co do trze\u017awo\u015bci prowadz\u0105cego samoch\u00f3d kia \u2014 m\u00f3wi\u0142 wyra\u017anie oburzony prokurator Duda. \u2014 U kierowcy kii pojawi\u0142 si\u0119 dodatni wynik zawarto\u015bci alkoholu, podobne wyniki mia\u0142a pasa\u017cerka i dziecko, a jest to zwi\u0105zane ze zmianami po\u015bmiertnymi \u2014 wyja\u015bnia Aleksander Duda. W ciele ofiar po\u015bmiertnie obecny by\u0142 alkohol endogenny, wytwarzany w czasie proces\u00f3w zachodz\u0105cych w zw\u0142okach.<\/p>\n<p>        Ustalenia prokuratury maj\u0105 wyklucza\u0107 tezy domniemanego sprawcy wypadku<\/p>\n<p class=\"article-p\" data-section=\"detail-body\">Opinia eksperta Sebastian M. jest sprzeczna z wnioskami prokuratury. Ustalenia prokuratury i opinie powo\u0142anych przez ni\u0105 bieg\u0142ych, na podstawie kt\u00f3rych oskar\u017cono Sebastiana M., wykluczaj\u0105, by kierowca kii jecha\u0142 na kole dojazdowym. Z aktu oskar\u017cenia wynika, \u017ce kia uleg\u0142a ca\u0142kowitemu spaleniu i deformacji po uderzeniu. Zniszczone lub spalone by\u0142y ko\u0142a i opony pojazdu. Auto mia\u0142o wgniecenia si\u0119gaj\u0105ce metra w g\u0142\u0105b. Charakter uszkodze\u0144 \u015bwiadczy\u0142 o tym, \u017ce uderzenia mia\u0142o miejsce w tylnej, lewej cz\u0119\u015bci pojazdu, co mo\u017ce wskazywa\u0107, \u017ce ko\u0142o dojazdowe po prostu wypad\u0142o po zderzeniu. Tak te\u017c wyja\u015bnia\u0142 podczas rozprawy prokurator Duda.<\/p>\n<p class=\"article-p\" data-section=\"detail-body\">Biegli ustalili, \u017ce tor jazdy kierowcy kii by\u0142 prawid\u0142owy. To Sebastian M. na sekund\u0119 przed zderzeniem zacz\u0105\u0142 gwa\u0142towne manewry kierownic\u0105, bo na \u0142uku drogi zje\u017cd\u017ca\u0142 na \u015brodkowy pas, kt\u00f3rym jecha\u0142a kia. Uruchomi\u0142y si\u0119 w bmw systemy naprowadzania i utrzymania auta na drodze. Sebastian M. pr\u00f3bowa\u0142 powstrzyma\u0107 nieuniknione zderzenie, o czym \u015bwiadcz\u0105 \u015blady hamowania i znoszenia bmw na jezdni.<\/p>\n<p>        Sebastian M. dokona\u0142 nielegalnych modyfikacji auta?<\/p>\n<p class=\"article-p\" data-section=\"detail-body\">Wed\u0142ug ustale\u0144 bieg\u0142ych Sebastian M. jecha\u0142 z pr\u0119dko\u015bci\u0105 ponad 300 km\/H. Nie by\u0142 w stanie zatrzyma\u0107 pojazdu, by unikn\u0105\u0107 zderzenia. Jego bmw nie mia\u0142o homologacji. Jak czytamy w akcie oskar\u017cenia, Sebastian M. dokona\u0142 modyfikacji i mia\u0142 usun\u0105\u0107 fabryczne ustawienia, by osi\u0105ga\u0107 niczym nieograniczone pr\u0119dko\u015bci. Sam zamontowa\u0142 antyradar, co jest niedozwolone.<\/p>\n<p class=\"article-p\" data-section=\"detail-body\">&#8222;Skrajne przekroczenie dopuszczalnej pr\u0119dko\u015bci, przeprowadzone przez Sebastiana M. modyfikacje, bezpo\u015brednio przyczyni\u0142y si\u0119 do spowodowania przez niego wypadku&#8221; \u2014 czytamy w akcie oskar\u017cenia. Pojazd Sebastiana M. w chwili wypadku nie by\u0142 wyposa\u017cony w opony, kt\u00f3rych producent dopuszcza\u0142by jazd\u0119 z pr\u0119dko\u015bci\u0105 ponad 300 km\/H. &#8222;Tak zmodyfikowany pojazd nie by\u0142 obj\u0119ty homologacj\u0105 producenta, a co za tym idzie, nie powinien by\u0142 uczestniczy\u0107 w ruchu, poniewa\u017c stwarza\u0142 realne zagro\u017cenie dla bezpiecze\u0144stwa w ruchu drogowym&#8221; \u2014 podsumowuje prokurator Aleksander Duda w akcie oskar\u017cenia.<\/p>\n<p class=\"article-p\" data-section=\"detail-body\">S\u0119dzia Renata Folkman prowadz\u0105ca spraw\u0119 Sebastiana M. nie podj\u0119\u0142a decyzji na rozprawie, czy dopu\u015bci wnioski dowodowe obrony i oskar\u017conego. Da\u0142a s\u0105dowi czas do chwili przes\u0142uchania wszystkich \u015bwiadk\u00f3w. Jest ich jeszcze 20.<\/p>\n<p class=\"article-p\" data-section=\"detail-body\"><a href=\"https:\/\/www.fakt.pl\/wydarzenia\/polska\/lodz\/swiadek-o-tragedii-na-a1-ludzie-sie-palili-a-my-nie-moglismy-nic-zrobic\/7svjq65\" id=\"12a438da-517b-4de2-9d21-db39338a10e5\" rel=\"nofollow noopener\" target=\"_blank\">&#8222;Ludzie palili si\u0119 \u017cywcem, nie mogli\u015bmy nic zrobi\u0107&#8221; . Wstrz\u0105saj\u0105ce zeznania \u015bwiadka w procesie Sebastiana M.<\/a><\/p>\n<p class=\"article-p\" data-section=\"detail-body\"><a href=\"https:\/\/www.fakt.pl\/wydarzenia\/polska\/lodz\/proces-sebastiana-m-wymowny-gest-matki-oskarzonego\/egyjb3n\" id=\"8382c06b-4df2-4de9-bea2-7e489f4f8297\" rel=\"nofollow noopener\" target=\"_blank\">Rozpocz\u0105\u0142 si\u0119 proces Sebastiana M. Wymowny gest matki oskar\u017conego <\/a><\/p>\n","protected":false},"excerpt":{"rendered":"Przed S\u0105dem Rejonowym w Piotrkowie Trybunalskim od wrze\u015bnia ubieg\u0142ego roku toczy si\u0119 proces Sebastiana M. Zdaniem prokuratury 16&hellip;\n","protected":false},"author":2,"featured_media":197688,"comment_status":"","ping_status":"","sticky":false,"template":"","format":"standard","meta":{"footnotes":""},"categories":[12],"tags":[32,33,36,37,27,34,35,28,31,25,42,38,40,39,41,29,30,26],"class_list":{"0":"post-197687","1":"post","2":"type-post","3":"status-publish","4":"format-standard","5":"has-post-thumbnail","7":"category-polska","8":"tag-breaking-news","9":"tag-breakingnews","10":"tag-featured-news","11":"tag-featurednews","12":"tag-headlines","13":"tag-latest-news","14":"tag-latestnews","15":"tag-naglowki","16":"tag-najwazniejsze-artykuly","17":"tag-news","18":"tag-pl","19":"tag-poland","20":"tag-polish","21":"tag-polska","22":"tag-polski","23":"tag-top-stories","24":"tag-topstories","25":"tag-wiadomosci"},"share_on_mastodon":{"url":"https:\/\/pubeurope.com\/@pl\/115870854229102548","error":""},"_links":{"self":[{"href":"https:\/\/www.europesays.com\/pl\/wp-json\/wp\/v2\/posts\/197687","targetHints":{"allow":["GET"]}}],"collection":[{"href":"https:\/\/www.europesays.com\/pl\/wp-json\/wp\/v2\/posts"}],"about":[{"href":"https:\/\/www.europesays.com\/pl\/wp-json\/wp\/v2\/types\/post"}],"author":[{"embeddable":true,"href":"https:\/\/www.europesays.com\/pl\/wp-json\/wp\/v2\/users\/2"}],"replies":[{"embeddable":true,"href":"https:\/\/www.europesays.com\/pl\/wp-json\/wp\/v2\/comments?post=197687"}],"version-history":[{"count":0,"href":"https:\/\/www.europesays.com\/pl\/wp-json\/wp\/v2\/posts\/197687\/revisions"}],"wp:featuredmedia":[{"embeddable":true,"href":"https:\/\/www.europesays.com\/pl\/wp-json\/wp\/v2\/media\/197688"}],"wp:attachment":[{"href":"https:\/\/www.europesays.com\/pl\/wp-json\/wp\/v2\/media?parent=197687"}],"wp:term":[{"taxonomy":"category","embeddable":true,"href":"https:\/\/www.europesays.com\/pl\/wp-json\/wp\/v2\/categories?post=197687"},{"taxonomy":"post_tag","embeddable":true,"href":"https:\/\/www.europesays.com\/pl\/wp-json\/wp\/v2\/tags?post=197687"}],"curies":[{"name":"wp","href":"https:\/\/api.w.org\/{rel}","templated":true}]}}