{"id":197759,"date":"2026-01-10T13:36:10","date_gmt":"2026-01-10T13:36:10","guid":{"rendered":"https:\/\/www.europesays.com\/pl\/197759\/"},"modified":"2026-01-10T13:36:10","modified_gmt":"2026-01-10T13:36:10","slug":"awaria-w-tvp-problemy-z-vod-strona-i-streamem-tvp-info","status":"publish","type":"post","link":"https:\/\/www.europesays.com\/pl\/197759\/","title":{"rendered":"Awaria w TVP. Problemy z VOD, stron\u0105 i streamem TVP Info"},"content":{"rendered":"<p class=\"typography ids-typeset-body ids-typeset-body--preset-large link paragraph ids-paragraph ids-paragraph--default\">Wygl\u0105da na to, \u017ce po ok. 4 godzinach prac TVP upora\u0142o si\u0119 z problemami &#8211; strona internetowa, TVP VOD i transmisja TVP Info na \u017cywo ju\u017c dzia\u0142aj\u0105.<\/p>\n<p class=\"typography ids-typeset-body ids-typeset-body--preset-large link paragraph ids-paragraph ids-paragraph--default\">Przekaz TVP Info na YouTube zako\u0144czy\u0142 si\u0119 o godzinie 9:21, a u\u017cytkownicy pr\u00f3buj\u0105cy ogl\u0105da\u0107 programy, seriale czy transmisje na \u017cywo w serwisie TVP VOD napotykali komunikaty o b\u0142\u0119dzie &#8211; podobne witaj\u0105 te\u017c podczas pr\u00f3b wej\u015bcia na stron\u0119. Nieoficjalnie wiadomo, \u017ce przyczyn\u0105 problem\u00f3w jest awaria infrastruktury internetowej Telewizji Polskiej.<\/p>\n<p class=\"typography ids-typeset-body ids-typeset-body--preset-large link paragraph ids-paragraph ids-paragraph--default\">Mimo trudno\u015bci w Internecie, TVP Info w emisji naziemnej, kablowej i satelitarnej nadawa\u0142o bez przerwy, jednak ze wzgl\u0119du na ograniczenia techniczne w sieci, ram\u00f3wka kana\u0142u zosta\u0142a w tym czasie cz\u0119\u015bciowo zmieniona.<\/p>\n<p class=\"typography ids-typeset-body ids-typeset-body--preset-large link paragraph ids-paragraph ids-paragraph--default\">Awaria dotkn\u0119\u0142a zar\u00f3wno u\u017cytkownik\u00f3w korzystaj\u0105cych z przegl\u0105darek, jak i z urz\u0105dze\u0144 mobilnych, uniemo\u017cliwiaj\u0105c dost\u0119p do materia\u0142\u00f3w na \u017c\u0105danie i transmisji na \u017cywo. Telewizja Polska nie poda\u0142a jeszcze oficjalnego komunikatu w sprawie czasu przywr\u00f3cenia pe\u0142nej funkcjonalno\u015bci serwis\u00f3w internetowych.<\/p>\n<p class=\"typography ids-typeset-body ids-typeset-body--preset-large link paragraph ids-paragraph ids-paragraph--default\">Cz\u0119\u015b\u0107 u\u017cytkownik\u00f3w nie kryje oburzenia sytuacj\u0105, zarzucaj\u0105c TVP brak informacji o awarii. Jak mo\u017cemy przeczyta\u0107 w komentarzu jednego z nich &#8211; aloj w serwisie Wirtualne Media:<\/p>\n<blockquote role=\"blockquote\" class=\"quote ids-quote ids-quote--nosurface--short--medium\"><p>Nareszcie wiem czemu mi nie dzia\u0142a TVP VOD , powinni jednak powiadomi\u0107 o awarii , ludzie abonamenty kupuj\u0105 ,\u017ceby ogl\u0105da\u0107 i mie\u0107 rzetelne info!!! (pisownia oryginalna &#8211; red.).<\/p><\/blockquote>\n<p>Psy-roboty dla os\u00f3b z demencj\u0105. Reaguj\u0105 na dotyk i polecenia g\u0142osowe2026 Associated Press<\/p>\n<p><a class=\"ids-undecorated-link source ids-page-info--source__link\" href=\"https:\/\/www.interia.pl\" rel=\"nofollow noopener\" target=\"_blank\"><img decoding=\"async\" class=\"ids-image-holder__img\" loading=\"lazy\" alt=\"\" title=\"\" height=\"24px\" src=\"https:\/\/www.europesays.com\/pl\/wp-content\/uploads\/2026\/01\/1767782590_880_0009A60QQ5I2TYF7-C202-F4.webp.webp\"\/><\/a><\/p>\n<p>Masz sugestie, uwagi albo widzisz b\u0142\u0105d? Napisz do nas<\/p>\n<p>Zapisz si\u0119 na geekweekowy newsletter i \u0142ap naj\u015bwie\u017csze newsy ze \u015bwiata tech, lifehacki, porady i ciekawostki.<\/p>\n","protected":false},"excerpt":{"rendered":"Wygl\u0105da na to, \u017ce po ok. 4 godzinach prac TVP upora\u0142o si\u0119 z problemami &#8211; strona internetowa, TVP&hellip;\n","protected":false},"author":2,"featured_media":197760,"comment_status":"","ping_status":"","sticky":false,"template":"","format":"standard","meta":{"footnotes":""},"categories":[12],"tags":[32,33,36,37,27,34,35,28,31,25,42,38,40,39,41,29,30,26],"class_list":{"0":"post-197759","1":"post","2":"type-post","3":"status-publish","4":"format-standard","5":"has-post-thumbnail","7":"category-polska","8":"tag-breaking-news","9":"tag-breakingnews","10":"tag-featured-news","11":"tag-featurednews","12":"tag-headlines","13":"tag-latest-news","14":"tag-latestnews","15":"tag-naglowki","16":"tag-najwazniejsze-artykuly","17":"tag-news","18":"tag-pl","19":"tag-poland","20":"tag-polish","21":"tag-polska","22":"tag-polski","23":"tag-top-stories","24":"tag-topstories","25":"tag-wiadomosci"},"share_on_mastodon":{"url":"https:\/\/pubeurope.com\/@pl\/115871074396878518","error":""},"_links":{"self":[{"href":"https:\/\/www.europesays.com\/pl\/wp-json\/wp\/v2\/posts\/197759","targetHints":{"allow":["GET"]}}],"collection":[{"href":"https:\/\/www.europesays.com\/pl\/wp-json\/wp\/v2\/posts"}],"about":[{"href":"https:\/\/www.europesays.com\/pl\/wp-json\/wp\/v2\/types\/post"}],"author":[{"embeddable":true,"href":"https:\/\/www.europesays.com\/pl\/wp-json\/wp\/v2\/users\/2"}],"replies":[{"embeddable":true,"href":"https:\/\/www.europesays.com\/pl\/wp-json\/wp\/v2\/comments?post=197759"}],"version-history":[{"count":0,"href":"https:\/\/www.europesays.com\/pl\/wp-json\/wp\/v2\/posts\/197759\/revisions"}],"wp:featuredmedia":[{"embeddable":true,"href":"https:\/\/www.europesays.com\/pl\/wp-json\/wp\/v2\/media\/197760"}],"wp:attachment":[{"href":"https:\/\/www.europesays.com\/pl\/wp-json\/wp\/v2\/media?parent=197759"}],"wp:term":[{"taxonomy":"category","embeddable":true,"href":"https:\/\/www.europesays.com\/pl\/wp-json\/wp\/v2\/categories?post=197759"},{"taxonomy":"post_tag","embeddable":true,"href":"https:\/\/www.europesays.com\/pl\/wp-json\/wp\/v2\/tags?post=197759"}],"curies":[{"name":"wp","href":"https:\/\/api.w.org\/{rel}","templated":true}]}}