{"id":197781,"date":"2026-01-10T13:50:07","date_gmt":"2026-01-10T13:50:07","guid":{"rendered":"https:\/\/www.europesays.com\/pl\/197781\/"},"modified":"2026-01-10T13:50:07","modified_gmt":"2026-01-10T13:50:07","slug":"alert-rcb-na-dwoch-krancach-polski-zachowaj-ostroznosc","status":"publish","type":"post","link":"https:\/\/www.europesays.com\/pl\/197781\/","title":{"rendered":"Alert RCB na dw\u00f3ch kra\u0144cach Polski. &#8222;Zachowaj ostro\u017cno\u015b\u0107&#8221;"},"content":{"rendered":"<p class=\"ods-c-paragraph \">Alert RCB dotyczy wojew\u00f3dztw: pomorskiego, a tak\u017ce cz\u0119\u015bci zachodniopomorskiego, kujawsko-pomorskiego oraz warmi\u0144sko-mazurskiego na p\u00f3\u0142nocy. W po\u0142udniowej cz\u0119\u015bci kraju zagro\u017conych jest kilka powiat\u00f3w woj. ma\u0142opolskiego i \u015bl\u0105skiego.<\/p>\n<p> Jakie wojew\u00f3dztwa obejmuje alert RCB? <\/p>\n<p> Jakie warunki pogodowe s\u0105 przewidywane w zwi\u0105zku z alertem? <\/p>\n<p> Jakie jest ryzyko zwi\u0105zane z opadami \u015bniegu na Pomorzu? <\/p>\n<p> Jakie s\u0105 prognozy temperatur w najbli\u017cszych dniach? <\/p>\n<p class=\"ods-c-paragraph \">Nad Polsk\u0119 <a href=\"https:\/\/wiadomosci.onet.pl\/pogoda\/pilne-alerty-imgw-nadciagaja-sniezyce-i-wichury-spadnie-az-50-cm-sniegu\/0g0n0sn\" id=\"c70f2a5e-a111-4c63-bbfa-81e7f518125e\" rel=\"nofollow noopener\" target=\"_blank\">nadchodz\u0105 intensywne opady \u015bniegu<\/a>, silny wiatr oraz zawieje i zamiecie \u015bnie\u017cne. Bia\u0142ego puchu dosypie niemal wsz\u0119dzie, ale szczeg\u00f3lnie niebezpieczna sytuacja mo\u017ce mie\u0107 miejsce na Pomorzu. IMGW wyda\u0142 ostrze\u017cenia drugiego stopnia i zapowiada, \u017ce punktowo pokrywa \u015bnie\u017cna zwi\u0119kszy si\u0119 tam a\u017c o p\u00f3\u0142 metra.<\/p>\n<p class=\"ods-c-paragraph \">Przed nami r\u00f3wnie\u017c ostatnie dni surowej pogody przed odwil\u017c\u0105. Wygl\u0105da jednak na to, \u017ce <a href=\"https:\/\/wiadomosci.onet.pl\/pogoda\/temperatura-moze-spasc-do-25-st-c-najwieksze-mrozy-sa-dopiero-przed-nami\/7j1584m\" id=\"19b25363-d962-41f0-88a8-df9497dc6b42\" rel=\"nofollow noopener\" target=\"_blank\">b\u0119d\u0105 to zarazem najzimniejsze chwile<\/a> w czasie obecnego ataku zimy, a by\u0107 mo\u017ce nawet ca\u0142ego sezonu. Niewykluczone, \u017ce temperatura spadnie nawet do -23\/-20 st. C, a przy gruncie do ok. -25 st. C. Szczeg\u00f3lnie niskie warto\u015bci przewidywane s\u0105 na wschodzie kraju. Na zachodzie s\u0142upki rt\u0119ci poka\u017c\u0105 du\u017co wi\u0119cej.<\/p>\n","protected":false},"excerpt":{"rendered":"Alert RCB dotyczy wojew\u00f3dztw: pomorskiego, a tak\u017ce cz\u0119\u015bci zachodniopomorskiego, kujawsko-pomorskiego oraz warmi\u0144sko-mazurskiego na p\u00f3\u0142nocy. W po\u0142udniowej cz\u0119\u015bci kraju&hellip;\n","protected":false},"author":2,"featured_media":97591,"comment_status":"","ping_status":"","sticky":false,"template":"","format":"standard","meta":{"footnotes":""},"categories":[12],"tags":[8252,32,33,36,37,27,49,34,35,28,31,48,25,46,24695,42,78,38,40,39,41,8250,47,7312,29,30,26,3648],"class_list":{"0":"post-197781","1":"post","2":"type-post","3":"status-publish","4":"format-standard","5":"has-post-thumbnail","7":"category-polska","8":"tag-alert_rcb","9":"tag-breaking-news","10":"tag-breakingnews","11":"tag-featured-news","12":"tag-featurednews","13":"tag-headlines","14":"tag-kraj","15":"tag-latest-news","16":"tag-latestnews","17":"tag-naglowki","18":"tag-najwazniejsze-artykuly","19":"tag-nat_styl","20":"tag-news","21":"tag-omp","22":"tag-opady_sniegu","23":"tag-pl","24":"tag-pogoda","25":"tag-poland","26":"tag-polish","27":"tag-polska","28":"tag-polski","29":"tag-rcb","30":"tag-screening_general","31":"tag-snieg","32":"tag-top-stories","33":"tag-topstories","34":"tag-wiadomosci","35":"tag-wszystkie_miasta_bloczek_regionalny_wiadomosci"},"share_on_mastodon":{"url":"https:\/\/pubeurope.com\/@pl\/115871129492659354","error":""},"_links":{"self":[{"href":"https:\/\/www.europesays.com\/pl\/wp-json\/wp\/v2\/posts\/197781","targetHints":{"allow":["GET"]}}],"collection":[{"href":"https:\/\/www.europesays.com\/pl\/wp-json\/wp\/v2\/posts"}],"about":[{"href":"https:\/\/www.europesays.com\/pl\/wp-json\/wp\/v2\/types\/post"}],"author":[{"embeddable":true,"href":"https:\/\/www.europesays.com\/pl\/wp-json\/wp\/v2\/users\/2"}],"replies":[{"embeddable":true,"href":"https:\/\/www.europesays.com\/pl\/wp-json\/wp\/v2\/comments?post=197781"}],"version-history":[{"count":0,"href":"https:\/\/www.europesays.com\/pl\/wp-json\/wp\/v2\/posts\/197781\/revisions"}],"wp:featuredmedia":[{"embeddable":true,"href":"https:\/\/www.europesays.com\/pl\/wp-json\/wp\/v2\/media\/97591"}],"wp:attachment":[{"href":"https:\/\/www.europesays.com\/pl\/wp-json\/wp\/v2\/media?parent=197781"}],"wp:term":[{"taxonomy":"category","embeddable":true,"href":"https:\/\/www.europesays.com\/pl\/wp-json\/wp\/v2\/categories?post=197781"},{"taxonomy":"post_tag","embeddable":true,"href":"https:\/\/www.europesays.com\/pl\/wp-json\/wp\/v2\/tags?post=197781"}],"curies":[{"name":"wp","href":"https:\/\/api.w.org\/{rel}","templated":true}]}}