{"id":198002,"date":"2026-01-10T16:20:09","date_gmt":"2026-01-10T16:20:09","guid":{"rendered":"https:\/\/www.europesays.com\/pl\/198002\/"},"modified":"2026-01-10T16:20:09","modified_gmt":"2026-01-10T16:20:09","slug":"calusni-roksana-wegiel-i-kevin-mglej-bryluja-na-premierze","status":"publish","type":"post","link":"https:\/\/www.europesays.com\/pl\/198002\/","title":{"rendered":"Ca\u0142u\u015bni Roksana W\u0119giel i Kevin Mglej bryluj\u0105 na premierze"},"content":{"rendered":"<p>10 stycznia w\u00a0Warszawie odby\u0142 si\u0119 premierowy pokaz &#8222;Miss Moxy. Kocia ekipa&#8221;, podczas kt\u00f3rego ma\u0142\u017conkowie mieli okazj\u0119 po raz pierwszy zobaczy\u0107 efekt swojej pracy na du\u017cym ekranie. Na miejscu zjawi\u0142o si\u0119 r\u00f3wnie\u017c kilka znanych twarzy z\u00a0show-biznesu.<\/p>\n<p>Roksana W\u0119giel z m\u0119\u017cem na premierze<\/p>\n<p>Roksana W\u0119giel jako sta\u0142a bywalczyni salon\u00f3w ka\u017cdorazowo zachwyca styl\u00f3wkami. Tym razem 21-letnia piosenkarka postawi\u0142a na br\u0105z. Mia\u0142a na sobie obcis\u0142\u0105 mini, na kt\u00f3r\u0105 narzuci\u0142a sk\u00f3rzan\u0105 kurtk\u0119, a\u00a0ca\u0142o\u015b\u0107 dope\u0142ni\u0142y szpilki. Z\u00a0kolei Kevin Mglej zaprezentowa\u0142 si\u0119 w\u00a0czarnym komplecie garniturowym. Pod marynark\u0119 za\u0142o\u017cy\u0142 sweter w\u00a0tym samym kolorze. Zakochani nie szcz\u0119dzili sobie czu\u0142o\u015bci na \u015bciance.<\/p>\n<p>Zobacz, kto jeszcze wpad\u0142 na premier\u0119 nowego filmu animowanego.<\/p>\n","protected":false},"excerpt":{"rendered":"10 stycznia w\u00a0Warszawie odby\u0142 si\u0119 premierowy pokaz &#8222;Miss Moxy. Kocia ekipa&#8221;, podczas kt\u00f3rego ma\u0142\u017conkowie mieli okazj\u0119 po raz&hellip;\n","protected":false},"author":2,"featured_media":198003,"comment_status":"","ping_status":"","sticky":false,"template":"","format":"standard","meta":{"footnotes":""},"categories":[22],"tags":[122,42,38,40,39,41,123],"class_list":{"0":"post-198002","1":"post","2":"type-post","3":"status-publish","4":"format-standard","5":"has-post-thumbnail","7":"category-rozrywka","8":"tag-entertainment","9":"tag-pl","10":"tag-poland","11":"tag-polish","12":"tag-polska","13":"tag-polski","14":"tag-rozrywka"},"share_on_mastodon":{"url":"https:\/\/pubeurope.com\/@pl\/115871719261272674","error":""},"_links":{"self":[{"href":"https:\/\/www.europesays.com\/pl\/wp-json\/wp\/v2\/posts\/198002","targetHints":{"allow":["GET"]}}],"collection":[{"href":"https:\/\/www.europesays.com\/pl\/wp-json\/wp\/v2\/posts"}],"about":[{"href":"https:\/\/www.europesays.com\/pl\/wp-json\/wp\/v2\/types\/post"}],"author":[{"embeddable":true,"href":"https:\/\/www.europesays.com\/pl\/wp-json\/wp\/v2\/users\/2"}],"replies":[{"embeddable":true,"href":"https:\/\/www.europesays.com\/pl\/wp-json\/wp\/v2\/comments?post=198002"}],"version-history":[{"count":0,"href":"https:\/\/www.europesays.com\/pl\/wp-json\/wp\/v2\/posts\/198002\/revisions"}],"wp:featuredmedia":[{"embeddable":true,"href":"https:\/\/www.europesays.com\/pl\/wp-json\/wp\/v2\/media\/198003"}],"wp:attachment":[{"href":"https:\/\/www.europesays.com\/pl\/wp-json\/wp\/v2\/media?parent=198002"}],"wp:term":[{"taxonomy":"category","embeddable":true,"href":"https:\/\/www.europesays.com\/pl\/wp-json\/wp\/v2\/categories?post=198002"},{"taxonomy":"post_tag","embeddable":true,"href":"https:\/\/www.europesays.com\/pl\/wp-json\/wp\/v2\/tags?post=198002"}],"curies":[{"name":"wp","href":"https:\/\/api.w.org\/{rel}","templated":true}]}}