{"id":198006,"date":"2026-01-10T16:23:10","date_gmt":"2026-01-10T16:23:10","guid":{"rendered":"https:\/\/www.europesays.com\/pl\/198006\/"},"modified":"2026-01-10T16:23:10","modified_gmt":"2026-01-10T16:23:10","slug":"donald-trump-dostal-prywatna-notatke-zaczal-czytac-ja-na-glos-przed-kamerami","status":"publish","type":"post","link":"https:\/\/www.europesays.com\/pl\/198006\/","title":{"rendered":"Donald Trump dosta\u0142 prywatn\u0105 notatk\u0119. Zacz\u0105\u0142 czyta\u0107 j\u0105 na g\u0142os przed kamerami"},"content":{"rendered":"<p class=\"ods-c-paragraph \">W pi\u0105tek w Bia\u0142ym Domu Donald Trump spotka\u0142 si\u0119 z przedstawicielami bran\u017cy naftowej i gazowej. Wydarzenie by\u0142o transmitowane na \u017cywo. Ameryka\u0144ski prezydent usiad\u0142 pomi\u0119dzy wiceprezydentem J. D. Vancem a sekretarzem stanu USA Marco Rubio.<\/p>\n<p>Dalszy ci\u0105g artyku\u0142u pod materia\u0142em wideo<\/p>\n<p> Co zawiera\u0142a notatka, kt\u00f3r\u0105 Trump przeczyta\u0142 na g\u0142os? <\/p>\n<p> Kto przekaza\u0142 notatk\u0119 Trumpowi? <\/p>\n<p> Co powiedzia\u0142 Trump po przeczytaniu notatki? <\/p>\n<p> Jak zareagowa\u0142 sekretarz energii USA na sytuacj\u0119? <\/p>\n<p class=\"ods-c-paragraph \">W pewnym momencie spotkania drugi z wymienionych polityk\u00f3w przekaza\u0142 kr\u00f3tk\u0105 notatk\u0119 Trumpowi. Rubio podsun\u0105\u0142 kartk\u0119 prezydentowi USA, gdy ten ko\u0144czy\u0142 odpowiada\u0107 na jedno z pyta\u0144. Ameryka\u0144ski przyw\u00f3dca nie zdawa\u0142 sobie jednak sprawy, \u017ce wiadomo\u015b\u0107, kt\u00f3r\u0105 dosta\u0142, by\u0142a skierowana wy\u0142\u0105cznie do niego.<\/p>\n<p>Trump przeczyta\u0142 prywatn\u0105 notatk\u0119 na g\u0142os. &#8222;Chc\u0105 co\u015b przedyskutowa\u0107&#8221;<\/p>\n<p class=\"ods-c-paragraph \">\u2014 Marco w\u0142a\u015bnie da\u0142 mi notatk\u0119. &#8222;Wr\u00f3\u0107 do Chevronu. Chc\u0105 co\u015b przedyskutowa\u0107&#8221;. Prosz\u0119 bardzo, wracam do tematu Chevronu \u2014 powiedzia\u0142 Trump, po czym zacz\u0105\u0142 si\u0119 \u015bmia\u0107. Nast\u0119pnie podzi\u0119kowa\u0142 Rubio za wiadomo\u015b\u0107, klepi\u0105c go po ramieniu.<\/p>\n<p class=\"ods-c-paragraph \">Po chwili siedz\u0105cy obok Rubio sekretarz energii USA Chris Wright sprecyzowa\u0142, \u017ce chodzi o przekazanie aktualnych informacji na temat dzia\u0142a\u0144 firmy z bran\u017cy energetycznej. <a href=\"https:\/\/www.onet.pl\/informacje\/onetwiadomosci\/donald-trump-wygral-kolejna-bitwe-wenezuelski-dyktator-ulega-amerykanom\/g9q9tcr,79cfc278\" id=\"7242200f-76d0-428a-bf4e-ffd08acb0f16\" rel=\"nofollow noopener\" target=\"_blank\">To ona jako jedyna zosta\u0142a zwolniona z embarga i sankcji w Wenezueli na\u0142o\u017conych przez Waszyngton<\/a>.<\/p>\n","protected":false},"excerpt":{"rendered":"W pi\u0105tek w Bia\u0142ym Domu Donald Trump spotka\u0142 si\u0119 z przedstawicielami bran\u017cy naftowej i gazowej. Wydarzenie by\u0142o transmitowane&hellip;\n","protected":false},"author":2,"featured_media":198007,"comment_status":"","ping_status":"","sticky":false,"template":"","format":"standard","meta":{"footnotes":""},"categories":[14],"tags":[32,33,38219,44,27,34,35,5190,28,31,48,25,46,40,41,47,80,29,30,71,26,82,83,84],"class_list":{"0":"post-198006","1":"post","2":"type-post","3":"status-publish","4":"format-standard","5":"has-post-thumbnail","7":"category-swiat","8":"tag-breaking-news","9":"tag-breakingnews","10":"tag-chevron","11":"tag-donald_trump","12":"tag-headlines","13":"tag-latest-news","14":"tag-latestnews","15":"tag-marco_rubio","16":"tag-naglowki","17":"tag-najwazniejsze-artykuly","18":"tag-nat_styl","19":"tag-news","20":"tag-omp","21":"tag-polish","22":"tag-polski","23":"tag-screening_general","24":"tag-swiat","25":"tag-top-stories","26":"tag-topstories","27":"tag-usa","28":"tag-wiadomosci","29":"tag-world","30":"tag-world-news","31":"tag-worldnews"},"share_on_mastodon":{"url":"https:\/\/pubeurope.com\/@pl\/115871731332769090","error":""},"_links":{"self":[{"href":"https:\/\/www.europesays.com\/pl\/wp-json\/wp\/v2\/posts\/198006","targetHints":{"allow":["GET"]}}],"collection":[{"href":"https:\/\/www.europesays.com\/pl\/wp-json\/wp\/v2\/posts"}],"about":[{"href":"https:\/\/www.europesays.com\/pl\/wp-json\/wp\/v2\/types\/post"}],"author":[{"embeddable":true,"href":"https:\/\/www.europesays.com\/pl\/wp-json\/wp\/v2\/users\/2"}],"replies":[{"embeddable":true,"href":"https:\/\/www.europesays.com\/pl\/wp-json\/wp\/v2\/comments?post=198006"}],"version-history":[{"count":0,"href":"https:\/\/www.europesays.com\/pl\/wp-json\/wp\/v2\/posts\/198006\/revisions"}],"wp:featuredmedia":[{"embeddable":true,"href":"https:\/\/www.europesays.com\/pl\/wp-json\/wp\/v2\/media\/198007"}],"wp:attachment":[{"href":"https:\/\/www.europesays.com\/pl\/wp-json\/wp\/v2\/media?parent=198006"}],"wp:term":[{"taxonomy":"category","embeddable":true,"href":"https:\/\/www.europesays.com\/pl\/wp-json\/wp\/v2\/categories?post=198006"},{"taxonomy":"post_tag","embeddable":true,"href":"https:\/\/www.europesays.com\/pl\/wp-json\/wp\/v2\/tags?post=198006"}],"curies":[{"name":"wp","href":"https:\/\/api.w.org\/{rel}","templated":true}]}}