{"id":198008,"date":"2026-01-10T16:24:09","date_gmt":"2026-01-10T16:24:09","guid":{"rendered":"https:\/\/www.europesays.com\/pl\/198008\/"},"modified":"2026-01-10T16:24:09","modified_gmt":"2026-01-10T16:24:09","slug":"prezydent-karol-nawrocki-na-pielgrzymce-z-kibicami-na-jasnej-gorze-krytykowal-politykow","status":"publish","type":"post","link":"https:\/\/www.europesays.com\/pl\/198008\/","title":{"rendered":"Prezydent Karol Nawrocki na pielgrzymce z kibicami na Jasnej G\u00f3rze. Krytykowa\u0142 polityk\u00f3w"},"content":{"rendered":"<ul class=\"typography ids-typeset-body ids-typeset-body--preset-large list ids-list ids-list--unordered ids-list--size-large \" datatype=\"disc\">\n<li class=\"ids-list-item\">\n<p>Prezydent Karol Nawrocki uczestniczy\u0142 w XVIII Patriotycznej Pielgrzymce Kibic\u00f3w na Jasn\u0105 G\u00f3r\u0119, podkre\u015blaj\u0105c swoj\u0105 blisko\u015b\u0107 ze \u015brodowiskiem kibic\u00f3w.<\/p>\n<\/li>\n<li class=\"ids-list-item\">\n<p>Podczas przem\u00f3wienia akcentowa\u0142 chrze\u015bcija\u0144skie warto\u015bci oraz wsp\u00f3lnot\u0119 narodow\u0105, zwracaj\u0105c si\u0119 do kibic\u00f3w z ca\u0142ej Polski.<\/p>\n<\/li>\n<li class=\"ids-list-item\">\n<p>Nawrocki ostro skrytykowa\u0142 dziennikarzy i polityk\u00f3w za niesprawiedliwe oceny kibic\u00f3w, nawo\u0142uj\u0105c do pojednania oraz szacunku i b\u0142ogos\u0142awie\u0144stwa dla Polski.<\/p>\n<\/li>\n<li class=\"ids-list-item\">Wi\u0119cej wa\u017cnych informacji znajdziesz na <a class=\"ids-undecorated-link link ids-link link\" href=\"https:\/\/www.interia.pl\/#utm_source=wydarzenia&amp;utm_medium=bullet&amp;utm_campaign=powrot_z_wew&amp;iwa_source=bullet\" target=\"_blank\" rel=\"nofollow noopener\">stronie g\u0142\u00f3wnej Interii<\/a><\/li>\n<\/ul>\n<p class=\"typography ids-typeset-body ids-typeset-body--preset-large link paragraph ids-paragraph ids-paragraph--default\">W sobot\u0119 do <a href=\"https:\/\/wydarzenia.interia.pl\/tematy-czestochowa,gsbi,6009\" rel=\"nofollow noopener\" target=\"_blank\">Cz\u0119stochowy<\/a> zjechali si\u0119 fani klub\u00f3w pi\u0142karskich z ca\u0142ej Polski. Tegoroczne wydarzenie odbywa si\u0119 pod has\u0142em &#8222;Ciebie Boga Wys\u0142awiajmy&#8221;.<\/p>\n<p class=\"typography ids-typeset-body ids-typeset-body--preset-large link paragraph ids-paragraph ids-paragraph--default\">Jako go\u015b\u0107 specjalny na <a href=\"https:\/\/wydarzenia.interia.pl\/tematy-jasna-gora,gsbi,5987\" rel=\"nofollow noopener\" target=\"_blank\">Jasnej G\u00f3rze<\/a>\u00a0pojawi\u0142 si\u0119 Karol Nawrocki, kt\u00f3ry wzi\u0105\u0142 udzia\u0142 w nabo\u017ce\u0144stwie z okazji corocznej pielgrzymki. Po godzinie 15:00 prezydent przem\u00f3wi\u0142 do zgromadzonych.<\/p>\n<p class=\"typography ids-typeset-body ids-typeset-body--preset-large link paragraph ids-paragraph ids-paragraph--default\">&#8211; Dzi\u015b tutaj jeste\u015bmy, aby pokaza\u0107, \u017ce w obliczu pana Boga, warto\u015bci chrze\u015bcija\u0144skich, kt\u00f3re m\u00f3wi\u0105 o mi\u0142o\u015bci, mi\u0142osierdziu, otwarciu na drugiego cz\u0142owieka, my wszyscy potrafimy by\u0107 razem i m\u00f3wi\u0107 jednym g\u0142osem &#8211; rozpocz\u0105\u0142 Karol Nawrocki.<\/p>\n<p class=\"typography ids-typeset-body ids-typeset-body--preset-large link paragraph ids-paragraph ids-paragraph--default\">Prezydent doda\u0142 r\u00f3wnie\u017c, i\u017c &#8222;pod bia\u0142o-czerwon\u0105 flag\u0105 jest miejsce dla ka\u017cdego&#8221; i wymieni\u0142 po kolei nazwy klub\u00f3w pi\u0142karskich. &#8211; Dla tych kt\u00f3rzy przyjechali z K\u0119dzierzyna-Ko\u017ala, dla kibic\u00f3w <a href=\"https:\/\/wydarzenia.interia.pl\/tematy-wisla,gsbi,5749\" rel=\"nofollow noopener\" target=\"_blank\">Wis\u0142y<\/a>, Cracovi, Arki, Legii, Lecha <a href=\"https:\/\/wydarzenia.interia.pl\/tematy-poznan,gsbi,3526\" rel=\"nofollow noopener\" target=\"_blank\">Pozna\u0144<\/a>, Jagielonii <a href=\"https:\/\/wydarzenia.interia.pl\/tematy-bialystok,gsbi,3587\" rel=\"nofollow noopener\" target=\"_blank\">Bia\u0142ystok<\/a>. Wszystkich Was pozdrawiam &#8211; m\u00f3wi\u0142 Nawrocki.<\/p>\n<p class=\"typography ids-typeset-body ids-typeset-body--preset-large link paragraph ids-paragraph ids-paragraph--default\">&#8211; \u017byjemy dzi\u015b w czasach, w kt\u00f3rych musimy by\u0107 razem. B\u00f3g, Honor i Ojczyzna! &#8211; zwr\u00f3ci\u0142 si\u0119 do kibic\u00f3w prezydent. Po tych s\u0142owach, t\u0142um zacz\u0105\u0142 skandowa\u0107 has\u0142o: &#8222;B\u00f3g, Honor i Ojczyzna!&#8221;.<\/p>\n<p>Jasna G\u00f3ra. Karol Nawrocki do kibic\u00f3w: Jestem jednym z was<\/p>\n<p class=\"typography ids-typeset-body ids-typeset-body--preset-large link paragraph ids-paragraph ids-paragraph--default\"><a href=\"https:\/\/wydarzenia.interia.pl\/tematy-karol-nawrocki,gsbi,5330\" rel=\"nofollow noopener\" target=\"_blank\">Karol Nawrocki<\/a> podzi\u0119kowa\u0142 kibicom, \u017ce tak\u017ce dzi\u0119ki nim uda\u0142o mu si\u0119 wygra\u0107 wybory prezydenckie.<\/p>\n<p class=\"typography ids-typeset-body ids-typeset-body--preset-large link paragraph ids-paragraph ids-paragraph--default\">&#8211; Chc\u0119 Wam z ca\u0142ego serca podzi\u0119kowa\u0107 za wytrwa\u0142o\u015b\u0107. Wiecie, \u017ce jestem jednym z Was. Przyje\u017cd\u017ca\u0142em na pielgrzymk\u0119 patriotyczn\u0105 jako Karol Nawrocki po prostu, przyje\u017cd\u017ca\u0142em jako pracownik IPN, jako dyrektor Muzeum II Wojny \u015awiatowej, jako prezes IPN. W zesz\u0142ym roku przyj\u0119li\u015bcie mnie jako kandydata na urz\u0105d prezydenta RP. Tak\u017ce dzi\u0119ki Waszej odwadze i temu, \u017ce stadion\u00f3w nie dotkn\u0119\u0142a propaganda i chwilowe ideologiczne mody, tak\u017ce dlatego zosta\u0142em prezydentem i za to Wam dzi\u0119kuj\u0119 &#8211; zwr\u00f3ci\u0142 si\u0119 do zgromadzonych prezydent.<\/p>\n<p class=\"typography ids-typeset-body ids-typeset-body--preset-large link paragraph ids-paragraph ids-paragraph--default\">G\u0142owa pa\u0144stwa zaznaczy\u0142a, \u017ce chce &#8222;aby Polska by\u0142a normalna, aby Polska by\u0142a silna, aby Polska by\u0142a bezpieczna, aby bezpieczne by\u0142y nasze granice, aby by\u0142a pa\u0144stwem dobrobytu bez nielegalnych imigrant\u00f3w&#8221;.<\/p>\n<p class=\"typography ids-typeset-body ids-typeset-body--preset-large link paragraph ids-paragraph ids-paragraph--default\">&#8211; To uda\u0142o nam si\u0119 wsp\u00f3lnie wygra\u0107 1 czerwca\u00a0tak\u017ce dzi\u0119ki Waszej odwadze &#8211; m\u00f3wi\u0142 do pielgrzym\u00f3w Nawrocki.<\/p>\n<p>Jasna G\u00f3ra. Karol Nawrocki: Skupiaj\u0105 si\u0119 na niszczeniu drugiego cz\u0142owieka<\/p>\n<p class=\"typography ids-typeset-body ids-typeset-body--preset-large link paragraph ids-paragraph ids-paragraph--default\">Prezydent RP Karol Nawrocki wyst\u0105pi\u0142 z mocnym apelem do dziennikarzy i polityk\u00f3w, kt\u00f3rzy &#8211; jak m\u00f3wi\u0142 &#8211; &#8222;wyznaczaj\u0105 moralne standardy innym&#8221;, jednocze\u015bnie nie dostrzegaj\u0105c w\u0142asnych win. Odwo\u0142uj\u0105c si\u0119 do biblijnej metafory belki i drzazgi, skrytykowa\u0142 osoby publiczne oceniaj\u0105ce ca\u0142e \u015brodowiska, w tym kibic\u00f3w, rolnik\u00f3w czy s\u0142u\u017cby mundurowe. &#8211; Chc\u0105 rozlicza\u0107 innych, a\u00a0skupiaj\u0105 si\u0119 na niszczeniu drugiego cz\u0142owieka &#8211; podkre\u015bli\u0142.<\/p>\n<p class=\"typography ids-typeset-body ids-typeset-body--preset-large link paragraph ids-paragraph ids-paragraph--default\">Prezydent zwr\u00f3ci\u0142 uwag\u0119 na &#8211; jego zdaniem &#8211; niesprawiedliwe generalizowanie \u015brodowiska kibicowskiego.\u00a0Skrytykowa\u0142 dziennikarzy formu\u0142uj\u0105cych uog\u00f3lnione opinie oraz polityk\u00f3w, kt\u00f3rzy &#8222;przez lata ubli\u017cali kibicom&#8221;, a jednocze\u015bnie &#8211; jak stwierdzi\u0142 &#8211; &#8222;ukrywaj\u0105 si\u0119 pod immunitetami, zamiast zmierzy\u0107 si\u0119 z prawem&#8221;. W tym kontek\u015bcie m\u00f3wi\u0142 o braku moralnej konsekwencji i odpowiedzialno\u015bci cz\u0119\u015bci klasy politycznej.\u00a0<\/p>\n<p class=\"typography ids-typeset-body ids-typeset-body--preset-large link paragraph ids-paragraph ids-paragraph--default\">W dalszej cz\u0119\u015bci wyst\u0105pienia Karol Nawrocki odwo\u0142a\u0142 si\u0119 do Ewangelii \u015bw. \u0141ukasza i \u015bw. Mateusza oraz Kazania na G\u00f3rze. &#8211; Mi\u0142ujcie tych, kt\u00f3rzy was nienawidz\u0105. B\u0142ogos\u0142awcie tym, kt\u00f3rzy was prze\u015bladuj\u0105 &#8211; przypomnia\u0142 s\u0142owa Jezusa Chrystusa,\u00a0apeluj\u0105c o chrze\u015bcija\u0144sk\u0105 postaw\u0119 tak\u017ce wobec wrog\u00f3w i krytyk\u00f3w. Podkre\u015bli\u0142, \u017ce pojednanie \u015brodowisk kibicowskich, mo\u017cliwe mimo sportowych rywalizacji, mo\u017ce by\u0107 wzorem r\u00f3wnie\u017c dla \u015bwiata polityki.<\/p>\n<p class=\"typography ids-typeset-body ids-typeset-body--preset-large link paragraph ids-paragraph ids-paragraph--default\">&#8211; Wy potraficie spotka\u0107 si\u0119 razem dla Boga i ojczyzny. Niekt\u00f3rzy politycy nie potrafi\u0105, a chc\u0105 nas rozlicza\u0107\u00a0&#8211; m\u00f3wi\u0142 prezydent, wskazuj\u0105c na znaczenie wsp\u00f3lnoty, warto\u015bci chrze\u015bcija\u0144skich i dialogu. Wyst\u0105pienie zako\u0144czy\u0142 patriotycznym apelem: &#8211; Niech B\u00f3g b\u0142ogos\u0142awi Polsce! Niech \u017cyje Polska!<\/p>\n<p>Cz\u0119stochowa. Pielgrzymka kibic\u00f3w na Jasn\u0105 G\u00f3r\u0119<\/p>\n<p class=\"typography ids-typeset-body ids-typeset-body--preset-large link paragraph ids-paragraph ids-paragraph--default\">Podczas tegorocznej pielgrzymki kibic\u00f3w w trakcie homilii rozpoczynaj\u0105cej wydarzenie ks. Jaros\u0142aw W\u0105sowicz oznajmi\u0142, \u017ce jest ona form\u0105 troski o &#8222;zachowanie narodowej to\u017csamo\u015bci&#8221; i sprzeciwu wobec &#8222;laicyzacji i marginalizowania polskiej historii&#8221;.<\/p>\n<p class=\"typography ids-typeset-body ids-typeset-body--preset-large link paragraph ids-paragraph ids-paragraph--default\">Odnosz\u0105c si\u0119 do 18 lat pielgrzymowania kibic\u00f3w do duchowej stolicy <a href=\"https:\/\/wydarzenia.interia.pl\/tematy-polska,gsbi,2628\" target=\"_blank\" rel=\"nofollow noopener\">Polski<\/a>, ks. W\u0105sowicz zaznaczy\u0142, \u017ce tradycja ta umo\u017cliwia\u00a0jednoczenie si\u0119 ponad podzia\u0142ami\u00a0wok\u00f3\u0142 spraw kluczowych dla Polski.<\/p>\n<p class=\"typography ids-typeset-body ids-typeset-body--preset-large link paragraph ids-paragraph ids-paragraph--default\">W trakcie mszy, w kt\u00f3rej uczestniczy\u0142 tak\u017ce prezydent, po\u015bwi\u0119cone zosta\u0142y barwy klubowe, z kt\u00f3rymi polscy kibice p\u00f3\u017aniej wyruszyli.<\/p>\n<ul class=\"typography ids-typeset-body ids-typeset-body--preset-small list--article-list ids-list ids-list--unordered ids-list--size-small \" datatype=\"disc\">\n<li class=\"ids-list-item ids-list-item__content brief-list-item\"><a class=\"ids-undecorated-link link ids-link \" data-spons=\"false\" href=\"https:\/\/wydarzenia.interia.pl\/wybory\/prezydenckie\/news-pilny-apel-do-kep-to-reakcja-na-spotkanie-karola-nawrockiego,nId,7890925\" rel=\"nofollow noopener\" target=\"_blank\">Pilny apel do KEP. To reakcja na spotkanie Karola Nawrockiego<\/a><\/li>\n<li class=\"ids-list-item ids-list-item__content brief-list-item\"><a class=\"ids-undecorated-link link ids-link \" data-spons=\"false\" href=\"https:\/\/wydarzenia.interia.pl\/kraj\/news-swieto-nawrockiego-bez-kilku-czolowych-politykow-nie-tylko-z,nId,21826651\" rel=\"nofollow noopener\" target=\"_blank\">&#8222;\u015awi\u0119to&#8221; Nawrockiego bez kilku czo\u0142owych polityk\u00f3w. Nie tylko z obozu rz\u0105dowego<\/a><\/li>\n<\/ul>\n<p>Sasin o dzia\u0142aniach Tuska w sprawie umowy z krajami Mercosur: Zdrada interes\u00f3w Polski i polskiego rolnictwaPolsat NewsPolsat News<\/p>\n<p class=\"typography ids-typeset-body ids-typeset-body--preset-large link paragraph ids-paragraph ids-paragraph--default\">Artyku\u0142 sponsorowany<\/p>\n<p><a class=\"ids-undecorated-link source ids-page-info--source__link\" href=\"https:\/\/www.interia.pl\" rel=\"nofollow noopener\" target=\"_blank\"><img decoding=\"async\" class=\"ids-image-holder__img\" loading=\"lazy\" alt=\"\" title=\"\" height=\"24px\" src=\"https:\/\/www.europesays.com\/pl\/wp-content\/uploads\/2026\/01\/1767782590_880_0009A60QQ5I2TYF7-C202-F4.webp.webp\"\/><\/a><\/p>\n<p>Masz sugestie, uwagi albo widzisz b\u0142\u0105d? Napisz do nas<\/p>\n","protected":false},"excerpt":{"rendered":"Prezydent Karol Nawrocki uczestniczy\u0142 w XVIII Patriotycznej Pielgrzymce Kibic\u00f3w na Jasn\u0105 G\u00f3r\u0119, podkre\u015blaj\u0105c swoj\u0105 blisko\u015b\u0107 ze \u015brodowiskiem kibic\u00f3w.&hellip;\n","protected":false},"author":2,"featured_media":198009,"comment_status":"","ping_status":"","sticky":false,"template":"","format":"standard","meta":{"footnotes":""},"categories":[12],"tags":[32,33,36,37,27,34,35,28,31,25,42,38,40,39,41,29,30,26],"class_list":{"0":"post-198008","1":"post","2":"type-post","3":"status-publish","4":"format-standard","5":"has-post-thumbnail","7":"category-polska","8":"tag-breaking-news","9":"tag-breakingnews","10":"tag-featured-news","11":"tag-featurednews","12":"tag-headlines","13":"tag-latest-news","14":"tag-latestnews","15":"tag-naglowki","16":"tag-najwazniejsze-artykuly","17":"tag-news","18":"tag-pl","19":"tag-poland","20":"tag-polish","21":"tag-polska","22":"tag-polski","23":"tag-top-stories","24":"tag-topstories","25":"tag-wiadomosci"},"share_on_mastodon":{"url":"https:\/\/pubeurope.com\/@pl\/115871735307023421","error":""},"_links":{"self":[{"href":"https:\/\/www.europesays.com\/pl\/wp-json\/wp\/v2\/posts\/198008","targetHints":{"allow":["GET"]}}],"collection":[{"href":"https:\/\/www.europesays.com\/pl\/wp-json\/wp\/v2\/posts"}],"about":[{"href":"https:\/\/www.europesays.com\/pl\/wp-json\/wp\/v2\/types\/post"}],"author":[{"embeddable":true,"href":"https:\/\/www.europesays.com\/pl\/wp-json\/wp\/v2\/users\/2"}],"replies":[{"embeddable":true,"href":"https:\/\/www.europesays.com\/pl\/wp-json\/wp\/v2\/comments?post=198008"}],"version-history":[{"count":0,"href":"https:\/\/www.europesays.com\/pl\/wp-json\/wp\/v2\/posts\/198008\/revisions"}],"wp:featuredmedia":[{"embeddable":true,"href":"https:\/\/www.europesays.com\/pl\/wp-json\/wp\/v2\/media\/198009"}],"wp:attachment":[{"href":"https:\/\/www.europesays.com\/pl\/wp-json\/wp\/v2\/media?parent=198008"}],"wp:term":[{"taxonomy":"category","embeddable":true,"href":"https:\/\/www.europesays.com\/pl\/wp-json\/wp\/v2\/categories?post=198008"},{"taxonomy":"post_tag","embeddable":true,"href":"https:\/\/www.europesays.com\/pl\/wp-json\/wp\/v2\/tags?post=198008"}],"curies":[{"name":"wp","href":"https:\/\/api.w.org\/{rel}","templated":true}]}}