{"id":198061,"date":"2026-01-10T16:53:08","date_gmt":"2026-01-10T16:53:08","guid":{"rendered":"https:\/\/www.europesays.com\/pl\/198061\/"},"modified":"2026-01-10T16:53:08","modified_gmt":"2026-01-10T16:53:08","slug":"pilny-alert-rcb-dla-szesciu-wojewodztw-zaczelo-sie-dzis","status":"publish","type":"post","link":"https:\/\/www.europesays.com\/pl\/198061\/","title":{"rendered":"Pilny alert RCB dla sze\u015bciu wojew\u00f3dztw. Zacz\u0119\u0142o si\u0119 dzi\u015b"},"content":{"rendered":"<p>RCB rozes\u0142a\u0142o wiadomo\u015bci SMS ostrzegaj\u0105ce przed intensywnymi opadami \u015bniegu w\u00a0sobot\u0119 i\u00a0niedziel\u0119 (10-11 stycznia). Alert wys\u0142any zosta\u0142 do mieszka\u0144c\u00f3w sze\u015bciu wojew\u00f3dztw:<\/p>\n<p>Nie zapakujesz kanapek ju\u017c w\u00a0nic innego. To\u00a0prawdziwy game-changer <\/p>\n<p>&#8222;Zachowaj ostro\u017cno\u015b\u0107 na drogach i\u00a0chodnikach&#8221; &#8211;\u00a0Rz\u0105dowe Centrum Bezpiecze\u0144stwa apeluje, by \u015bledzi\u0107 bie\u017c\u0105ce komunikaty pogodowe. W\u00a0tych regionach wydano te\u017c ostrze\u017cenia IMGW.<\/p>\n<p>Aby nie dopu\u015bci\u0107 do odmro\u017ce\u0144 i\u00a0wych\u0142odzenia organizmu, s\u0142u\u017cby przypominaj\u0105 o\u00a0prostych zasadach:<\/p>\n","protected":false},"excerpt":{"rendered":"RCB rozes\u0142a\u0142o wiadomo\u015bci SMS ostrzegaj\u0105ce przed intensywnymi opadami \u015bniegu w\u00a0sobot\u0119 i\u00a0niedziel\u0119 (10-11 stycznia). Alert wys\u0142any zosta\u0142 do mieszka\u0144c\u00f3w&hellip;\n","protected":false},"author":2,"featured_media":198062,"comment_status":"","ping_status":"","sticky":false,"template":"","format":"standard","meta":{"footnotes":""},"categories":[5],"tags":[32,33,36,37,27,34,35,28,31,25,42,38,40,39,41,29,30,26],"class_list":{"0":"post-198061","1":"post","2":"type-post","3":"status-publish","4":"format-standard","5":"has-post-thumbnail","7":"category-naglowki","8":"tag-breaking-news","9":"tag-breakingnews","10":"tag-featured-news","11":"tag-featurednews","12":"tag-headlines","13":"tag-latest-news","14":"tag-latestnews","15":"tag-naglowki","16":"tag-najwazniejsze-artykuly","17":"tag-news","18":"tag-pl","19":"tag-poland","20":"tag-polish","21":"tag-polska","22":"tag-polski","23":"tag-top-stories","24":"tag-topstories","25":"tag-wiadomosci"},"share_on_mastodon":{"url":"https:\/\/pubeurope.com\/@pl\/115871849105922461","error":""},"_links":{"self":[{"href":"https:\/\/www.europesays.com\/pl\/wp-json\/wp\/v2\/posts\/198061","targetHints":{"allow":["GET"]}}],"collection":[{"href":"https:\/\/www.europesays.com\/pl\/wp-json\/wp\/v2\/posts"}],"about":[{"href":"https:\/\/www.europesays.com\/pl\/wp-json\/wp\/v2\/types\/post"}],"author":[{"embeddable":true,"href":"https:\/\/www.europesays.com\/pl\/wp-json\/wp\/v2\/users\/2"}],"replies":[{"embeddable":true,"href":"https:\/\/www.europesays.com\/pl\/wp-json\/wp\/v2\/comments?post=198061"}],"version-history":[{"count":0,"href":"https:\/\/www.europesays.com\/pl\/wp-json\/wp\/v2\/posts\/198061\/revisions"}],"wp:featuredmedia":[{"embeddable":true,"href":"https:\/\/www.europesays.com\/pl\/wp-json\/wp\/v2\/media\/198062"}],"wp:attachment":[{"href":"https:\/\/www.europesays.com\/pl\/wp-json\/wp\/v2\/media?parent=198061"}],"wp:term":[{"taxonomy":"category","embeddable":true,"href":"https:\/\/www.europesays.com\/pl\/wp-json\/wp\/v2\/categories?post=198061"},{"taxonomy":"post_tag","embeddable":true,"href":"https:\/\/www.europesays.com\/pl\/wp-json\/wp\/v2\/tags?post=198061"}],"curies":[{"name":"wp","href":"https:\/\/api.w.org\/{rel}","templated":true}]}}