{"id":198081,"date":"2026-01-10T17:04:10","date_gmt":"2026-01-10T17:04:10","guid":{"rendered":"https:\/\/www.europesays.com\/pl\/198081\/"},"modified":"2026-01-10T17:04:10","modified_gmt":"2026-01-10T17:04:10","slug":"jak-sie-jezdzi-obwodnica-metropolii-trojmiejskiej","status":"publish","type":"post","link":"https:\/\/www.europesays.com\/pl\/198081\/","title":{"rendered":"Jak si\u0119 je\u017adzi Obwodnic\u0105 Metropolii Tr\u00f3jmiejskiej?"},"content":{"rendered":"<p>            <a href=\"https:\/\/s-trojmiasto.pl\/zdj\/c\/n\/9\/4217\/1427x0\/4217245-Na-ten-moment-nowa-obwodnica-jezdzie-sie-bardzo-przyjemnie__c_139_120_1427_826.webp\" target=\"_blank\" data-slide-name=\"810453\" data-lightbox-target=\"photo full\" data-sub-html=\"&lt;h4&gt;Na ten moment now\u0105 obwodnic\u0105 je\u017adzie si\u0119 bardzo przyjemnie. &lt;\/h4&gt;&lt;p&gt;fot. Trojmiasto.tv&lt;\/p&gt;&#010;\" class=\"photoMarker__link\" data-filter-brightness=\"brightness--100\" rel=\"nofollow noopener\"><\/p>\n<p>    <img decoding=\"async\" style=\"height:434px; aspect-ratio: 1.7276\/1; filter:brightness(1);\" alt=\"Na ten moment now\u0105 obwodnic\u0105 je\u017adzie si\u0119 bardzo przyjemnie. \" src=\"https:\/\/www.europesays.com\/pl\/wp-content\/uploads\/2026\/01\/4217245-Na-ten-moment-nowa-obwodnica-jezdzie-sie-bardzo-przyjemnie__c_139_120_1427_826.webp.webp\" class=\"photoMarker__img \" data-slider=\"img\" fetchpriority=\"high\"\/><\/p>\n<p>            <\/a><\/p>\n<p class=\"lead\">Od blisko trzech tygodni kierowcy mog\u0105 korzysta\u0107 z\u00a0d\u0142ugo wyczekiwanej <a data-tklik=\"933765\" href=\"https:\/\/mapa.trojmiasto.pl\/#\/location\/-303.41,336.96\/map\/-253.43,333.13,2,b\" onclick=\"openMap(this.href); return false;\" target=\"_blank\" title=\"zobacz na mapie Sopotu\" rel=\"nofollow noopener\">Obwodnicy Metropolii Tr\u00f3jmiejskiej<img decoding=\"async\" class=\"icon-map\" src=\"https:\/\/www.trojmiasto.pl\/_img\/svg\/ico-map-flat.svg\" alt=\"Mapka\"\/><\/a>. Jak si\u0119 ni\u0105 je\u017adzi?   <\/p>\n<p>Trafiony prezent pod choink\u0119<\/p>\n<p>Przypomnijmy, 18 czerwca 2025 r. zosta\u0142 otwarty pierwszy odcinek OMT mi\u0119dzy Chwaszczynem a\u00a0\u017bukowem o\u00a0d\u0142ugo\u015bci ok. 16 km. Na Obwodnic\u0119 Metropolii Tr\u00f3jmiejskiej w\u00a0pe\u0142nej krasie przysz\u0142o zmotoryzowanym <a data-tklik=\"875557\" target=\"_blank\" href=\"https:\/\/www.trojmiasto.pl\/wiadomosci\/Nowa-obwodnica-w-koncu-w-calosci-otwarta-n212210.html\" rel=\"nofollow noopener\">poczeka\u0107 do 23 grudnia<\/a>. Cho\u0107 po\u015blizg wykonawcy z\u00a0realizacj\u0105 OMT by\u0142 spory, to oddanie drogi tu\u017c przed \u015bwi\u0119tami z\u00a0pewno\u015bci\u0105 zosta\u0142o odebrane przez kierowc\u00f3w jako&#8230; wyj\u0105tkowo trafiony prezent. <\/p>\n<p>\u0141\u0105cznie do u\u017cytku oddano ponad 32 km nowej trasy, kt\u00f3rej g\u0142\u00f3wnym celem jest odci\u0105\u017cenie tr\u00f3jmiejskiej obwodnicy. Przej\u0119cie ruchu tranzytowego i\u00a0ci\u0119\u017ckiego to jedno, ale kierowcy korzystaj\u0105cy ka\u017cdego dnia z\u00a0prze\u0142adowanej Obwodnicy Tr\u00f3jmiasta licz\u0105, \u017ce OMT wp\u0142ynie tak\u017ce na mniejsze nat\u0119\u017cenie ruchu &#8222;osob\u00f3wek&#8221;, a\u00a0tym samym zmniejszenie kork\u00f3w. <\/p>\n<p><\/p>\n<p>                <img decoding=\"async\" class=\"darkHidden\" loading=\"lazy\" src=\"https:\/\/s-trojmiasto.pl\/build\/assets\/svg\/reactions\/default.svg\" alt=\"Dodaj reakcj\u0119\"\/><br \/>\n                <img decoding=\"async\" class=\"lightHidden\" loading=\"lazy\" src=\"https:\/\/s-trojmiasto.pl\/build\/assets\/svg\/reactions\/default_inverted.svg\" alt=\"Dodaj reakcj\u0119\"\/><\/p>\n<p>Mieszka\u0144cy okolic Tr\u00f3jmiasta odci\u0105\u017c\u0105 obwodnic\u0119?<\/p>\n<p>OMT to lepsze skomunikowanie gmin metropolitalnych &#8211; \u017bukowa, Kolbud czy Przodkowa. Nowa trasa dla mieszka\u0144c\u00f3w miejscowo\u015bci wspomnianych gmin oznacza jedno: zdecydowanie szybszy i\u00a0sprawniejszy dojazd do Gda\u0144ska, Gdyni i\u00a0Sopotu. Co wi\u0119cej, wielu mieszka\u0144c\u00f3w doje\u017cd\u017caj\u0105c do pracy, a\u00a0w godzinach popo\u0142udniowych wracaj\u0105c do swoich dom\u00f3w, nie musi ju\u017c korzysta\u0107 z\u00a0Obwodnicy Tr\u00f3jmiasta, co oczywi\u015bcie w\u00a0jakim\u015b stopniu wp\u0142ynie na odkorkowanie drogi ekspresowej S6. <\/p>\n<p>Jestem mieszka\u0144cem gminy Kolbudy i\u00a0mam w\u0119ze\u0142 OMT pod nosem. Dla mnie osobi\u015bcie otwarcie nowej trasy to doskona\u0142a wiadomo\u015b\u0107, bo wiedzia\u0142em, \u017ce wiele si\u0119 zmieni. Na plus oczywi\u015bcie. Dzi\u0119ki OMT m\u00f3j dojazd do centrum Gda\u0144ska skr\u00f3ci\u0142 si\u0119 z\u00a0ok. 45-60 minut do 20 minut. Co\u015b pi\u0119knego. Podobnie jest w\u00a0przypadku dojazdu do Gdyni. Jestem w\u00a0stanie w\u00a015 minut znale\u017a\u0107\u00a0si\u0119 w\u00a0Karwinach. Obwodnic\u0105 Tr\u00f3jmiasta, bez wi\u0119kszych kork\u00f3w, dojazd trwa\u0142 \u015brednio trzykrotnie d\u0142u\u017cej. Wcze\u015bniej bardzo du\u017co czasu traci\u0142o si\u0119 na samym doje\u017adzie do drogi ekspresowej &#8211; wyja\u015bnia nasz redakcyjny kolega. <\/p>\n<p>            <a href=\"https:\/\/s-trojmiasto.pl\/zdj\/c\/n\/9\/4217\/1000x0\/4217213.webp\" target=\"_blank\" data-slide-name=\"810435\" data-lightbox-target=\"photo full\" data-sub-html=\"&lt;h4&gt;&lt;\/h4&gt;&lt;p&gt;&lt;\/p&gt;&#010;\" class=\"photoMarker__link\" data-filter-brightness=\"brightness--100\" rel=\"nofollow noopener\"><\/p>\n<p>    <img decoding=\"async\" style=\"height:686px; aspect-ratio: 1.0929\/1; filter:brightness(1);\" alt=\"\" src=\"https:\/\/www.europesays.com\/pl\/wp-content\/uploads\/2026\/01\/4217213.webp.webp\" class=\"photoMarker__img lazy\" data-slider=\"img\"\/><\/p>\n<p>            <\/a><\/p>\n<p>Odcinek od <a data-tklik=\"771457\" href=\"https:\/\/mapa.trojmiasto.pl\/#\/location\/-128.76,370.84\/map\/-136.42,353.03,2,b\" onclick=\"openMap(this.href); return false;\" target=\"_blank\" title=\"zobacz na mapie Gda\u0144ska\" rel=\"nofollow noopener\">W\u0119z\u0142a Gda\u0144sk Po\u0142udnie<img decoding=\"async\" class=\"icon-map\" src=\"https:\/\/www.trojmiasto.pl\/_img\/svg\/ico-map-flat.svg\" alt=\"Mapka\"\/><\/a> do <a data-tklik=\"611892\" href=\"https:\/\/mapa.trojmiasto.pl\/#\/location\/-366.95,-56.77\/map\/-348.81,-38.28,2,b\" onclick=\"openMap(this.href); return false;\" target=\"_blank\" title=\"zobacz na mapie Gda\u0144ska\" rel=\"nofollow noopener\">W\u0119z\u0142a Chwaszczyno<img decoding=\"async\" class=\"icon-map\" src=\"https:\/\/www.trojmiasto.pl\/_img\/svg\/ico-map-flat.svg\" alt=\"Mapka\"\/><\/a> liczy 32,3 km. Jad\u0105c dalej, do <a data-tklik=\"789260\" href=\"https:\/\/mapa.trojmiasto.pl\/#\/location\/-303.68,-111.84\/map\/-290.44,-106.02,3,b\" onclick=\"openMap(this.href); return false;\" target=\"_blank\" title=\"zobacz na mapie Gdyni\" rel=\"nofollow noopener\">w\u0119z\u0142a w Karwinach <img decoding=\"async\" class=\"icon-map\" src=\"https:\/\/www.trojmiasto.pl\/_img\/svg\/ico-map-flat.svg\" alt=\"Mapka\"\/><\/a>(po\u0142\u0105czenie z\u00a0Obwodnic\u0105 Tr\u00f3jmiasta) trzeba doliczy\u0107 mniej wi\u0119cej 3 km. Wychodzi zatem w\u00a0sumie 35 km. To o\u00a0ok. 12 km wi\u0119cej, ni\u017c gdyby\u015bmy podr\u00f3\u017cowali z\u00a0W\u0119z\u0142a Gda\u0144sk Po\u0142udnie do Karwin &#8222;star\u0105&#8221; obwodnic\u0105. <\/p>\n<p>Mimo to cz\u0119sto czas przejazdu jest kr\u00f3tszy na OMT. Wszystko przez mniejsze nat\u0119\u017cenie ruchu. Doskonale wiemy, jak dzi\u015b, w\u00a0godzinach szczytu wygl\u0105da podr\u00f3\u017cowanie tr\u00f3jmiejsk\u0105 obwodnic\u0105. To katorga. Na OMT liczba aut jest zdecydowanie mniejsza.<\/p>\n<p>            <a href=\"https:\/\/s-trojmiasto.pl\/zdj\/c\/n\/9\/4217\/1181x0\/4217246-Wezel-w-Lublewie-tuz-przed-oficjalnym-otwarciem-drogi-23-12-2025.webp\" target=\"_blank\" data-slide-name=\"810454\" data-lightbox-target=\"photo full\" data-sub-html=\"&lt;h4&gt;W\u0119ze\u0142 w Lublewie, tu\u017c przed oficjalnym otwarciem drogi (23.12.2025). &lt;\/h4&gt;&lt;p&gt;fot. Trojmiasto.tv&lt;\/p&gt;&#010;\" class=\"photoMarker__link\" data-filter-brightness=\"brightness--100\" rel=\"nofollow noopener\"><\/p>\n<p>    <img decoding=\"async\" style=\"height:482px; aspect-ratio: 1.55395\/1; filter:brightness(1);\" alt=\"W\u0119ze\u0142 w Lublewie, tu\u017c przed oficjalnym otwarciem drogi (23.12.2025). \" src=\"https:\/\/www.europesays.com\/pl\/wp-content\/uploads\/2026\/01\/4217246-Wezel-w-Lublewie-tuz-przed-oficjalnym-otwarciem-drogi-23-12-2025.webp.webp\" class=\"photoMarker__img lazy\" data-slider=\"img\"\/><\/p>\n<p>            <\/a><\/p>\n<p>Jak si\u0119 je\u017adzi now\u0105 tras\u0105? <\/p>\n<p>Na ten moment, po niespe\u0142na trzech tygodniach od debiutu OMT, ruch nie jest du\u017cy. Cho\u0107 pewnie b\u0119dzie si\u0119 to rozkr\u0119ca\u0142o. Je\u017adzi si\u0119 naprawd\u0119 bardzo przyjemnie, sprawnie doje\u017cd\u017caj\u0105c do celu. Sama droga jest chyba bardziej wymagaj\u0105ca od S6 &#8211; z\u00a0racji na pofalowan\u0105 rze\u017ab\u0119 terenu OMT jedzie si\u0119 wolniej ni\u017c na prostej Obwodnicy Tr\u00f3jmiasta. OMT jest do\u015b\u0107 kr\u0119ta, a\u00a0pasy &#8211; mam wra\u017cenie &#8211; nieco w\u0119\u017csze. Trzeba by\u0107 czujnym &#8211; dodaje nasz kolega.\n                <\/p>\n","protected":false},"excerpt":{"rendered":"Od blisko trzech tygodni kierowcy mog\u0105 korzysta\u0107 z\u00a0d\u0142ugo wyczekiwanej Obwodnicy Metropolii Tr\u00f3jmiejskiej. Jak si\u0119 ni\u0105 je\u017adzi? Trafiony prezent&hellip;\n","protected":false},"author":2,"featured_media":198082,"comment_status":"","ping_status":"","sticky":false,"template":"","format":"standard","meta":{"footnotes":""},"categories":[16],"tags":[7750,3112,14818,113,112,14816,18709,1085,9558,38247,38249,24584,14814,38246,14817,14815,1232,7649,24573,10303,42,38,40,39,41,1367,8973,14819,9104,11588,3355,38248,10830,14820],"class_list":{"0":"post-198081","1":"post","2":"type-post","3":"status-publish","4":"format-standard","5":"has-post-thumbnail","7":"category-biznes","8":"tag-artykuly","9":"tag-auto","10":"tag-autohandel","11":"tag-biznes","12":"tag-business","13":"tag-czesci-zamienne","14":"tag-droga","15":"tag-kierowca","16":"tag-komis","17":"tag-metropolia","18":"tag-metropolia-trojmiejska","19":"tag-metropolitalna","20":"tag-modele","21":"tag-mop","22":"tag-moto","23":"tag-motocykle","24":"tag-motoryzacja","25":"tag-obwodnica","26":"tag-obwodnica-metropolii-trojmiejskiej","27":"tag-obwodnica-metropolitalna","28":"tag-pl","29":"tag-poland","30":"tag-polish","31":"tag-polska","32":"tag-polski","33":"tag-porady","34":"tag-ruch","35":"tag-salon-samochodowy","36":"tag-samochody","37":"tag-teren","38":"tag-testy","39":"tag-trojmiejska","40":"tag-tydzien","41":"tag-uslugi-motoryzacyjne"},"share_on_mastodon":{"url":"https:\/\/pubeurope.com\/@pl\/115871892474656386","error":""},"_links":{"self":[{"href":"https:\/\/www.europesays.com\/pl\/wp-json\/wp\/v2\/posts\/198081","targetHints":{"allow":["GET"]}}],"collection":[{"href":"https:\/\/www.europesays.com\/pl\/wp-json\/wp\/v2\/posts"}],"about":[{"href":"https:\/\/www.europesays.com\/pl\/wp-json\/wp\/v2\/types\/post"}],"author":[{"embeddable":true,"href":"https:\/\/www.europesays.com\/pl\/wp-json\/wp\/v2\/users\/2"}],"replies":[{"embeddable":true,"href":"https:\/\/www.europesays.com\/pl\/wp-json\/wp\/v2\/comments?post=198081"}],"version-history":[{"count":0,"href":"https:\/\/www.europesays.com\/pl\/wp-json\/wp\/v2\/posts\/198081\/revisions"}],"wp:featuredmedia":[{"embeddable":true,"href":"https:\/\/www.europesays.com\/pl\/wp-json\/wp\/v2\/media\/198082"}],"wp:attachment":[{"href":"https:\/\/www.europesays.com\/pl\/wp-json\/wp\/v2\/media?parent=198081"}],"wp:term":[{"taxonomy":"category","embeddable":true,"href":"https:\/\/www.europesays.com\/pl\/wp-json\/wp\/v2\/categories?post=198081"},{"taxonomy":"post_tag","embeddable":true,"href":"https:\/\/www.europesays.com\/pl\/wp-json\/wp\/v2\/tags?post=198081"}],"curies":[{"name":"wp","href":"https:\/\/api.w.org\/{rel}","templated":true}]}}