{"id":198131,"date":"2026-01-10T17:33:06","date_gmt":"2026-01-10T17:33:06","guid":{"rendered":"https:\/\/www.europesays.com\/pl\/198131\/"},"modified":"2026-01-10T17:33:06","modified_gmt":"2026-01-10T17:33:06","slug":"fronty-wojny-upada-swiatowy-porzadek-takiego-zagrozenia-nie-bylo-od-80-lat","status":"publish","type":"post","link":"https:\/\/www.europesays.com\/pl\/198131\/","title":{"rendered":"Fronty Wojny&#8221;. Upada \u015bwiatowy porz\u0105dek. &#8222;Takiego zagro\u017cenia nie by\u0142o od 80 lat"},"content":{"rendered":"<p class=\"ods-c-paragraph \">3 stycznia 2026 r. pod os\u0142on\u0105 nocy, <a href=\"https:\/\/wiadomosci.onet.pl\/swiat\/maduro-nie-byl-wart-wielkiej-tajemnicy-armii-usa-eksperci-mowia-jasno\/k5qs255\" id=\"5f196baf-8961-4d54-abc6-1d941a389bad\" rel=\"nofollow noopener\" target=\"_blank\">w precyzyjnie zaplanowanej akcji si\u0142y specjalne USA dokona\u0142y uderzenia bezpo\u015brednio na pa\u0142ac prezydencki w Caracas. <\/a>W wyniku tej operacji Amerykanie schwytali i uprowadzili Nicol\u00e1sa Maduro i jego \u017con\u0119, Cili\u0119 Flores. To, co wydarzy\u0142o si\u0119 w stolicy Wenezueli, przypomina scenariusz filmu sensacyjnego, jednak skutki tej operacji s\u0105 a\u017c nazbyt realne i zdaniem prof. p\u0142k. Dariusza Kozerawskiego, by\u0142ego rektora-komendanta Akademii Obrony Narodowej, obecnie wyk\u0142adowy w Katedrze Bezpiecze\u0144stwa Narodowego Uniwersytetu Jagiello\u0144skiego b\u0119d\u0105 oddzia\u0142ywa\u0142y na wiele globalnych wydarze\u0144 rozpoczynaj\u0105cego si\u0119 w\u0142a\u015bnie roku.<\/p>\n<p class=\"ods-c-paragraph \">Przypomnijmy, w ramach operacji uprowadzenia Maduro i jego \u017co\u0142ny Stany Zjednoczone zaanga\u017cowa\u0142y 150 platform powietrznych operuj\u0105cych z 20 baz, w tym najnowocze\u015bniejsze my\u015bliwce F-22 i F-35. Celem nie by\u0142a inwazja na kraj, lecz uprowadzenie dyktatora. Amerykanie najpierw o\u015blepili wenezuelsk\u0105 obron\u0119 przeciwlotnicz\u0105 punktowymi uderzeniami rakietowymi, a nast\u0119pnie do akacji wkroczyli \u017co\u0142nierze jednostek specjalnych, kt\u00f3rzy przej\u0119li prezydenta i jego \u017con\u0119.<\/p>\n<p class=\"ods-c-paragraph \">Para zosta\u0142a ewakuowana na ameryka\u0144skie okr\u0119ty wojenne w ci\u0105gu zaledwie kilku godzin. Oficjalne \u017ar\u00f3d\u0142a m\u00f3wi\u0105 o precyzji, jednak doniesienia z Wenezueli wskazuj\u0105, \u017ce w skutek dzia\u0142ania wojsk ameryka\u0144skich \u015bmier\u0107 ponios\u0142o co najmniej 24 \u017co\u0142nierzy ochrony prezydenta Wenezueli i kilkudziesi\u0119ciu cywil\u00f3w.<\/p>\n<p class=\"ods-c-paragraph \">Marcin Wyrwa\u0142 w podca\u015bcie &#8222;Fronty Wojny&#8221; por\u00f3wnuje t\u0119 sytuacj\u0119 do rosyjskich pr\u00f3b pojmania Wo\u0142odymyra Ze\u0142enskiego w 2022 r. R\u00f3\u017cnica? Amerykanom si\u0119 uda\u0142o. \u2014 Wenezuela nie mog\u0142a skutecznie oddzia\u0142ywa\u0107 na potencja\u0142 ameryka\u0144ski. To by\u0142a klasyka gatunku, ale przy ogromnej dysproporcji si\u0142. Ukraina natomiast jest to pa\u0144stwo posiadaj\u0105ce jedne z najlepszych si\u0142 specjalnych na \u015bwiecie i skuteczny system ochrony. Ukrai\u0144cy przewidywali rosyjskie plany \u2014 t\u0142umaczy prof. Kozerawski.<\/p>\n<p class=\"ods-c-paragraph \">Ekspert podkre\u015bla jednak, \u017ce kluczem sukcesu Stan\u00f3w Zjednoczonych w Wenezueli by\u0142 ich wywiad. Amerykanie, zdaniem by\u0142ego wojskowego, mieli &#8222;swoich ludzi&#8221; w najbli\u017cszym otoczeniu wenezuelskiego dyktatora, co pozwoli\u0142o na chirurgiczne ci\u0119cie przeprowadzone na koniec przez ich si\u0142y specjalne.<\/p>\n<p class=\"ods-c-paragraph \">\u2014 Ta operacja mia\u0142a pokaza\u0107 \u015bwiatu skuteczno\u015b\u0107 Donalda Trumpa. Kurtyna spad\u0142a. Ju\u017c nawet nie maski, po prostu kurtyna. Za ni\u0105 mamy Strategi\u0119 Bezpiecze\u0144stwa Narodowego USA z 4 grudnia 2025 r., gdzie kluczem jest utrzymanie wp\u0142yw\u00f3w ameryka\u0144skich na p\u00f3\u0142kuli zachodniej \u2014 analizuje ekspert.<\/p>\n<p>Flota cieni na celowniku Stan\u00f3w Zjednoczonych<\/p>\n<p class=\"ods-c-paragraph \">Gdy \u015bwiat jeszcze nie och\u0142on\u0105\u0142 po wydarzeniach w Caracas, administracja Trumpa zada\u0142a kolejny cios, tym razem wymierzony w finansowe i militarne zaplecze Kremla. Chodzi o tzw. flot\u0119 cieni, czyli setki starych, cz\u0119sto nieubezpieczonych tankowc\u00f3w, kt\u00f3re Rosja wykorzystuje do omijania sankcji i transportu ropy naftowej oraz komponent\u00f3w wojskowych.<\/p>\n<p class=\"ods-c-paragraph \">Ameryka\u0144ska <a href=\"https:\/\/wiadomosci.onet.pl\/tylko-w-onecie\/usa-zajely-statek-z-tzw-floty-cieni-trump-moze-dostrzegl-ze-putin-go-kiwa\/xwrne3q\" id=\"746bac33-ea93-4c91-b09d-0dbd284fd1c8\" rel=\"nofollow noopener\" target=\"_blank\">marynarka wojenna dokona\u0142a bezprecedensowego zatrzymania dw\u00f3ch takich jednostek na pe\u0142nym morzu.<\/a> Oficjalny komunikat m\u00f3wi o &#8222;kontroli \u0142adunku surowc\u00f3w energetycznych&#8221;, jednak go\u015b\u0107 &#8222;Front\u00f3w Wojny&#8221; sugeruj\u0105 drugie dno.<\/p>\n<p class=\"ods-c-paragraph \">\u2014 Flota cieni to platformy transportuj\u0105ce nie tylko surowce naturalne. Nie wiemy, co dok\u0142adnie by\u0142o na statkach zatrzymanych przez Amerykan\u00f3w, ale wiemy, \u017ce Iran produkowa\u0142 w Wenezueli komponenty, w tym elektronik\u0119 do swoich dron\u00f3w. Zatrzymanie tych statk\u00f3w to by\u0142 sygna\u0142: &#8222;kontrolujemy ka\u017cdy wasz ruch&#8221; \u2014 zauwa\u017ca prof. Kozerawski.<\/p>\n<p class=\"ods-c-paragraph \">Operacja ta, zdaniem eksperta, ma na celu nie tylko odci\u0119cie dop\u0142ywu got\u00f3wki do Moskwy, ale przede wszystkim zablokowanie transferu technologii dronowych, kt\u00f3re sta\u0142y si\u0119 kluczowe na froncie w Ukrainie. Jednocze\u015bnie Trump pokazuje, \u017ce &#8222;p\u00f3\u0142kula zachodnia&#8221; to jego strefa wp\u0142yw\u00f3w, na kt\u00f3rej ani Rosja, ani Chiny nie maj\u0105 ju\u017c prawa g\u0142osu.<\/p>\n<p>Grenlandia: Koniec NATO wisi w powietrzu?<\/p>\n<p class=\"ods-c-paragraph \">Najbardziej niepokoj\u0105cym w\u0105tkiem rozmowy jest jednak kwestia Grenlandii. Trump otwarcie przyzna\u0142, \u017ce &#8222;opcja militarna jest zawsze na stole&#8221;, je\u015bli Dania nie zgodzi si\u0119 na transakcj\u0119 przekazania wyspy Amerykanom. Jak zauwa\u017cana go\u015b\u0107 &#8222;Front\u00f3w Wojny&#8221; nowa Strategia Bezpiecze\u0144stwa Narodowego USA z grudnia 2025 r. jasno wskazuje, \u017ce Arktyka i Grenlandia, to dla Waszyngtonu kwestia bardzo wa\u017cna.<\/p>\n<p class=\"ods-c-paragraph \">Marcin Wyrwa\u0142 pyta jednak, czy wej\u015bcie militarne USA na Grenlandi\u0119 to de facto koniec NATO? \u2014 Jeden sojusznik atakowa\u0142by drugiego \u2014 punktuje dziennikarz. Prof. Kozerawski pr\u00f3buje tonowa\u0107 nastroje, cho\u0107 przyznaje, \u017ce Trump w tym przypadku stosuje metod\u0119 &#8222;kub\u0142a zimnej wody&#8221;.<\/p>\n<p class=\"ods-c-paragraph \">\u2014 Europa zosta\u0142a obudzona w brutalny spos\u00f3b. Dlatego dzi\u015b Dania i inne kraje europejskie musz\u0105 by\u0107 pragmatyczne. Skoro Trump twierdzi, \u017ce Europa nie jest w stanie zapewni\u0107 Grenlandii bezpiecze\u0144stwa, to trzeba do sprawy podej\u015b\u0107 inaczej. Uwa\u017cam, \u017ce w tej kwestii odpowied\u017a sekretarza generalnego NATO Marka Rutte by\u0142a genialna. Zaproponowa\u0142 on, by Amerykanie zainstalowali tam wi\u0119cej swoich \u017co\u0142nierzy jako sojusznicy i aby pilnowali tej wyspy razem z Europ\u0105 \u2014 m\u00f3wi prof. p\u0142k Kozerawski.<\/p>\n<p class=\"ods-c-paragraph \">Jednocze\u015bnie, wyk\u0142adowca Katedry Bezpiecze\u0144stwa Narodowego Uniwersytetu Jagiello\u0144skiego podkre\u015bla, \u017ce Grenlandia to dla Trumpa \u015bwietny temat zast\u0119pczy na potrzeby wewn\u0119trzne. Dodaje, \u017ce w USA sytuacja jest napi\u0119ta \u2014 ceny rosn\u0105, a poparcie dla ruchu MAGA spada przed kluczowymi wyborami po\u0142\u00f3wkowymi w listopadzie 2026 r. Sam prezydent, jego zdaniem, ma mie\u0107 \u015bwiadomo\u015b\u0107, \u017ce pora\u017cka republikan\u00f3w mo\u017ce oznacza\u0107 dla niego impeachment.<\/p>\n<p>Co to oznacza dla Polski?<\/p>\n<p class=\"ods-c-paragraph \">Prof. p\u0142k Kozerawski ostrzega, \u017ce przypadek Wenezueli mo\u017ce sta\u0107 si\u0119 niebezpiecznym precedensem dla Federacji Rosyjskiej. Jego zdaniem, je\u015bli USA mog\u0105 uprowadzi\u0107 przyw\u00f3dc\u0119 pa\u0144stwa w swojej strefie wp\u0142yw\u00f3w, to dlaczego Putin nie mia\u0142by spr\u00f3bowa\u0107 tego samego w Mo\u0142dawii czy krajach ba\u0142tyckich? Dlatego \u2014 podkre\u015bla wojskowy \u2014 wa\u017cna jest jedno\u015b\u0107 Europy i jej solidarne wsparcie dla walcz\u0105cej z Rosj\u0105 Ukrainy.<\/p>\n<p class=\"ods-c-paragraph \">Dziennikarze Onetu pytaj\u0105 wi\u0119c<a href=\"https:\/\/wiadomosci.onet.pl\/swiat\/27-szefow-panstw-i-rzadow-oczekiwanych-na-spotkaniu-koalicji-chetnych-w-paryzu\/fdrsxyw\" id=\"24589a3d-4c16-433f-8b50-f191a9d76c97\" rel=\"nofollow noopener\" target=\"_blank\"> o spotkanie tzw. koalicji ch\u0119tnych, kt\u00f3re mia\u0142o miejsce 6 stycznia 2026 r. w Pary\u017cu pod przewodnictwem Emmanuela Macrona. Przyw\u00f3dcy 27 pa\u0144stw rozmawiali tam o zwi\u0119kszeniu wsparcia militarnego dla Ukrainy,<\/a> w tym o gotowo\u015bci do wys\u0142ania si\u0142 pokojowych na terytorium Ukrainy w celu zabezpieczenia rozejmu lub ochrony kluczowych obszar\u00f3w.<\/p>\n<p class=\"ods-c-paragraph \">\u2014 Europa zaczyna &#8222;pr\u0119\u017cy\u0107 mi\u0119\u015bnie&#8221;, tworz\u0105c koalicje ch\u0119tnych, ale wci\u0105\u017c brakuje jej realnych zdolno\u015bci militarnych \u2014 zauwa\u017ca Edyta \u017bem\u0142a. Pyta te\u017c, na ile zagro\u017cenie ze wschodu jest dzi\u015b dla nas realne? \u2014 Nigdy po II wojnie \u015bwiatowej globalny gracz strategiczny, jakim jest Rosja nie zagra\u017ca\u0142a Polsce a\u017c tak bardzo \u2014 ostrzega prof. p\u0142k Kozerawski.<\/p>\n<p class=\"ods-c-paragraph \">Czy Polska jest przygotowana na \u015bwiat, w kt\u00f3rym si\u0142a militarna zast\u0119puje dyplomacj\u0119? O tym w kolejnych odcinkach &#8222;Front\u00f3w Wojny&#8221;.<\/p>\n","protected":false},"excerpt":{"rendered":"3 stycznia 2026 r. pod os\u0142on\u0105 nocy, w precyzyjnie zaplanowanej akcji si\u0142y specjalne USA dokona\u0142y uderzenia bezpo\u015brednio na&hellip;\n","protected":false},"author":2,"featured_media":198132,"comment_status":"","ping_status":"","sticky":false,"template":"","format":"standard","meta":{"footnotes":""},"categories":[14],"tags":[56,32,33,44,9330,2949,9796,27,34,35,28,31,48,160,25,46,40,41,87,47,80,29,30,415,71,26,82,83,84],"class_list":{"0":"post-198131","1":"post","2":"type-post","3":"status-publish","4":"format-standard","5":"has-post-thumbnail","7":"category-swiat","8":"tag-article_premium","9":"tag-breaking-news","10":"tag-breakingnews","11":"tag-donald_trump","12":"tag-fronty_wojny","13":"tag-fronty_wojny_podcast","14":"tag-grenlandia","15":"tag-headlines","16":"tag-latest-news","17":"tag-latestnews","18":"tag-naglowki","19":"tag-najwazniejsze-artykuly","20":"tag-nat_styl","21":"tag-nato","22":"tag-news","23":"tag-omp","24":"tag-polish","25":"tag-polski","26":"tag-rosja","27":"tag-screening_general","28":"tag-swiat","29":"tag-top-stories","30":"tag-topstories","31":"tag-ukraina","32":"tag-usa","33":"tag-wiadomosci","34":"tag-world","35":"tag-world-news","36":"tag-worldnews"},"share_on_mastodon":{"url":"https:\/\/pubeurope.com\/@pl\/115872006448384961","error":""},"_links":{"self":[{"href":"https:\/\/www.europesays.com\/pl\/wp-json\/wp\/v2\/posts\/198131","targetHints":{"allow":["GET"]}}],"collection":[{"href":"https:\/\/www.europesays.com\/pl\/wp-json\/wp\/v2\/posts"}],"about":[{"href":"https:\/\/www.europesays.com\/pl\/wp-json\/wp\/v2\/types\/post"}],"author":[{"embeddable":true,"href":"https:\/\/www.europesays.com\/pl\/wp-json\/wp\/v2\/users\/2"}],"replies":[{"embeddable":true,"href":"https:\/\/www.europesays.com\/pl\/wp-json\/wp\/v2\/comments?post=198131"}],"version-history":[{"count":0,"href":"https:\/\/www.europesays.com\/pl\/wp-json\/wp\/v2\/posts\/198131\/revisions"}],"wp:featuredmedia":[{"embeddable":true,"href":"https:\/\/www.europesays.com\/pl\/wp-json\/wp\/v2\/media\/198132"}],"wp:attachment":[{"href":"https:\/\/www.europesays.com\/pl\/wp-json\/wp\/v2\/media?parent=198131"}],"wp:term":[{"taxonomy":"category","embeddable":true,"href":"https:\/\/www.europesays.com\/pl\/wp-json\/wp\/v2\/categories?post=198131"},{"taxonomy":"post_tag","embeddable":true,"href":"https:\/\/www.europesays.com\/pl\/wp-json\/wp\/v2\/tags?post=198131"}],"curies":[{"name":"wp","href":"https:\/\/api.w.org\/{rel}","templated":true}]}}