{"id":198163,"date":"2026-01-10T18:02:12","date_gmt":"2026-01-10T18:02:12","guid":{"rendered":"https:\/\/www.europesays.com\/pl\/198163\/"},"modified":"2026-01-10T18:02:12","modified_gmt":"2026-01-10T18:02:12","slug":"rozlal-gnojowice-przed-domem-stefana-krajewskiego","status":"publish","type":"post","link":"https:\/\/www.europesays.com\/pl\/198163\/","title":{"rendered":"Rozla\u0142 gnojowic\u0119 przed domem Stefana Krajewskiego"},"content":{"rendered":"<p>Zatrzymano m\u0119\u017cczyzn\u0119, kt\u00f3ry rozla\u0142 gnojowic\u0119 przed domem ministra rolnictwa Stefana Krajewskiego w Zambrowie na Podlasiu &#8211; informuje dziennikarz RMF FM Krzysztof Zasada. Sprawca trafi\u0142 do policyjnej izby zatrzyma\u0144.<\/p>\n<p>                         &#13;<br \/>\n        &#13;<\/p>\n<p>                                        &#13;<br \/>\n                        &#13;<br \/>\n                            <img decoding=\"async\" src=\"https:\/\/www.europesays.com\/pl\/wp-content\/uploads\/2026\/01\/000M6H8FYOII1LY3-C123-F4.jpg\" title=\"Rozla\u0142 gnojowic\u0119 przed domem ministra rolnictwa\" alt=\"Minister rolnictwa Stefan Krajewski \/ &#9;Tomasz Gzell    \/PAP\" class=\"img-responsive\"\/>&#13;<\/p>\n<p>                            &#13;<\/p>\n<p>      &#13;<br \/>\n                            Minister rolnictwa Stefan Krajewski&#13;<br \/>\n                                    \/ \tTomasz Gzell    \/PAP  &#13;\n                                    <\/p>\n<p>&#13;<\/p>\n<ul>\n<li>Najnowsze informacje z\u00a0kraju i\u00a0ze \u015bwiata na\u00a0<a href=\"https:\/\/www.rmf24.pl\/\" rel=\"nofollow noopener\" target=\"_blank\">rmf24.pl<\/a>.<\/li>\n<\/ul>\n<p>Sprawca to 35-letni mieszkaniec Lubelszczyzny. Przyjecha\u0142 przed dom ministra w\u00a0Zambrowie busem, w\u00a0kt\u00f3rym mia\u0142 pojemnik typu Mauser.\u00a0<\/p>\n<p>M\u0119\u017cczyzna wyla\u0142 przed posesj\u0105 kilkaset litr\u00f3w gnojowicy. Dodatkowo wykrzykiwa\u0142 gro\u017aby pod adresem szefa resortu rolnictwa, co policja potraktowa\u0142a jako kierowanie gr\u00f3\u017ab karalnych.\u00a0<\/p>\n<p>Sprawca t\u0142umaczy\u0142 si\u0119, \u017ce to jego forma protestu wobec dzia\u0142a\u0144 rz\u0105du w\u00a0obszarze rolnictwa.\u00a0<\/p>\n<p>35-latek trafi\u0142 do policyjnego aresztu.<\/p>\n","protected":false},"excerpt":{"rendered":"Zatrzymano m\u0119\u017cczyzn\u0119, kt\u00f3ry rozla\u0142 gnojowic\u0119 przed domem ministra rolnictwa Stefana Krajewskiego w Zambrowie na Podlasiu &#8211; informuje dziennikarz&hellip;\n","protected":false},"author":2,"featured_media":198164,"comment_status":"","ping_status":"","sticky":false,"template":"","format":"standard","meta":{"footnotes":""},"categories":[12],"tags":[32,33,36,37,27,34,35,28,31,25,42,38,40,39,41,29,30,26],"class_list":{"0":"post-198163","1":"post","2":"type-post","3":"status-publish","4":"format-standard","5":"has-post-thumbnail","7":"category-polska","8":"tag-breaking-news","9":"tag-breakingnews","10":"tag-featured-news","11":"tag-featurednews","12":"tag-headlines","13":"tag-latest-news","14":"tag-latestnews","15":"tag-naglowki","16":"tag-najwazniejsze-artykuly","17":"tag-news","18":"tag-pl","19":"tag-poland","20":"tag-polish","21":"tag-polska","22":"tag-polski","23":"tag-top-stories","24":"tag-topstories","25":"tag-wiadomosci"},"share_on_mastodon":{"url":"https:\/\/pubeurope.com\/@pl\/115872120364965167","error":""},"_links":{"self":[{"href":"https:\/\/www.europesays.com\/pl\/wp-json\/wp\/v2\/posts\/198163","targetHints":{"allow":["GET"]}}],"collection":[{"href":"https:\/\/www.europesays.com\/pl\/wp-json\/wp\/v2\/posts"}],"about":[{"href":"https:\/\/www.europesays.com\/pl\/wp-json\/wp\/v2\/types\/post"}],"author":[{"embeddable":true,"href":"https:\/\/www.europesays.com\/pl\/wp-json\/wp\/v2\/users\/2"}],"replies":[{"embeddable":true,"href":"https:\/\/www.europesays.com\/pl\/wp-json\/wp\/v2\/comments?post=198163"}],"version-history":[{"count":0,"href":"https:\/\/www.europesays.com\/pl\/wp-json\/wp\/v2\/posts\/198163\/revisions"}],"wp:featuredmedia":[{"embeddable":true,"href":"https:\/\/www.europesays.com\/pl\/wp-json\/wp\/v2\/media\/198164"}],"wp:attachment":[{"href":"https:\/\/www.europesays.com\/pl\/wp-json\/wp\/v2\/media?parent=198163"}],"wp:term":[{"taxonomy":"category","embeddable":true,"href":"https:\/\/www.europesays.com\/pl\/wp-json\/wp\/v2\/categories?post=198163"},{"taxonomy":"post_tag","embeddable":true,"href":"https:\/\/www.europesays.com\/pl\/wp-json\/wp\/v2\/tags?post=198163"}],"curies":[{"name":"wp","href":"https:\/\/api.w.org\/{rel}","templated":true}]}}