{"id":198169,"date":"2026-01-10T18:08:07","date_gmt":"2026-01-10T18:08:07","guid":{"rendered":"https:\/\/www.europesays.com\/pl\/198169\/"},"modified":"2026-01-10T18:08:07","modified_gmt":"2026-01-10T18:08:07","slug":"schwytac-putina-co-o-takim-rozwiazaniu-mysli-trump-forsal","status":"publish","type":"post","link":"https:\/\/www.europesays.com\/pl\/198169\/","title":{"rendered":"Schwyta\u0107 Putina. Co o takim rozwi\u0105zaniu my\u015bli Trump? &#8211; Forsal"},"content":{"rendered":"<ol>\n<li><a href=\"https:\/\/news.google.com\/rss\/articles\/CBMirgFBVV95cUxNX1RYejR3SFp4MnI4cnB1TXVmVUtBTGtsMWIyZmhjWURSTV96NGpUT2FHSU1RSmxzY3ZfajE1NkZDRXFFa2wyUnR2R2FaRTdQV2tad0JUcmQ2ZHpoWnQ2RmZ1VE5td3haUkc3ZnhOaFRXYndKYkU2VXJjQzNCVUlfSHRiNVZyQ0w4ckNQLVBSUnFQMk40MW1kZUtKNUtrNHNnTHJEcDJEV2RrMmdQTVE?oc=5\" target=\"_blank\" rel=\"nofollow noopener\">Schwyta\u0107 Putina. Co o takim rozwi\u0105zaniu my\u015bli Trump?<\/a>&nbsp;&nbsp;Forsal<\/li>\n<li><a href=\"https:\/\/news.google.com\/rss\/articles\/CBMinwFBVV95cUxNaUFyZkFCeEFuTXUzc1czRzd1QWRTR1FSTElTZ0ZoSVFnOHdtRmRxSl9ITHQ4dEdPZFFTRUFncUdaYk1CeGt3V01pdzhKeGFiZkkzM2lfaWpkaDNjS3E3Sm1tRDdtVzhjdFJuSzc4UGd1djVqWV9sYjFZRl9nVGszTjYtc0VYQ3BZYnlGRC1jN2tfeVItU2Z6czNjOXd3VTQ?oc=5\" target=\"_blank\" rel=\"nofollow noopener\">Pojmanie W\u0142adimira Putina? Donald Trump odpowiada<\/a>&nbsp;&nbsp;RMF24<\/li>\n<li><a href=\"https:\/\/news.google.com\/rss\/articles\/CBMiugFBVV95cUxQbzVObVR4TlAzQ0RWZzA5WkhYRWxvdlNYSEFLU3RKbjctUGJQaXdDVERpcnlaQ0x3Y3hwZEgyY2dURU1GQUJGdXhmMGxYb2FMNFJkU24tYlUtc09WbEptakZWMFBldFpvcm4zNE1lZFBVdmltZGRVS3JWYy1vM2VTTk1jdk5DQjN0UHBNZFZLdUMwRjJ4bWtXdUxxaDFVaGluUWRwVDItSFlLbDVCM0FXeU5LRGJCb0hJMUE?oc=5\" target=\"_blank\" rel=\"nofollow noopener\">Putin podzieli los Maduro? Trump odpowiada na \u017cart, &#8222;nie b\u0119dzie konieczne&#8221;<\/a>&nbsp;&nbsp;Wydarzenia w INTERIA.PL<\/li>\n<li><a href=\"https:\/\/news.google.com\/rss\/articles\/CBMipwFBVV95cUxNWjBRcjIzdFVNSVZIY3E2UXdKOHFsZHpRbk5KeGhES19mQi1CTm1EdHJXQ3RTRTNmWXlyR0d1My1yazBUREF3YnpkMkRvZTZuRzhiVGNDcVhGd2pNUV8wbHJ1MXZoZmhYVlFIZlluazZuRV9YTU9TRUF3anpVRjZKTXZmNlo4MWs0UGhjd2dHVXhsSFlMNnl3UzZxeHVuOVFzeFUxejJxMA?oc=5\" target=\"_blank\" rel=\"nofollow noopener\">Schwyta\u0107 Putina? Trump: to nie b\u0119dzie konieczne<\/a>&nbsp;&nbsp;TVN24<\/li>\n<li><a href=\"https:\/\/news.google.com\/rss\/articles\/CBMixAFBVV95cUxQSjlQQTltanIyY09Tc2p5YWV2SGJ6MlBPaWpxd1RTTFhIUUtGM2RKN0RWNkUyWFdtMEV5V1Q0ZDRDUEozbERlSExsbkhOQlZ1d2VZNjcwUDdxS3phblpxQ2dlekxmd0RPME1GalF6OXdUZFlNb2M4blM0anJoblJwb1M3ZWZpeXVvZ0w1OEw4VEwwMEdWdG1CbjJEMVQ3ZDl3dnB5RFYyMUZETWctYTJQcm5HQ2lURHpaQ2VrUFFCTmFhQlkz?oc=5\" target=\"_blank\" rel=\"nofollow noopener\">&#8222;Nie ma potrzeby go \u0142apa\u0107&#8221;. Trump zaskakuje s\u0142owami o Putinie i wojnie w Ukrainie<\/a>&nbsp;&nbsp;Business Insider Polska<\/li>\n<\/ol>\n","protected":false},"excerpt":{"rendered":"Schwyta\u0107 Putina. Co o takim rozwi\u0105zaniu my\u015bli Trump?&nbsp;&nbsp;Forsal Pojmanie W\u0142adimira Putina? Donald Trump odpowiada&nbsp;&nbsp;RMF24 Putin podzieli los Maduro?&hellip;\n","protected":false},"author":2,"featured_media":195189,"comment_status":"","ping_status":"","sticky":false,"template":"","format":"standard","meta":{"footnotes":""},"categories":[14],"tags":[32,33,27,34,35,28,31,25,40,41,80,29,30,26,82,83,84],"class_list":{"0":"post-198169","1":"post","2":"type-post","3":"status-publish","4":"format-standard","5":"has-post-thumbnail","7":"category-swiat","8":"tag-breaking-news","9":"tag-breakingnews","10":"tag-headlines","11":"tag-latest-news","12":"tag-latestnews","13":"tag-naglowki","14":"tag-najwazniejsze-artykuly","15":"tag-news","16":"tag-polish","17":"tag-polski","18":"tag-swiat","19":"tag-top-stories","20":"tag-topstories","21":"tag-wiadomosci","22":"tag-world","23":"tag-world-news","24":"tag-worldnews"},"share_on_mastodon":{"url":"https:\/\/pubeurope.com\/@pl\/115872144479620436","error":""},"_links":{"self":[{"href":"https:\/\/www.europesays.com\/pl\/wp-json\/wp\/v2\/posts\/198169","targetHints":{"allow":["GET"]}}],"collection":[{"href":"https:\/\/www.europesays.com\/pl\/wp-json\/wp\/v2\/posts"}],"about":[{"href":"https:\/\/www.europesays.com\/pl\/wp-json\/wp\/v2\/types\/post"}],"author":[{"embeddable":true,"href":"https:\/\/www.europesays.com\/pl\/wp-json\/wp\/v2\/users\/2"}],"replies":[{"embeddable":true,"href":"https:\/\/www.europesays.com\/pl\/wp-json\/wp\/v2\/comments?post=198169"}],"version-history":[{"count":0,"href":"https:\/\/www.europesays.com\/pl\/wp-json\/wp\/v2\/posts\/198169\/revisions"}],"wp:featuredmedia":[{"embeddable":true,"href":"https:\/\/www.europesays.com\/pl\/wp-json\/wp\/v2\/media\/195189"}],"wp:attachment":[{"href":"https:\/\/www.europesays.com\/pl\/wp-json\/wp\/v2\/media?parent=198169"}],"wp:term":[{"taxonomy":"category","embeddable":true,"href":"https:\/\/www.europesays.com\/pl\/wp-json\/wp\/v2\/categories?post=198169"},{"taxonomy":"post_tag","embeddable":true,"href":"https:\/\/www.europesays.com\/pl\/wp-json\/wp\/v2\/tags?post=198169"}],"curies":[{"name":"wp","href":"https:\/\/api.w.org\/{rel}","templated":true}]}}