{"id":198188,"date":"2026-01-10T18:31:11","date_gmt":"2026-01-10T18:31:11","guid":{"rendered":"https:\/\/www.europesays.com\/pl\/198188\/"},"modified":"2026-01-10T18:31:11","modified_gmt":"2026-01-10T18:31:11","slug":"widza-drzazge-nie-widza-belki-karol-nawrocki-na-pielgrzymce-z-kibicami","status":"publish","type":"post","link":"https:\/\/www.europesays.com\/pl\/198188\/","title":{"rendered":"&#8222;Widz\u0105 drzazg\u0119, nie widz\u0105 belki&#8221;. Karol Nawrocki na pielgrzymce z kibicami"},"content":{"rendered":"<p>&#8211; Wiem, jak jest zimno, jest mr\u00f3z, ale nikt nie powstrzyma gor\u0105cych serc, aby by\u0107 dzisiaj tutaj i modli\u0107 si\u0119 &#8211; m\u00f3wi\u0142 prezydent Karol Nawrocki, kt\u00f3ry w sobot\u0119 uczestniczy\u0142 w pielgrzymce na Jasn\u0105 G\u00f3r\u0119. Cz\u0119stochowa z inicjatywy ks. Jaros\u0142aw W\u0105sowicza przyj\u0119\u0142a na modlitw\u0119 kibic\u00f3w z ca\u0142ej Polski.<\/p>\n<p>\u00a0<\/p>\n<p>Gdy prezydent wchodzi\u0142 na m\u00f3wnic\u0119, s\u0142ycha\u0107 by\u0142o skandowane &#8222;Lechia Gda\u0144sk&#8221;. Nawrocki stwierdzi\u0142, \u017ce kibice zebrali si\u0119 tam, \u017ceby pokaza\u0107, \u017ce ludzie jednocz\u0105 si\u0119 w mi\u0142osierdziu do innych os\u00f3b i do Polski.<\/p>\n<p>\u00a0<\/p>\n<p>&#8211; Tak Rzeczpospolita Polska i B\u00f3g spotka\u0142y nas dzisiaj tutaj. A pod pi\u0119kn\u0105 bia\u0142o-czerwon\u0105 flag\u0105, kt\u00f3ra tam powiewa (&#8230;), jest miejsce dla nas wszystkich. I dla tych, kt\u00f3rzy przyjechali z K\u0119dzierzyna-Ko\u017ala i dla kibic\u00f3w Wis\u0142y, Cracovii, Arki, Lechii, Lecha Pozna\u0144. Jest miejsce dla wszystkich, i dla kibic\u00f3w Jagielloni Bia\u0142ystok, kt\u00f3rzy s\u0105 tutaj. Wszystkich was pozdrawiam &#8211; wymienia\u0142.<\/p>\n<p>Karol Nawrocki: Uda\u0142o si\u0119 ochroni\u0107 has\u0142o &#8222;B\u00f3g, honor, ojczyzna&#8221;<\/p>\n<p>Prezydent stwierdzi\u0142, \u017ce wszyscy zgromadzeni na pielgrzymce \u017cyj\u0105 w czasach, w kt\u00f3rych musz\u0105 by\u0107 razem. &#8222;B\u00f3g, honor i ojczyzna&#8221; &#8211; skandowali kibice po jego s\u0142owach. &#8211; Jestem jednym z was &#8211; m\u00f3wi\u0142 Nawrocki, przypominaj\u0105c, \u017ce nie pierwszy raz bierze udzia\u0142 w tej pielgrzymce.<\/p>\n<p>\u00a0<\/p>\n<p>&#8211; I dzi\u0119ki waszej odwadze i temu, \u017ce stadion\u00f3w nie dotkn\u0119\u0142a propaganda i chwilowe ideologiczne mody, tak\u017ce dlatego zosta\u0142em prezydentem i za to wam dzi\u0119kuj\u0119 &#8211; zwr\u00f3ci\u0142 si\u0119 do t\u0142umu. Po tym skandowane has\u0142a zmieni\u0142y si\u0119 na powtarzane &#8222;Karol, Karol&#8221;.<\/p>\n<p>\u00a0<\/p>\n<p>G\u0142owa pa\u0144stwa podkre\u015bli\u0142a, \u017ce uda\u0142o si\u0119 obroni\u0107 has\u0142o &#8222;B\u00f3g, honor, ojczyzna&#8221;, a Polska jest miejscem dla wszystkich. Wskazywa\u0142 przy tym, i\u017c zdo\u0142ano zapewni\u0107 Polsce bezpiecze\u0144stwo, zadba\u0107 o dobrobyt, zabezpieczy\u0107 granice i zapobiec nielegalnej migracji.<\/p>\n<p>\u00a0<\/p>\n<p>ZOBACZ: <a href=\"https:\/\/www.polsatnews.pl\/wiadomosc\/2026-01-10\/nie-chca-strefy-czystego-transportu-protest-w-krakowie\/\" target=\"_blank\" rel=\"noopener noreferrer nofollow\">Protesty przeciwko Strefie Czystego Transportu w Krakowie<\/a><\/p>\n<p>\u00a0<\/p>\n<p>&#8211; Chc\u0119 si\u0119 te\u017c zwr\u00f3ci\u0107 do braci naszych, kt\u00f3rzy ogl\u0105daj\u0105 nas za spraw\u0105 medi\u00f3w. (&#8230;) Do naszych braci, kt\u00f3rzy nie zauwa\u017caj\u0105 belki w swoim oku, a widz\u0105 drzazg\u0119 w oku r\u00f3\u017cnych polskich \u015brodowisk, tak\u017ce w \u015brodowisku kibic\u00f3w. Do tych, kt\u00f3rzy chc\u0105 wyznacza\u0107 moralne standardy, rozlicza\u0107 \u015brodowiska kibic\u00f3w, wczoraj rolnik\u00f3w, czasami tak\u017ce s\u0142u\u017cb mundurowych, a skupiaj\u0105 si\u0119 na tym, aby niszczy\u0107 drugiego cz\u0142owieka &#8211; m\u00f3wi\u0142.<\/p>\n<p>\u00a0<\/p>\n<p>Upomnia\u0142 tak\u017ce dziennikarzy, kt\u00f3rzy jego zdaniem pozwalaj\u0105 sobie na recenzj\u0119 \u015brodowiska kibic\u00f3w, podczas gdy ich prac\u0105 jest &#8222;niszczy\u0107 innych ludzi&#8221;. &#8211;\u00a0Chc\u0119 si\u0119 zwr\u00f3ci\u0107 do tych polityk\u00f3w, kt\u00f3rzy przez lata ubli\u017cali \u015brodowisku kibic\u00f3w, a sami ukrywaj\u0105 si\u0119 pod immunitetami w polskim parlamencie, zamiast zmierzy\u0107 si\u0119 z prawem &#8211; powiedzia\u0142 prezydent.<\/p>\n<p>Prezydent przytoczy\u0142 s\u0142owa Jezusa. &#8222;Mi\u0142ujcie&#8221;<\/p>\n<p>&#8211; Mi\u0142ujcie tych, kt\u00f3rzy was nienawidz\u0105, b\u0142ogos\u0142awcie tym, kt\u00f3rzy was i prze\u015bladuj\u0105, ale m\u00f3dlcie si\u0119 tak\u017ce za tych, kt\u00f3rzy chc\u0105 was zniszczy\u0107 i wam szkodz\u0105 &#8211; m\u00f3wi\u0142 Karol Nawrocki, podkre\u015blaj\u0105c, \u017ce to w\u0142a\u015bnie g\u0142osi\u0142 Jezus.<\/p>\n<p>\u00a0<\/p>\n<p>Wed\u0142ug prezydenta pielgrzymka kibic\u00f3w jest sztandarowym przyk\u0142adem, jak \u015brodowisko to potrafi si\u0119 jednoczy\u0107. Cho\u0107 &#8211; jak przypomina\u0142 &#8211; na co dzie\u0144 ka\u017cdy z nich kibicuje innej dru\u017cynie, staj\u0105 w ko\u0144cu rami\u0119 w rami\u0119, by wsp\u00f3lnie pod\u0105\u017ca\u0107 Ewangeli\u0105.<\/p>\n<p>\u00a0<\/p>\n<p>&#8211; A niekt\u00f3rzy nie potrafi\u0105 (si\u0119 jednoczy\u0107 &#8211; red.), a chc\u0105 nas rozlicza\u0107 &#8211; podsumowa\u0142 Karol Nawrocki.<\/p>\n<p>\u00a0<\/p>\n<p>ZOBACZ: <a href=\"https:\/\/www.polsatnews.pl\/wiadomosc\/2026-01-10\/papiez-apeluje-do-zachodu-jezyk-w-stylu-orwellowskim\/\" target=\"_blank\" rel=\"noopener noreferrer nofollow\">Papie\u017c przestrzega Zach\u00f3d. M\u00f3wi o j\u0119zyku w stylu &#8222;orwellowskim&#8221;<\/a><\/p>\n<p>\u00a0<\/p>\n<p>Jak informowa\u0142a Kancelaria Prezydenta, Karol Nawrocki bierze udzia\u0142 w odbywaj\u0105cej si\u0119 na Jasnej G\u00f3rze XVIII Og\u00f3lnopolskiej Patriotycznej Pielgrzymce Kibic\u00f3w pod has\u0142em &#8222;Ciebie Boga Wys\u0142awiamy&#8221;. \u00a0Pierwsza pielgrzymka odby\u0142a si\u0119 w 2009 r. Organizatorem corocznych spotka\u0144 kibic\u00f3w jest ks. dr hab. Jaros\u0142aw W\u0105sowicz, kapelan prezydenta, salezjanin, historyk i archiwista, kibic Lechii Gda\u0144sk, od lat zaanga\u017cowany w dzia\u0142alno\u015b\u0107 patriotyczn\u0105 i spo\u0142eczn\u0105.<\/p>\n<p>\u00a0<\/p>\n<p>Widzia\u0142e\u015b co\u015b wa\u017cnego? Przy\u015blij zdj\u0119cie, film lub napisz, co si\u0119 sta\u0142o. Skorzystaj z naszej <a href=\"https:\/\/www.polsatnews.pl\/platforma-widzow\/\" target=\"_blank\" rel=\"noopener noreferrer nofollow\">Wrzutni<\/a><\/p>\n<p>                <img decoding=\"async\" src=\"https:\/\/www.europesays.com\/pl\/wp-content\/uploads\/2026\/01\/b1cgdpky4cs51jyuayzceyujqd34wtnv.jpg\" alt=\"\" itemprop=\"contentUrl\" style=\"position:absolute; width: 100%; max-height: 100%;\"\/><video controls=\"\" controlslist=\"nodownload\" poster=\"https:\/\/www.europesays.com\/pl\/wp-content\/uploads\/2026\/01\/b1cgdpky4cs51jyuayzceyujqd34wtnv.jpg\" class=\"videoPlayer player6856655 news__video\" data-id=\"6856655\">Twoja przegl\u0105darka nie wspiera odtwarzacza wideo&#8230;<\/video><\/p>\n<p>                <a class=\"news__read-more-button\" href=\"https:\/\/www.polsatnews.pl\/\" rel=\"nofollow noopener\" target=\"_blank\">Czytaj wi\u0119cej<\/a><\/p>\n","protected":false},"excerpt":{"rendered":"&#8211; Wiem, jak jest zimno, jest mr\u00f3z, ale nikt nie powstrzyma gor\u0105cych serc, aby by\u0107 dzisiaj tutaj i&hellip;\n","protected":false},"author":2,"featured_media":198189,"comment_status":"","ping_status":"","sticky":false,"template":"","format":"standard","meta":{"footnotes":""},"categories":[5],"tags":[32,33,36,37,27,34,35,28,31,25,42,38,40,39,41,29,30,26],"class_list":{"0":"post-198188","1":"post","2":"type-post","3":"status-publish","4":"format-standard","5":"has-post-thumbnail","7":"category-naglowki","8":"tag-breaking-news","9":"tag-breakingnews","10":"tag-featured-news","11":"tag-featurednews","12":"tag-headlines","13":"tag-latest-news","14":"tag-latestnews","15":"tag-naglowki","16":"tag-najwazniejsze-artykuly","17":"tag-news","18":"tag-pl","19":"tag-poland","20":"tag-polish","21":"tag-polska","22":"tag-polski","23":"tag-top-stories","24":"tag-topstories","25":"tag-wiadomosci"},"share_on_mastodon":{"url":"https:\/\/pubeurope.com\/@pl\/115872234554157509","error":""},"_links":{"self":[{"href":"https:\/\/www.europesays.com\/pl\/wp-json\/wp\/v2\/posts\/198188","targetHints":{"allow":["GET"]}}],"collection":[{"href":"https:\/\/www.europesays.com\/pl\/wp-json\/wp\/v2\/posts"}],"about":[{"href":"https:\/\/www.europesays.com\/pl\/wp-json\/wp\/v2\/types\/post"}],"author":[{"embeddable":true,"href":"https:\/\/www.europesays.com\/pl\/wp-json\/wp\/v2\/users\/2"}],"replies":[{"embeddable":true,"href":"https:\/\/www.europesays.com\/pl\/wp-json\/wp\/v2\/comments?post=198188"}],"version-history":[{"count":0,"href":"https:\/\/www.europesays.com\/pl\/wp-json\/wp\/v2\/posts\/198188\/revisions"}],"wp:featuredmedia":[{"embeddable":true,"href":"https:\/\/www.europesays.com\/pl\/wp-json\/wp\/v2\/media\/198189"}],"wp:attachment":[{"href":"https:\/\/www.europesays.com\/pl\/wp-json\/wp\/v2\/media?parent=198188"}],"wp:term":[{"taxonomy":"category","embeddable":true,"href":"https:\/\/www.europesays.com\/pl\/wp-json\/wp\/v2\/categories?post=198188"},{"taxonomy":"post_tag","embeddable":true,"href":"https:\/\/www.europesays.com\/pl\/wp-json\/wp\/v2\/tags?post=198188"}],"curies":[{"name":"wp","href":"https:\/\/api.w.org\/{rel}","templated":true}]}}