{"id":198198,"date":"2026-01-10T18:37:09","date_gmt":"2026-01-10T18:37:09","guid":{"rendered":"https:\/\/www.europesays.com\/pl\/198198\/"},"modified":"2026-01-10T18:37:09","modified_gmt":"2026-01-10T18:37:09","slug":"pogoda-snieg-zawieje-zamiecie-i-mroz-wojsko-gotowe-go-pomocy","status":"publish","type":"post","link":"https:\/\/www.europesays.com\/pl\/198198\/","title":{"rendered":"Pogoda. \u015anieg, zawieje, zamiecie i mr\u00f3z. Wojsko gotowe go pomocy"},"content":{"rendered":"<ul class=\"typography ids-typeset-body ids-typeset-body--preset-large list ids-list ids-list--unordered ids-list--size-large \" datatype=\"disc\">\n<li class=\"ids-list-item\">\n<p>Intensywne opady \u015bniegu, silny wiatr i mr\u00f3z parali\u017cuj\u0105 p\u00f3\u0142noc i po\u0142udnie Polski.<\/p>\n<\/li>\n<li class=\"ids-list-item\">\n<p>Wojsko oraz s\u0142u\u017cby ratunkowe s\u0105 postawione w stan gotowo\u015bci i wspieraj\u0105 lokalne spo\u0142eczno\u015bci.<\/p>\n<\/li>\n<li class=\"ids-list-item\">\n<p>Synoptycy ostrzegaj\u0105 przed dalszym pogorszeniem pogody, apeluj\u0105c o ostro\u017cno\u015b\u0107 i \u015bledzenie komunikat\u00f3w.<\/p>\n<\/li>\n<li class=\"ids-list-item\">Wi\u0119cej wa\u017cnych informacji znajdziesz na <a class=\"ids-undecorated-link link ids-link link\" href=\"https:\/\/www.interia.pl\/#utm_source=wydarzenia&amp;utm_medium=bullet&amp;utm_campaign=powrot_z_wew&amp;iwa_source=bullet\" target=\"_blank\" rel=\"nofollow noopener\">stronie g\u0142\u00f3wnej Interii<\/a><\/li>\n<\/ul>\n<p class=\"typography ids-typeset-body ids-typeset-body--preset-large link paragraph ids-paragraph ids-paragraph--default\">Nad <a href=\"https:\/\/wydarzenia.interia.pl\/tematy-polska,gsbi,2628\" rel=\"nofollow noopener\" target=\"_blank\">Polsk\u0105<\/a> zapanowa\u0142y skrajnie trudne warunki pogodowe, kt\u00f3re ju\u017c teraz parali\u017cuj\u0105 cz\u0119\u015b\u0107 kraju, a wed\u0142ug prognoz mog\u0105 jeszcze si\u0119 pog\u0142\u0119bi\u0107.<\/p>\n<p class=\"typography ids-typeset-body ids-typeset-body--preset-large link paragraph ids-paragraph ids-paragraph--default\">Intensywne opady \u015bniegu, zawieje, zamiecie i silny mr\u00f3z sprawi\u0142y, \u017ce rz\u0105d i wojsko postawione zosta\u0142y w stan podwy\u017cszonej gotowo\u015bci.<\/p>\n<p>Trudne warunki pogodowe w Polsce. Wojsko w gotowo\u015bci, alerty RCB<\/p>\n<p class=\"typography ids-typeset-body ids-typeset-body--preset-large link paragraph ids-paragraph ids-paragraph--default\"><a href=\"https:\/\/wydarzenia.interia.pl\/tematy-wladyslaw-kosiniak-kamysz,gsbi,7\" rel=\"nofollow noopener\" target=\"_blank\">W\u0142adys\u0142aw Kosiniak-Kamysz<\/a> poinformowa\u0142 o skr\u00f3ceniu czasu reakcji Wojsk Obrony Terytorialnej, kt\u00f3re w ka\u017cdej chwili mog\u0105 zosta\u0107 skierowane do wsparcia samorz\u0105d\u00f3w.<\/p>\n<p class=\"typography ids-typeset-body ids-typeset-body--preset-large link paragraph ids-paragraph ids-paragraph--default\">&#8222;Monitorujemy sytuacj\u0119 meteorologiczn\u0105 w kraju. Dlatego wprowadzamy skr\u00f3cony czas gotowo\u015bci dla \u017co\u0142nierzy <a href=\"https:\/\/wydarzenia.interia.pl\/tematy-wot,gsbi,1214\" rel=\"nofollow noopener\" target=\"_blank\">WOT<\/a>&#8221; &#8211; przekaza\u0142 szef MON na platformie X.<\/p>\n<p class=\"typography ids-typeset-body ids-typeset-body--preset-large link paragraph ids-paragraph ids-paragraph--default\">Jak doda\u0142, \u017co\u0142nierze o\u015bmiu brygad OT, m.in. z Pomorza, Warmii i Mazur, \u015al\u0105ska, Ma\u0142opolski czy Kujaw, mog\u0105 otrzyma\u0107 wezwanie do jednostki nawet w ci\u0105gu sze\u015bciu godzin od og\u0142oszenia alarmu. To wyra\u017any sygna\u0142, \u017ce nadchodz\u0105ce dni mog\u0105 by\u0107 dla s\u0142u\u017cb wyj\u0105tkowo trudne.<\/p>\n<p class=\"typography ids-typeset-body ids-typeset-body--preset-large link paragraph ids-paragraph ids-paragraph--default\"><a href=\"https:\/\/wydarzenia.interia.pl\/tematy-rzadowe-centrum-bezpieczenstwa,gsbi,6472\" rel=\"nofollow noopener\" target=\"_blank\">Rz\u0105dowe Centrum Bezpiecze\u0144stwa<\/a> wys\u0142a\u0142o alerty\u00a0do mieszka\u0144c\u00f3w p\u00f3\u0142nocnej i po\u0142udniowej Polski. Ostrze\u017cenia dotycz\u0105 intensywnych opad\u00f3w \u015bniegu dzi\u015b i jutro (10-11 stycznia), a tak\u017ce\u00a0bardzo trudnych warunk\u00f3w na drogach i chodnikach. <a href=\"https:\/\/wydarzenia.interia.pl\/tematy-imgw,gsbi,2368\" rel=\"nofollow noopener\" target=\"_blank\">IMGW<\/a> wyda\u0142 natomiast seri\u0119 ostrze\u017ce\u0144 meteorologicznych, kt\u00f3re w cz\u0119\u015bci region\u00f3w obowi\u0105zuj\u0105 a\u017c do poniedzia\u0142ku.<\/p>\n<p class=\"typography ids-typeset-body ids-typeset-body--preset-large link paragraph ids-paragraph ids-paragraph--default\">Najpowa\u017cniejsza sytuacja prognozowana jest na\u00a0Pomorzu, Pomorzu Zachodnim, p\u00f3\u0142nocy Kujaw i Wielkopolski oraz w rejonach g\u00f3rskich. Na p\u00f3\u0142nocy miejscami obowi\u0105zuj\u0105 ostrze\u017cenia drugiego stopnia, a meteorolodzy nie wykluczaj\u0105 ich podniesienia nawet do najwy\u017cszego &#8211; trzeciego stopnia.<\/p>\n<p>Prognoza nie daje wytchnienia. \u015anieg, wichury i siarczysty mr\u00f3z<\/p>\n<p class=\"typography ids-typeset-body ids-typeset-body--preset-large link paragraph ids-paragraph ids-paragraph--default\">Skala zagro\u017cenia nie jest teoretyczna &#8211; najlepiej pokazuje to sytuacja w S\u0142upsku. Przez cztery dni spad\u0142o tam ponad p\u00f3\u0142 metra \u015bniegu, czego nie notowano od niemal 50 lat &#8211; podaje &#8222;Fakt&#8221;.<\/p>\n<p class=\"typography ids-typeset-body ids-typeset-body--preset-large link paragraph ids-paragraph ids-paragraph--default\">Ulice i chodniki zosta\u0142y zasypane, a miasto zmuszone do poproszenia o pomoc wojsko.<\/p>\n<p class=\"typography ids-typeset-body ids-typeset-body--preset-large link paragraph ids-paragraph ids-paragraph--default\">Do akcji wkroczyli\u00a0\u017co\u0142nierze 7. Pomorskiej Brygady Obrony Terytorialnej, wspierani przez ci\u0119\u017cki sprz\u0119t. &#8211; Dzia\u0142ania prowadzimy codziennie i b\u0119d\u0105 one kontynuowane tak d\u0142ugo, jak b\u0119dzie to konieczne &#8211; przekaza\u0142a ppor. Angelika Tatarewicz w rozmowie z portalem. Mieszka\u0144cy nie kryj\u0105 ulgi, podkre\u015blaj\u0105c, \u017ce bez wsparcia wojska miasto mog\u0142oby sobie nie poradzi\u0107.<\/p>\n<p class=\"typography ids-typeset-body ids-typeset-body--preset-large link paragraph ids-paragraph ids-paragraph--default\">Meteorolodzy ostrzegaj\u0105: to jeszcze nie koniec zimowej aury. W sobot\u0119 po po\u0142udniu i wieczorem\u00a0spodziewane s\u0105 kolejne opady \u015bniegu &#8211; na Pomorzu i wybrze\u017cu pokrywa mo\u017ce wzrosn\u0105\u0107 nawet o 6-8 cm. Wiatr na p\u00f3\u0142nocy kraju b\u0119dzie porywisty, nad morzem osi\u0105gaj\u0105c nawet 80 km\/h, co sprzyja\u0107 b\u0119dzie\u00a0zawiejom i zamieciom \u015bnie\u017cnym.<\/p>\n<p class=\"typography ids-typeset-body ids-typeset-body--preset-large link paragraph ids-paragraph ids-paragraph--default\">Noc z soboty na niedziel\u0119 przyniesie\u00a0kulminacj\u0119 trudnych warunk\u00f3w. Na p\u00f3\u0142nocy kraju prognozowany jest\u00a0przyrost pokrywy \u015bnie\u017cnej nawet o 10-15 cm, a lokalnie na Pomorzu Wschodnim do 20 cm.<\/p>\n<p class=\"typography ids-typeset-body ids-typeset-body--preset-large link paragraph ids-paragraph ids-paragraph--default\">Widzialno\u015b\u0107 w czasie intensywnych opad\u00f3w mo\u017ce spa\u015b\u0107 do 300 metr\u00f3w. Temperatura w wielu regionach spadnie poni\u017cej -15 st. C, a w rejonach podg\u00f3rskich <a href=\"https:\/\/wydarzenia.interia.pl\/tematy-karpaty,gsbi,4683\" rel=\"nofollow noopener\" target=\"_blank\">Karpat<\/a> nawet do -20 st. C.<\/p>\n<p>Niedziela pod znakiem zamieci i silnych poryw\u00f3w wiatru. &#8222;To b\u0119dzie ci\u0119\u017cki weekend&#8221;<\/p>\n<p class=\"typography ids-typeset-body ids-typeset-body--preset-large link paragraph ids-paragraph ids-paragraph--default\">W niedziel\u0119 nadal dominowa\u0107 b\u0119dzie du\u017ce zachmurzenie i okresowe, intensywne opady \u015bniegu. Na p\u00f3\u0142nocy kraju pokrywa \u015bnie\u017cna mo\u017ce zwi\u0119kszy\u0107 si\u0119 o kolejne 15 cm, a wysoko w Karpatach nawet o 20 cm.<\/p>\n<p class=\"typography ids-typeset-body ids-typeset-body--preset-large link paragraph ids-paragraph ids-paragraph--default\">Silny wiatr, szczeg\u00f3lnie na wybrze\u017cu i w g\u00f3rach, osi\u0105gnie w porywach do 85 km\/h, a w <a href=\"https:\/\/wydarzenia.interia.pl\/tematy-sudety,gsbi,5885\" rel=\"nofollow noopener\" target=\"_blank\">Sudetach<\/a> nawet do 110 km\/h, powoduj\u0105c niebezpieczne zamiecie.<\/p>\n<p class=\"typography ids-typeset-body ids-typeset-body--preset-large link paragraph ids-paragraph ids-paragraph--default\">Synoptycy nie maj\u0105 w\u0105tpliwo\u015bci: nadchodz\u0105ce dni b\u0119d\u0105 wyj\u0105tkowo wymagaj\u0105ce zar\u00f3wno dla mieszka\u0144c\u00f3w, jak i s\u0142u\u017cb ratunkowych.<\/p>\n<p class=\"typography ids-typeset-body ids-typeset-body--preset-large link paragraph ids-paragraph ids-paragraph--default\">Przyk\u0142ad S\u0142upska pokazuje, \u017ce lokalnie sytuacja mo\u017ce szybko wymkn\u0105\u0107 si\u0119 spod kontroli. Wojsko pozostaje w gotowo\u015bci, a s\u0142u\u017cby apeluj\u0105 o ostro\u017cno\u015b\u0107, ograniczenie podr\u00f3\u017cy i \u015bledzenie komunikat\u00f3w pogodowych. <a href=\"https:\/\/wydarzenia.interia.pl\/tematy-zima,gsbi,6469\" rel=\"nofollow noopener\" target=\"_blank\">Zima<\/a> pokaza\u0142a swoj\u0105 najsurowsz\u0105 twarz &#8211; i na razie nie zamierza odpu\u015bci\u0107.<\/p>\n<p>Sp\u00f3r o ambasador\u00f3w. Przydacz: Mo\u017cna si\u0119 dogada\u0107, tylko trzeba chcie\u0107Polsat NewsPolsat News<\/p>\n<p><a class=\"ids-undecorated-link source ids-page-info--source__link\" href=\"https:\/\/www.interia.pl\" rel=\"nofollow noopener\" target=\"_blank\"><img decoding=\"async\" class=\"ids-image-holder__img\" loading=\"lazy\" alt=\"\" title=\"\" height=\"24px\" src=\"https:\/\/www.europesays.com\/pl\/wp-content\/uploads\/2026\/01\/1767782590_880_0009A60QQ5I2TYF7-C202-F4.webp.webp\"\/><\/a><\/p>\n<p>Masz sugestie, uwagi albo widzisz b\u0142\u0105d? Napisz do nas<\/p>\n","protected":false},"excerpt":{"rendered":"Intensywne opady \u015bniegu, silny wiatr i mr\u00f3z parali\u017cuj\u0105 p\u00f3\u0142noc i po\u0142udnie Polski. Wojsko oraz s\u0142u\u017cby ratunkowe s\u0105 postawione&hellip;\n","protected":false},"author":2,"featured_media":198199,"comment_status":"","ping_status":"","sticky":false,"template":"","format":"standard","meta":{"footnotes":""},"categories":[12],"tags":[32,33,36,37,27,34,35,28,31,25,42,38,40,39,41,29,30,26],"class_list":{"0":"post-198198","1":"post","2":"type-post","3":"status-publish","4":"format-standard","5":"has-post-thumbnail","7":"category-polska","8":"tag-breaking-news","9":"tag-breakingnews","10":"tag-featured-news","11":"tag-featurednews","12":"tag-headlines","13":"tag-latest-news","14":"tag-latestnews","15":"tag-naglowki","16":"tag-najwazniejsze-artykuly","17":"tag-news","18":"tag-pl","19":"tag-poland","20":"tag-polish","21":"tag-polska","22":"tag-polski","23":"tag-top-stories","24":"tag-topstories","25":"tag-wiadomosci"},"share_on_mastodon":{"url":"https:\/\/pubeurope.com\/@pl\/115872258012643293","error":""},"_links":{"self":[{"href":"https:\/\/www.europesays.com\/pl\/wp-json\/wp\/v2\/posts\/198198","targetHints":{"allow":["GET"]}}],"collection":[{"href":"https:\/\/www.europesays.com\/pl\/wp-json\/wp\/v2\/posts"}],"about":[{"href":"https:\/\/www.europesays.com\/pl\/wp-json\/wp\/v2\/types\/post"}],"author":[{"embeddable":true,"href":"https:\/\/www.europesays.com\/pl\/wp-json\/wp\/v2\/users\/2"}],"replies":[{"embeddable":true,"href":"https:\/\/www.europesays.com\/pl\/wp-json\/wp\/v2\/comments?post=198198"}],"version-history":[{"count":0,"href":"https:\/\/www.europesays.com\/pl\/wp-json\/wp\/v2\/posts\/198198\/revisions"}],"wp:featuredmedia":[{"embeddable":true,"href":"https:\/\/www.europesays.com\/pl\/wp-json\/wp\/v2\/media\/198199"}],"wp:attachment":[{"href":"https:\/\/www.europesays.com\/pl\/wp-json\/wp\/v2\/media?parent=198198"}],"wp:term":[{"taxonomy":"category","embeddable":true,"href":"https:\/\/www.europesays.com\/pl\/wp-json\/wp\/v2\/categories?post=198198"},{"taxonomy":"post_tag","embeddable":true,"href":"https:\/\/www.europesays.com\/pl\/wp-json\/wp\/v2\/tags?post=198198"}],"curies":[{"name":"wp","href":"https:\/\/api.w.org\/{rel}","templated":true}]}}