{"id":198222,"date":"2026-01-10T18:53:06","date_gmt":"2026-01-10T18:53:06","guid":{"rendered":"https:\/\/www.europesays.com\/pl\/198222\/"},"modified":"2026-01-10T18:53:06","modified_gmt":"2026-01-10T18:53:06","slug":"wrze-po-decyzji-trenera-polakow-w-zakopanem-wszyscy-widzieli-jak-bylo","status":"publish","type":"post","link":"https:\/\/www.europesays.com\/pl\/198222\/","title":{"rendered":"Wrze po decyzji trenera Polak\u00f3w w Zakopanem. &#8222;Wszyscy widzieli, jak by\u0142o&#8221;"},"content":{"rendered":"<p class=\"Paragraph_desktopParagraph__Fd2e9\">Polacy w sobot\u0119 \u015bwi\u0119tuj\u0105 po podium w konkursie duet\u00f3w. Dawid Kubacki i Kacper Tomasiak wywalczyli trzecie miejsce na Wielkiej Krokwi, osi\u0105gaj\u0105c najwi\u0119kszy sukces polskich skoczk\u00f3w w obecnym sezonie Pucharu \u015awiata.<\/p>\n<p class=\"VideoPlayerText_videoPlayerText__zrtJk\">Dalszy ci\u0105g materia\u0142u pod wideo<\/p>\n<p class=\"Paragraph_desktopParagraph__Fd2e9\">Rafa\u0142 Kot nie ukrywa, \u017ce jest \u015bwietny dzie\u0144 dla Polak\u00f3w po ostatnich trudnych tygodniach. \u2014 Niew\u0105tpliwie jest to sukces. S\u0105 to zawody u nas w Zakopanem, przysz\u0142o mn\u00f3stwo kibic\u00f3w. Niekt\u00f3rzy malkontenci m\u00f3wi\u0105, \u017ce ci najlepsi nie przyjechali. Ale nawet bez tych najlepszych, jakby kto\u015b dzisiaj przed zawodami powiedzia\u0142, \u017ce b\u0119dziemy na podium, niewa\u017cne, \u017ce na tym najni\u017cszym miejscu, to by\u015bmy troszeczk\u0119 mogli nawet si\u0119 po czole popuka\u0107. <\/p>\n<p class=\"Paragraph_desktopParagraph__Fd2e9\">Uwa\u017cam, \u017ce jest to sukces i takiego nam trzeba by\u0142o, \u017ceby przed zbli\u017caj\u0105cymi si\u0119 igrzyskami da\u0107 jaki\u015b wewn\u0119trzny impuls naszej kadrze \u2014 przyzna\u0142 wiceprezes zarz\u0105du Polskiego Zwi\u0105zku Narciarskiego.<\/p>\n<p>Rafa\u0142 Kot: wszyscy wiedzieli, jak by\u0142o<\/p>\n<p class=\"Paragraph_desktopParagraph__Fd2e9\">Przed zawodami du\u017cych emocji dostarczy\u0142a decyzja Macieja Maciusiaka, kt\u00f3ry zdecydowa\u0142 si\u0119 wystawi\u0107 w Kubackiego i Tomasiaka. I cho\u0107 nie chcia\u0142 komentowa\u0107 tej sytuacji wprost, jasno da\u0142 do zrozumienia, \u017ce nie do ko\u0144ca zgadza si\u0119 z decyzj\u0105 trenera.<\/p>\n<p class=\"Paragraph_desktopParagraph__Fd2e9\">\u2014 Nie b\u0119d\u0119 tego komentowa\u0142. Wszyscy widzieli, jak by\u0142o, jak si\u0119 sta\u0142o. Ja bym tu m\u00f3g\u0142 by\u0107 odczytywany jako nieobiektywny. Wszyscy, z kt\u00f3rymi rozmawia\u0142em, maj\u0105 podobne zdanie jak ja. Ja nie b\u0119d\u0119 tego komentowa\u0142 \u2014 stwierdzi\u0142 Kot.<\/p>\n<p class=\"Paragraph_desktopParagraph__Fd2e9\">Konkursy w Zakopanem to tak\u017ce ostatnie zawody Pucharu \u015awiata w Polsce z udzia\u0142em Kamila Stocha. PZN nie przygotowuje jednak niczego z tej okazji. Rafa\u0142 Kot podkre\u015bla, \u017ce to nie jest odpowiedni moment na po\u017cegnanie trzykrotnego mistrza olimpijskiego. <\/p>\n<p class=\"Paragraph_desktopParagraph__Fd2e9\">\u2014 Chcia\u0142em stanowczo powiedzie\u0107, \u017ce my jako Polski Zwi\u0105zek Narciarski nie szykujemy nic, bo dla nas Kamil do ko\u0144ca sezonu jest naszym zawodnikiem i my nie mo\u017cemy go \u017cegna\u0107 przed najwa\u017cniejsz\u0105 imprez\u0105 sezonu, przed ko\u0144cem Pucharu \u015awiata, przed mistrzostwami \u015bwiata w lotach. Uwa\u017cam, \u017ce to by\u0142oby z naszej strony takie faux pas. Owszem, tu go kibice musz\u0105 po\u017cegna\u0107, bo b\u0119dzie to jego ostatni oficjalny konkurs tu. My jako PZN po\u017cegnamy go, prosz\u0119 wierzy\u0107, na pewno godnie, ale po sezonie \u2014 zako\u0144czy\u0142.<\/p>\n","protected":false},"excerpt":{"rendered":"Polacy w sobot\u0119 \u015bwi\u0119tuj\u0105 po podium w konkursie duet\u00f3w. Dawid Kubacki i Kacper Tomasiak wywalczyli trzecie miejsce na&hellip;\n","protected":false},"author":2,"featured_media":198223,"comment_status":"","ping_status":"","sticky":false,"template":"","format":"standard","meta":{"footnotes":""},"categories":[24],"tags":[67,549,42,38,40,39,41,136,128,30255,47,1874,127,135,126,1570],"class_list":{"0":"post-198222","1":"post","2":"type-post","3":"status-publish","4":"format-standard","5":"has-post-thumbnail","7":"category-sport","8":"tag-intextvideo_splayer","9":"tag-pber","10":"tag-pl","11":"tag-poland","12":"tag-polish","13":"tag-polska","14":"tag-polski","15":"tag-ps_detal_new","16":"tag-psv2","17":"tag-rafal_kot","18":"tag-screening_general","19":"tag-skoki_narciarskie","20":"tag-sport","21":"tag-sport_sport","22":"tag-sports","23":"tag-zakopane"},"share_on_mastodon":{"url":"https:\/\/pubeurope.com\/@pl\/115872320937729761","error":""},"_links":{"self":[{"href":"https:\/\/www.europesays.com\/pl\/wp-json\/wp\/v2\/posts\/198222","targetHints":{"allow":["GET"]}}],"collection":[{"href":"https:\/\/www.europesays.com\/pl\/wp-json\/wp\/v2\/posts"}],"about":[{"href":"https:\/\/www.europesays.com\/pl\/wp-json\/wp\/v2\/types\/post"}],"author":[{"embeddable":true,"href":"https:\/\/www.europesays.com\/pl\/wp-json\/wp\/v2\/users\/2"}],"replies":[{"embeddable":true,"href":"https:\/\/www.europesays.com\/pl\/wp-json\/wp\/v2\/comments?post=198222"}],"version-history":[{"count":0,"href":"https:\/\/www.europesays.com\/pl\/wp-json\/wp\/v2\/posts\/198222\/revisions"}],"wp:featuredmedia":[{"embeddable":true,"href":"https:\/\/www.europesays.com\/pl\/wp-json\/wp\/v2\/media\/198223"}],"wp:attachment":[{"href":"https:\/\/www.europesays.com\/pl\/wp-json\/wp\/v2\/media?parent=198222"}],"wp:term":[{"taxonomy":"category","embeddable":true,"href":"https:\/\/www.europesays.com\/pl\/wp-json\/wp\/v2\/categories?post=198222"},{"taxonomy":"post_tag","embeddable":true,"href":"https:\/\/www.europesays.com\/pl\/wp-json\/wp\/v2\/tags?post=198222"}],"curies":[{"name":"wp","href":"https:\/\/api.w.org\/{rel}","templated":true}]}}