{"id":198234,"date":"2026-01-10T19:04:09","date_gmt":"2026-01-10T19:04:09","guid":{"rendered":"https:\/\/www.europesays.com\/pl\/198234\/"},"modified":"2026-01-10T19:04:09","modified_gmt":"2026-01-10T19:04:09","slug":"nie-tylko-polska-wielkie-protesty-przeciw-mercosur-w-kolejnym-kraju","status":"publish","type":"post","link":"https:\/\/www.europesays.com\/pl\/198234\/","title":{"rendered":"Nie tylko Polska. Wielkie protesty przeciw Mercosur w kolejnym kraju"},"content":{"rendered":"<p data-section=\"detail-body\">&#8222;Nie dla UE-Mercosur&#8221; i &#8222;Wspierajmy irlandzkie rolnictwo&#8221; to has\u0142a umieszczone na transparentach przyczepionych do licznych traktor\u00f3w, kt\u00f3re zgromadzi\u0142y si\u0119 w Athlone. Po po\u0142udniu na tamtejszym oddziale politechniki TUS odb\u0119dzie si\u0119 wiec.<\/p>\n<p class=\"article_p\" data-section=\"detail-body\">Dalsza cz\u0119\u015b\u0107 artyku\u0142u znajduje si\u0119 pod materia\u0142em wideo<\/p>\n<p class=\"article_p\" data-section=\"detail-body\">Irlandia jest jednym z pi\u0119ciu pa\u0144stw cz\u0142onkowskich UE \u2014 obok Polski, Francji, Austrii i W\u0119gier \u2014 kt\u00f3re zag\u0142osowa\u0142y przeciwko zawarciu porozumienia. W ostatni pi\u0105tek umow\u0119 zatwierdzi\u0142y pa\u0144stwa UE. Proponowana umowa musi jednak jeszcze zosta\u0107 zatwierdzona przez Parlament Europejski.<\/p>\n<p class=\"article_p\" data-section=\"detail-body\">Irlandzcy hodowcy byd\u0142a obawiaj\u0105 si\u0119, \u017ce umowa zagrozi eksportowi ich wo\u0142owiny do Europy ze wzgl\u0119du na otwarcie rynku na ta\u0144sz\u0105 wo\u0142owin\u0119 z Brazylii.<\/p>\n<p>            Czytaj tak\u017ce w BUSINESS INSIDER<\/p>\n<p class=\"article_p\" data-section=\"detail-body\">Zobacz tak\u017ce: <a href=\"https:\/\/businessinsider.com.pl\/gospodarka\/rolnicy-obawiaja-sie-mercosuru-czy-slusznie\/ndcr1kh\" id=\"13ab52fd-9137-48d9-8f0f-75eca6209a57\" rel=\"nofollow noopener\" target=\"_blank\">Dlatego rolnicy obawiaj\u0105 si\u0119 Mercosuru. Ale czy maj\u0105 racj\u0119?<\/a><\/p>\n<p class=\"article_p\" data-section=\"detail-body\">Irlandzkie Stowarzyszenie Rolnik\u00f3w (IFA) uzna\u0142o zatwierdzenie umowy przez UE za &#8222;bardzo rozczarowuj\u0105ce&#8221; i wezwa\u0142o europarlamentarzyst\u00f3w do sprzeciwu. Z zadowoleniem przyj\u0119\u0142o natomiast decyzj\u0119 rz\u0105du Irlandii o g\u0142osowaniu przeciwko umowie, podkre\u015blaj\u0105c, \u017ce proponowane zabezpieczenia w dokumencie nie daj\u0105 gwarancji, \u017ce brazylijska wo\u0142owina b\u0119dzie spe\u0142nia\u0107 standardy UE.<\/p>\n<p>                    <img decoding=\"async\" loading=\"lazy\" class=\"article-image_container--img\" id=\"image_583c59c8-0498-48be-9487-b6ca71a1fae0\" alt=\"Protesty rolnik\u00f3w w Irlandii\" src=\"https:\/\/www.europesays.com\/pl\/wp-content\/uploads\/2026\/01\/DH2k9kpTURBXy8wYTU3NzNkNzk4NWQwYTMzZDA2ZjZjMzk5ZjIzZTdhMC5qcGeRkwLNA5gA3gACoTABoTEB.jpeg\"\/><\/p>\n<p>            Protesty rolnik\u00f3w w Irlandii<\/p>\n<p>                    |<br \/>\n                    GARETH CHANEY \/ East News<\/p>\n<p class=\"article_p\" data-section=\"detail-body\">&#8222;Nasi europos\u0142owie maj\u0105 teraz do odegrania kluczow\u0105 rol\u0119 w budowaniu sojuszy w swoich grupach parlamentarnych i w\u015br\u00f3d koleg\u00f3w z innych kraj\u00f3w, aby budowa\u0107 sprzeciw wobec umowy&#8221; \u2014 powiedzia\u0142 prezes IFA, Francie Gorman.<\/p>\n<p class=\"article_p\" data-section=\"detail-body\">Wicepremier i minister finans\u00f3w Irlandii Simon Harris zapowiedzia\u0142, \u017ce rz\u0105d nadal b\u0119dzie zg\u0142asza\u0142 swoje obawy i podkre\u015bli\u0142, \u017ce Komisja Europejska nie powinna przyjmowa\u0107 zgody europos\u0142\u00f3w za pewnik.<\/p>\n<p class=\"article_p\" data-section=\"detail-body\">Zobacz tak\u017ce: <a href=\"https:\/\/businessinsider.com.pl\/finanse\/umowa-ue-z-mercosurem-ameryka-poludniowa-w-euforii-wszyscy-wygrywamy\/ttt0dzz\" id=\"165866cc-53c4-4c8d-9592-8ab1f77bd46e\" rel=\"nofollow noopener\" target=\"_blank\">Kraje Mercosuru nie kryj\u0105 rado\u015bci. Posypa\u0142y si\u0119 wpisy. &#8222;Wszyscy wygrywamy&#8221;<\/a><\/p>\n","protected":false},"excerpt":{"rendered":"&#8222;Nie dla UE-Mercosur&#8221; i &#8222;Wspierajmy irlandzkie rolnictwo&#8221; to has\u0142a umieszczone na transparentach przyczepionych do licznych traktor\u00f3w, kt\u00f3re zgromadzi\u0142y&hellip;\n","protected":false},"author":2,"featured_media":198235,"comment_status":"","ping_status":"","sticky":false,"template":"","format":"standard","meta":{"footnotes":""},"categories":[14],"tags":[32,33,27,34,35,28,31,25,40,41,80,29,30,26,82,83,84],"class_list":{"0":"post-198234","1":"post","2":"type-post","3":"status-publish","4":"format-standard","5":"has-post-thumbnail","7":"category-swiat","8":"tag-breaking-news","9":"tag-breakingnews","10":"tag-headlines","11":"tag-latest-news","12":"tag-latestnews","13":"tag-naglowki","14":"tag-najwazniejsze-artykuly","15":"tag-news","16":"tag-polish","17":"tag-polski","18":"tag-swiat","19":"tag-top-stories","20":"tag-topstories","21":"tag-wiadomosci","22":"tag-world","23":"tag-world-news","24":"tag-worldnews"},"share_on_mastodon":{"url":"https:\/\/pubeurope.com\/@pl\/115872364357235881","error":""},"_links":{"self":[{"href":"https:\/\/www.europesays.com\/pl\/wp-json\/wp\/v2\/posts\/198234","targetHints":{"allow":["GET"]}}],"collection":[{"href":"https:\/\/www.europesays.com\/pl\/wp-json\/wp\/v2\/posts"}],"about":[{"href":"https:\/\/www.europesays.com\/pl\/wp-json\/wp\/v2\/types\/post"}],"author":[{"embeddable":true,"href":"https:\/\/www.europesays.com\/pl\/wp-json\/wp\/v2\/users\/2"}],"replies":[{"embeddable":true,"href":"https:\/\/www.europesays.com\/pl\/wp-json\/wp\/v2\/comments?post=198234"}],"version-history":[{"count":0,"href":"https:\/\/www.europesays.com\/pl\/wp-json\/wp\/v2\/posts\/198234\/revisions"}],"wp:featuredmedia":[{"embeddable":true,"href":"https:\/\/www.europesays.com\/pl\/wp-json\/wp\/v2\/media\/198235"}],"wp:attachment":[{"href":"https:\/\/www.europesays.com\/pl\/wp-json\/wp\/v2\/media?parent=198234"}],"wp:term":[{"taxonomy":"category","embeddable":true,"href":"https:\/\/www.europesays.com\/pl\/wp-json\/wp\/v2\/categories?post=198234"},{"taxonomy":"post_tag","embeddable":true,"href":"https:\/\/www.europesays.com\/pl\/wp-json\/wp\/v2\/tags?post=198234"}],"curies":[{"name":"wp","href":"https:\/\/api.w.org\/{rel}","templated":true}]}}