{"id":198238,"date":"2026-01-10T19:06:07","date_gmt":"2026-01-10T19:06:07","guid":{"rendered":"https:\/\/www.europesays.com\/pl\/198238\/"},"modified":"2026-01-10T19:06:07","modified_gmt":"2026-01-10T19:06:07","slug":"slowacja-i-usa-podpisza-umowe-o-wspolpracy-przy-nowym-reaktorze-jadrowym","status":"publish","type":"post","link":"https:\/\/www.europesays.com\/pl\/198238\/","title":{"rendered":"S\u0142owacja i USA podpisz\u0105 umow\u0119 o wsp\u00f3\u0142pracy przy nowym reaktorze j\u0105drowym"},"content":{"rendered":"<p>S\u0142owacja podejmuje kolejny krok w\u00a0kierunku rozwoju energetyki j\u0105drowej dzi\u0119ki wsp\u00f3\u0142pracy ze Stanami Zjednoczonymi. Jak poinformowa\u0142 premier Robert Fico, w\u00a0pi\u0105tek w\u00a0Waszyngtonie zostanie podpisana umowa, kt\u00f3ra dotyczy <a href=\"https:\/\/www.money.pl\/gospodarka\/projekt-reaktora-atomowego-dla-polski-gotowy-firma-ujawnia-szczegoly-7158659306289856a.html\" rel=\"noopener noreferrer nofollow\" target=\"_blank\">budowy nowego reaktora<\/a> na terenie istniej\u0105cej elektrowni w\u00a0Jaslovskich Bohunicach.<\/p>\n<p>&#8211; Wsp\u00f3\u0142pracuj\u0105c z\u00a0ameryka\u0144skimi partnerami, chcemy zbudowa\u0107 na terenie istniej\u0105cej elektrowni atomowej w\u00a0Jaslovskich Bohunicach nowy, ogromny blok, kt\u00f3ry b\u0119dzie w\u00a0ca\u0142o\u015bci nale\u017ce\u0107 do pa\u0144stwa &#8211;\u00a0powiedzia\u0142 Fico dziennikarzom.<\/p>\n<p>Zaplanowany reaktor b\u0119dzie mia\u0142 moc prawie 1200 MW, co znacz\u0105co przewy\u017csza moc wcze\u015bniejszych blok\u00f3w istniej\u0105cych na S\u0142owacji, obs\u0142ugiwanych przez Slovenske Elektrarne. Informacje o\u00a0planach nawi\u0105zania wsp\u00f3\u0142pracy premier Fico przekaza\u0142 ju\u017c w\u00a0ubieg\u0142ym roku, po otrzymaniu zaproszenia do Stan\u00f3w Zjednoczonych od <a href=\"https:\/\/www.money.pl\/gospodarka\/nowy-pomysl-trumpa-wezwal-do-limitu-oprocentowania-kart-kredytowych-apeluje-7241957097667072a.html\" rel=\"noopener noreferrer nofollow\" target=\"_blank\">ameryka\u0144skiego prezydenta Donalda Trumpa<\/a>.<\/p>\n<p>W Sejmie o\u00a0dzia\u0142aniach Trumpa. &#8222;Warto gra\u0107 na\u00a0wielu fortepianiach&#8221; <\/p>\n<p>Pomimo tego, \u017ce rz\u0105d zatwierdzi\u0142 plany budowy nowego bloku przed rokiem, wycofano si\u0119 z\u00a0og\u0142oszenia przetargu na dostawc\u0119 technologii. Projekt budowy ma zosta\u0107 powierzony <a href=\"https:\/\/www.money.pl\/gospodarka\/polski-atom-moze-kosztowac-mniej-niz-zakladano-prezes-pej-zaskoczyl-7220950089444224a.html\" rel=\"noopener noreferrer nofollow\" target=\"_blank\">ameryka\u0144skiej firmie Westinghouse<\/a>. W\u0105tpliwo\u015bci wok\u00f3\u0142 decyzji rz\u0105du zg\u0142asza opozycja, wskazuj\u0105c koszty budowy szacowane na 15 mld euro.<\/p>\n<p>Obecnie w\u00a0Jaslovskich Bohunicach dzia\u0142aj\u0105 dwa zmodernizowane bloki o\u00a0mocy 500 MW ka\u017cdy, kt\u00f3re po modernizacji w\u00a0latach 2005-2006, maj\u0105 dzia\u0142a\u0107 przez najbli\u017csze 40 lat. W\u00a0ca\u0142ej S\u0142owacji dzia\u0142aj\u0105 r\u00f3wnie\u017c trzy bloki w\u00a0Mochovcach, z\u00a0kt\u00f3rych trzeci zacz\u0105\u0142 dzia\u0142a\u0107 w\u00a02023 roku, a\u00a0czwarty ma by\u0107 uruchamiany po testach na koniec bie\u017c\u0105cego roku.<\/p>\n","protected":false},"excerpt":{"rendered":"S\u0142owacja podejmuje kolejny krok w\u00a0kierunku rozwoju energetyki j\u0105drowej dzi\u0119ki wsp\u00f3\u0142pracy ze Stanami Zjednoczonymi. Jak poinformowa\u0142 premier Robert Fico,&hellip;\n","protected":false},"author":2,"featured_media":198239,"comment_status":"","ping_status":"","sticky":false,"template":"","format":"standard","meta":{"footnotes":""},"categories":[5],"tags":[32,33,36,37,27,34,35,28,31,25,42,38,40,39,41,29,30,26],"class_list":{"0":"post-198238","1":"post","2":"type-post","3":"status-publish","4":"format-standard","5":"has-post-thumbnail","7":"category-naglowki","8":"tag-breaking-news","9":"tag-breakingnews","10":"tag-featured-news","11":"tag-featurednews","12":"tag-headlines","13":"tag-latest-news","14":"tag-latestnews","15":"tag-naglowki","16":"tag-najwazniejsze-artykuly","17":"tag-news","18":"tag-pl","19":"tag-poland","20":"tag-polish","21":"tag-polska","22":"tag-polski","23":"tag-top-stories","24":"tag-topstories","25":"tag-wiadomosci"},"share_on_mastodon":{"url":"https:\/\/pubeurope.com\/@pl\/115872372060501420","error":""},"_links":{"self":[{"href":"https:\/\/www.europesays.com\/pl\/wp-json\/wp\/v2\/posts\/198238","targetHints":{"allow":["GET"]}}],"collection":[{"href":"https:\/\/www.europesays.com\/pl\/wp-json\/wp\/v2\/posts"}],"about":[{"href":"https:\/\/www.europesays.com\/pl\/wp-json\/wp\/v2\/types\/post"}],"author":[{"embeddable":true,"href":"https:\/\/www.europesays.com\/pl\/wp-json\/wp\/v2\/users\/2"}],"replies":[{"embeddable":true,"href":"https:\/\/www.europesays.com\/pl\/wp-json\/wp\/v2\/comments?post=198238"}],"version-history":[{"count":0,"href":"https:\/\/www.europesays.com\/pl\/wp-json\/wp\/v2\/posts\/198238\/revisions"}],"wp:featuredmedia":[{"embeddable":true,"href":"https:\/\/www.europesays.com\/pl\/wp-json\/wp\/v2\/media\/198239"}],"wp:attachment":[{"href":"https:\/\/www.europesays.com\/pl\/wp-json\/wp\/v2\/media?parent=198238"}],"wp:term":[{"taxonomy":"category","embeddable":true,"href":"https:\/\/www.europesays.com\/pl\/wp-json\/wp\/v2\/categories?post=198238"},{"taxonomy":"post_tag","embeddable":true,"href":"https:\/\/www.europesays.com\/pl\/wp-json\/wp\/v2\/tags?post=198238"}],"curies":[{"name":"wp","href":"https:\/\/api.w.org\/{rel}","templated":true}]}}