{"id":198287,"date":"2026-01-10T19:51:08","date_gmt":"2026-01-10T19:51:08","guid":{"rendered":"https:\/\/www.europesays.com\/pl\/198287\/"},"modified":"2026-01-10T19:51:08","modified_gmt":"2026-01-10T19:51:08","slug":"lexar-thor-z-rgb-zapowiedz-budzetowych-pamieci-ram-ddr5-o-predkosci-6000-mt-s-i-pojemnosci-32-gb-na-targach-ces-2026","status":"publish","type":"post","link":"https:\/\/www.europesays.com\/pl\/198287\/","title":{"rendered":"Lexar THOR Z RGB &#8211; zapowied\u017a bud\u017cetowych pami\u0119ci RAM DDR5 o pr\u0119dko\u015bci 6000 MT\/s i pojemno\u015bci 32 GB na targach CES 2026"},"content":{"rendered":"<p><img decoding=\"async\" class=\"teaserfoto\" src=\"https:\/\/www.europesays.com\/pl\/wp-content\/uploads\/2026\/01\/49507.png\" alt=\"Lexar THOR Z RGB - zapowied\u017a bud\u017cetowych pami\u0119ci RAM DDR5 o pr\u0119dko\u015bci 6000 MT\/s i pojemno\u015bci 32 GB na targach CES 2026\"\/>Lexar to ameryka\u0144ski producent znany g\u0142\u00f3wnie z wytwarzania pami\u0119ci operacyjnej i masowej, oferuj\u0105cej korzystny stosunek ceny do wydajno\u015bci &#8211; w normalnych warunkach rynkowych, a nie w realiach trwaj\u0105cego w 2026 roku kryzysu pami\u0119ci flash. Podczas targ\u00f3w CES 2026 firma zaprezentowa\u0142a bud\u017cetow\u0105 seri\u0119 pami\u0119ci RAM DDR5 THOR Z RGB, przeznaczon\u0105 zar\u00f3wno dla platform Intela (XMP), jak i AMD (EXPO). Sprawd\u017amy zatem, co maj\u0105 do zaoferowania te modu\u0142y.<\/p>\n<p>Lexar zapowiedzia\u0142 na targach CES 2026 modu\u0142y pami\u0119ci z serii THOR Z RGB o pr\u0119dko\u015bci 6000 MT\/s, dost\u0119pne w zestawie o pojemno\u015bci 32 GB (2x 16 GB). Pami\u0119ci oferuj\u0105 dwa profile &#8211; XMP oraz EXPO z op\u00f3\u017anieniami o CL38 i CL36.<\/p>\n<p><a class=\"colorbox\" href=\"https:\/\/www.purepc.pl\/image\/news\/2026\/01\/10_lexar_thor_z_rgb_zapowiedz_budzetowych_pamieci_ram_ddr5_o_predkosci_6000_mt_s_i_pojemnosci_32_gb_na_targach_ces_2026_0_b.jpg\" rel=\"nofollow noopener\" target=\"_blank\"><img decoding=\"async\" src=\"https:\/\/www.europesays.com\/pl\/wp-content\/uploads\/2026\/01\/10_lexar_thor_z_rgb_zapowiedz_budzetowych_pamieci_ram_ddr5_o_predkosci_6000_mt_s_i_pojemnosci_32_gb_.jpeg\" alt=\"Lexar THOR Z RGB - zapowied\u017a bud\u017cetowych pami\u0119ci RAM DDR5 o pr\u0119dko\u015bci 6000 MT\/s i pojemno\u015bci 32 GB na targach CES 2026 [1]\"\/><\/a><\/p>\n<p><a title=\"Pami\u0119\u0107 RAM DDR5 za droga? Stw\u00f3rz taniej swoj\u0105 w\u0142asn\u0105! Ciekawe rozwi\u0105zanie, kt\u00f3re wymaga troch\u0119 czasu i umiej\u0119tno\u015bci lutowania\" href=\"https:\/\/www.purepc.pl\/wlasna-pamiec-ram-ddr5-diy-samsung-aliexpress\" rel=\"nofollow noopener\" target=\"_blank\">Pami\u0119\u0107 RAM DDR5 za droga? Stw\u00f3rz taniej swoj\u0105 w\u0142asn\u0105! Ciekawe rozwi\u0105zanie, kt\u00f3re wymaga troch\u0119 czasu i umiej\u0119tno\u015bci lutowania<\/a><\/p>\n<p>Na targach <a href=\"https:\/\/www.purepc.pl\/tagi\/CES-2026\" target=\"_blank\" rel=\"nofollow noopener\">CES 2026<\/a> niewielu producent\u00f3w zdecydowa\u0142o si\u0119 zaprezentowa\u0107 nowo\u015bci z zakresu pami\u0119ci RAM, a ci, kt\u00f3rzy to zrobili, skupili si\u0119 g\u0142\u00f3wnie na rozwi\u0105zaniach bud\u017cetowych. Taki stan rzeczy jest bezpo\u015brednio zwi\u0105zany z trwaj\u0105cym kryzysem na rynku pami\u0119ci operacyjnej. Do tego grona nale\u017cy Lexar, kt\u00f3ry zaprezentowa\u0142 od\u015bwie\u017con\u0105 seri\u0119 <a href=\"https:\/\/www.purepc.pl\/lexar-thor-oc-nowa-seria-nordycka-dobrze-wyceniona-pamiec-ram-ddr5-ddr4\" target=\"_blank\" rel=\"nofollow noopener\">THOR<\/a> z dopiskiem Z RGB, oferuj\u0105c\u0105 transfery na poziomie 6000 MT\/s oraz dwa profile: EXPO dla procesor\u00f3w <a href=\"https:\/\/www.purepc.pl\/tagi\/Ryzen-7000\" target=\"_blank\" rel=\"nofollow noopener\">AMD Ryzen 7000<\/a> i <a href=\"https:\/\/www.purepc.pl\/tagi\/Ryzen-9000\" target=\"_blank\" rel=\"nofollow noopener\">9000<\/a> oraz XMP 3.0 dla jednostek <a href=\"https:\/\/www.purepc.pl\/tagi\/Core-Ultra-200K\" target=\"_blank\" rel=\"nofollow noopener\">Intel Core Ultra 200K<\/a>, a tak\u017ce Intel Core 13. i 14. generacji. Producent poinformowa\u0142 o dw\u00f3ch konfiguracjach op\u00f3\u017anie\u0144: CL38-48-48-96 przy napi\u0119ciu 1,35 V oraz CL36-40-40-96 przy napi\u0119ciu 1,4 V.<\/p>\n<p><a class=\"colorbox\" href=\"https:\/\/www.purepc.pl\/image\/news\/2026\/01\/10_lexar_thor_z_rgb_zapowiedz_budzetowych_pamieci_ram_ddr5_o_predkosci_6000_mt_s_i_pojemnosci_32_gb_na_targach_ces_2026_1_b.jpg\" rel=\"nofollow noopener\" target=\"_blank\"><img decoding=\"async\" src=\"https:\/\/www.europesays.com\/pl\/wp-content\/uploads\/2026\/01\/1768074668_566_10_lexar_thor_z_rgb_zapowiedz_budzetowych_pamieci_ram_ddr5_o_predkosci_6000_mt_s_i_pojemnosci_32_gb_.jpeg\" alt=\"Lexar THOR Z RGB - zapowied\u017a bud\u017cetowych pami\u0119ci RAM DDR5 o pr\u0119dko\u015bci 6000 MT\/s i pojemno\u015bci 32 GB na targach CES 2026 [2]\"\/><\/a><\/p>\n<p><a title=\"Laptopy oraz smartfony w 2026 roku mog\u0105 debiutowa\u0107 z wyra\u017anie mniejsz\u0105 ilo\u015bci\u0105 pami\u0119ci RAM. To skutek panuj\u0105cego kryzysu\" href=\"https:\/\/www.purepc.pl\/kryzys-na-rynku-pamieci-ram-laptop-smartfon\" rel=\"nofollow noopener\" target=\"_blank\">Laptopy oraz smartfony w 2026 roku mog\u0105 debiutowa\u0107 z wyra\u017anie mniejsz\u0105 ilo\u015bci\u0105 pami\u0119ci RAM. To skutek panuj\u0105cego kryzysu<\/a><\/p>\n<p><a href=\"https:\/\/www.purepc.pl\/tagi\/lexar\" target=\"_blank\" rel=\"nofollow noopener\">Lexar<\/a> w materia\u0142ach promocyjnych podkre\u015bla smuk\u0142y, minimalistyczny design aluminiowych radiator\u00f3w oraz ja\u015bniejsze pod\u015bwietlenie RGB, kt\u00f3rym mo\u017cna zarz\u0105dza\u0107 za pomoc\u0105 popularnego oprogramowania do synchronizacji pod\u015bwietlenia p\u0142yt g\u0142\u00f3wnych, takiego jak ASRock Polychrome SYNC, ASUS AURA SYNC, GIGABYTE RGB FUSION 2.0 czy MSI Mystic Light SYNC. Producent nie ujawni\u0142 jeszcze ceny ani daty dost\u0119pno\u015bci zestawu THOR Z RGB DDR5 o pojemno\u015bci 32 GB, jednak mo\u017cna spodziewa\u0107 si\u0119, \u017ce trafi on na rynek w cenie rz\u0119du kilkunastu setek z\u0142otych.<\/p>\n<p><a class=\"colorbox\" href=\"https:\/\/www.purepc.pl\/image\/news\/2026\/01\/10_lexar_thor_z_rgb_zapowiedz_budzetowych_pamieci_ram_ddr5_o_predkosci_6000_mt_s_i_pojemnosci_32_gb_na_targach_ces_2026_2_b.png\" rel=\"nofollow noopener\" target=\"_blank\"><img decoding=\"async\" src=\"https:\/\/www.europesays.com\/pl\/wp-content\/uploads\/2026\/01\/10_lexar_thor_z_rgb_zapowiedz_budzetowych_pamieci_ram_ddr5_o_predkosci_6000_mt_s_i_pojemnosci_32_gb_.png\" alt=\"Lexar THOR Z RGB - zapowied\u017a bud\u017cetowych pami\u0119ci RAM DDR5 o pr\u0119dko\u015bci 6000 MT\/s i pojemno\u015bci 32 GB na targach CES 2026 [3]\"\/><\/a><\/p>\n<p>\u0179r\u00f3d\u0142o: Lexar<\/p>\n","protected":false},"excerpt":{"rendered":"Lexar to ameryka\u0144ski producent znany g\u0142\u00f3wnie z wytwarzania pami\u0119ci operacyjnej i masowej, oferuj\u0105cej korzystny stosunek ceny do wydajno\u015bci&hellip;\n","protected":false},"author":2,"featured_media":198288,"comment_status":"","ping_status":"","sticky":false,"template":"","format":"standard","meta":{"footnotes":""},"categories":[20],"tags":[22153,37840,7667,32065,399,33523,120,118,119,3863,42,38,40,39,41,28379,37842,116,114,115,329,121,117,38265,38266,2721],"class_list":{"0":"post-198287","1":"post","2":"type-post","3":"status-publish","4":"format-standard","5":"has-post-thumbnail","7":"category-nauka-i-technika","8":"tag-ces-2026","9":"tag-core-ultra-200k","10":"tag-ddr5","11":"tag-expo","12":"tag-informacje","13":"tag-lexar","14":"tag-nauka","15":"tag-nauka-i-technika","16":"tag-naukatechnika","17":"tag-pamiec-ram","18":"tag-pl","19":"tag-poland","20":"tag-polish","21":"tag-polska","22":"tag-polski","23":"tag-rgb","24":"tag-ryzen-9000","25":"tag-science","26":"tag-science-and-technology","27":"tag-sciencetechnology","28":"tag-specyfikacja","29":"tag-technika","30":"tag-technology","31":"tag-thor","32":"tag-xmp-3-0","33":"tag-zapowiedz"},"share_on_mastodon":{"url":"https:\/\/pubeurope.com\/@pl\/115872549052125990","error":""},"_links":{"self":[{"href":"https:\/\/www.europesays.com\/pl\/wp-json\/wp\/v2\/posts\/198287","targetHints":{"allow":["GET"]}}],"collection":[{"href":"https:\/\/www.europesays.com\/pl\/wp-json\/wp\/v2\/posts"}],"about":[{"href":"https:\/\/www.europesays.com\/pl\/wp-json\/wp\/v2\/types\/post"}],"author":[{"embeddable":true,"href":"https:\/\/www.europesays.com\/pl\/wp-json\/wp\/v2\/users\/2"}],"replies":[{"embeddable":true,"href":"https:\/\/www.europesays.com\/pl\/wp-json\/wp\/v2\/comments?post=198287"}],"version-history":[{"count":0,"href":"https:\/\/www.europesays.com\/pl\/wp-json\/wp\/v2\/posts\/198287\/revisions"}],"wp:featuredmedia":[{"embeddable":true,"href":"https:\/\/www.europesays.com\/pl\/wp-json\/wp\/v2\/media\/198288"}],"wp:attachment":[{"href":"https:\/\/www.europesays.com\/pl\/wp-json\/wp\/v2\/media?parent=198287"}],"wp:term":[{"taxonomy":"category","embeddable":true,"href":"https:\/\/www.europesays.com\/pl\/wp-json\/wp\/v2\/categories?post=198287"},{"taxonomy":"post_tag","embeddable":true,"href":"https:\/\/www.europesays.com\/pl\/wp-json\/wp\/v2\/tags?post=198287"}],"curies":[{"name":"wp","href":"https:\/\/api.w.org\/{rel}","templated":true}]}}